{"id":19878,"date":"2025-03-10T17:55:50","date_gmt":"2025-03-10T20:55:50","guid":{"rendered":"http:\/\/atitudenoticias.com.br\/?p=19878"},"modified":"2025-03-10T17:55:50","modified_gmt":"2025-03-10T20:55:50","slug":"bahia-promove-4a-conferencia-estadual-do-meio-ambiente","status":"publish","type":"post","link":"https:\/\/atitudenoticias.com.br\/?p=19878","title":{"rendered":"Bahia promove 4\u00aa Confer\u00eancia Estadual do Meio Ambiente"},"content":{"rendered":"\n<p class=\"wp-block-paragraph\"><\/p>\n\n\n\n<p class=\"wp-block-paragraph\">O Centro de Cultura Crist\u00e3 da Bahia (CECBA) ser\u00e1 palco da 4\u00aa Confer\u00eancia Estadual do Meio Ambiente (CEMA), promovida pela Secretaria do Meio Ambiente (Sema), que acontece nesta ter\u00e7a (11) e quarta-feira (12), em Salvador. Com o tema &#8220;Emerg\u00eancia Clim\u00e1tica: o desafio da transforma\u00e7\u00e3o ecol\u00f3gica&#8221;, o evento reunir\u00e1 representantes da sociedade civil, poder p\u00fablico, setor empresarial e entidades ambientais para debater estrat\u00e9gias e solu\u00e7\u00f5es voltadas \u00e0 crise clim\u00e1tica e ao fortalecimento das pol\u00edticas ambientais no estado.<\/p>\n\n\n\n<p class=\"wp-block-paragraph\">No primeiro dia, a programa\u00e7\u00e3o inicia com a palestra &#8220;Emerg\u00eancia Clim\u00e1tica: O Desafio da Transforma\u00e7\u00e3o Ecol\u00f3gica&#8221;, que abordar\u00e1 os impactos das mudan\u00e7as clim\u00e1ticas e as urg\u00eancias na ado\u00e7\u00e3o de pr\u00e1ticas sustent\u00e1veis. Em seguida, os participantes ser\u00e3o distribu\u00eddos em grupos tem\u00e1ticos para discutir os principais desafios e caminhos dentro de cinco eixos estrat\u00e9gicos, sendo eles: Mitiga\u00e7\u00e3o; Adapta\u00e7\u00e3o e Prepara\u00e7\u00e3o para Desastres; &nbsp;Transforma\u00e7\u00e3o Ecol\u00f3gica; Justi\u00e7a Clim\u00e1tica; Governan\u00e7a e Educa\u00e7\u00e3o Ambiental.<\/p>\n\n\n\n<p class=\"wp-block-paragraph\">Na quarta-feira (12), os debates dar\u00e3o lugar \u00e0 apresenta\u00e7\u00e3o das propostas e manifesta\u00e7\u00f5es constru\u00eddas pelos grupos. No per\u00edodo da tarde, ser\u00e1 realizada a sistematiza\u00e7\u00e3o e prioriza\u00e7\u00e3o das quatro principais propostas de cada eixo tem\u00e1tico. Al\u00e9m disso, ocorrer\u00e1 a elei\u00e7\u00e3o de 60 delegados que representar\u00e3o a Bahia na 5\u00aa Confer\u00eancia Nacional do Meio Ambiente (CNMA), nos dias 06 e 09 de maio, em Bras\u00edlia (DF), etapa fundamental para o fortalecimento das pol\u00edticas ambientais em n\u00edvel nacional.<\/p>\n\n\n\n<p class=\"wp-block-paragraph\">O secret\u00e1rio da Sema, Eduardo Mendon\u00e7a Sodr\u00e9 Martins, refor\u00e7ou que a 4\u00aa CEMA \u00e9 um espa\u00e7o essencial para a constru\u00e7\u00e3o de pol\u00edticas ambientais mais eficazes e alinhadas com os desafios da emerg\u00eancia clim\u00e1tica. \u201cPrecisamos fortalecer o di\u00e1logo entre sociedade civil, setor produtivo e poder p\u00fablico para avan\u00e7armos em solu\u00e7\u00f5es concretas que promovam a transforma\u00e7\u00e3o ecol\u00f3gica e a justi\u00e7a clim\u00e1tica. As decis\u00f5es que ser\u00e3o tomadas nestes dois dias de evento v\u00e3o contribuir diretamente para a agenda ambiental da Bahia e para nossa participa\u00e7\u00e3o na etapa nacional da CNMA\u201d, afirmou o gestor da pasta ambiental.<\/p>\n\n\n\n<p class=\"wp-block-paragraph\">Desde outubro de 2023, a Sema promoveu um amplo di\u00e1logo sobre as quest\u00f5es ambientais, com a realiza\u00e7\u00e3o de 23 confer\u00eancias intermunicipais e 13 municipais, envolvendo mais de tr\u00eas mil pessoas de 318 munic\u00edpios baianos. Al\u00e9m disso, mais de 100 confer\u00eancias livres foram organizadas por cooperativas, associa\u00e7\u00f5es, institui\u00e7\u00f5es educacionais e outras entidades da sociedade civil.<\/p>\n\n\n\n<p class=\"wp-block-paragraph\">A programa\u00e7\u00e3o completa e mais informa\u00e7\u00f5es sobre o evento podem ser obtidas no site da Sema.<\/p>\n\n\n\n<p class=\"wp-block-paragraph\"><strong>SERVI\u00c7O:<\/strong><\/p>\n\n\n\n<p class=\"wp-block-paragraph\"><strong>O QU\u00ca:<\/strong>&nbsp;4\u00aa Confer\u00eancia Estadual do Meio Ambiente &#8211; CEMA<\/p>\n\n\n\n<p class=\"wp-block-paragraph\"><strong>QUANDO:<\/strong>&nbsp;11 e 12 de mar\u00e7o<\/p>\n\n\n\n<p class=\"wp-block-paragraph\"><strong>ONDE:&nbsp;<\/strong>CECBA, rua Dr. Augusto Lopes Pontes, 262 &#8211; Costa Azul, Salvador &#8211; BA<\/p>\n\n\n\n<p class=\"wp-block-paragraph\"><strong>CREDENCIAMENTO:<\/strong>&nbsp;8H<\/p>\n\n\n\n<p class=\"wp-block-paragraph\"><strong>MAIS INFORMA\u00c7\u00d5ES:<\/strong>&nbsp;<a href=\"http:\/\/www.sema.ba.gov.br\/\" target=\"_blank\" rel=\"noreferrer noopener\">www.sema.ba.gov.br<\/a><\/p>\n\n\n\n<p class=\"wp-block-paragraph\"><strong><em>Ascom\/Sema<\/em><\/strong><\/p>\n","protected":false},"excerpt":{"rendered":"<p>O Centro de Cultura Crist\u00e3 da Bahia (CECBA) ser\u00e1 palco da 4\u00aa Confer\u00eancia Estadual do&hellip;<\/p>\n","protected":false},"author":2,"featured_media":19879,"comment_status":"open","ping_status":"open","sticky":false,"template":"","format":"standard","meta":{"footnotes":""},"categories":[22,71],"tags":[],"class_list":["post-19878","post","type-post","status-publish","format-standard","has-post-thumbnail","hentry","category-bahia","category-meio-ambiente"],"_links":{"self":[{"href":"https:\/\/atitudenoticias.com.br\/index.php?rest_route=\/wp\/v2\/posts\/19878","targetHints":{"allow":["GET"]}}],"collection":[{"href":"https:\/\/atitudenoticias.com.br\/index.php?rest_route=\/wp\/v2\/posts"}],"about":[{"href":"https:\/\/atitudenoticias.com.br\/index.php?rest_route=\/wp\/v2\/types\/post"}],"author":[{"embeddable":true,"href":"https:\/\/atitudenoticias.com.br\/index.php?rest_route=\/wp\/v2\/users\/2"}],"replies":[{"embeddable":true,"href":"https:\/\/atitudenoticias.com.br\/index.php?rest_route=%2Fwp%2Fv2%2Fcomments&post=19878"}],"version-history":[{"count":1,"href":"https:\/\/atitudenoticias.com.br\/index.php?rest_route=\/wp\/v2\/posts\/19878\/revisions"}],"predecessor-version":[{"id":19880,"href":"https:\/\/atitudenoticias.com.br\/index.php?rest_route=\/wp\/v2\/posts\/19878\/revisions\/19880"}],"wp:featuredmedia":[{"embeddable":true,"href":"https:\/\/atitudenoticias.com.br\/index.php?rest_route=\/wp\/v2\/media\/19879"}],"wp:attachment":[{"href":"https:\/\/atitudenoticias.com.br\/index.php?rest_route=%2Fwp%2Fv2%2Fmedia&parent=19878"}],"wp:term":[{"taxonomy":"category","embeddable":true,"href":"https:\/\/atitudenoticias.com.br\/index.php?rest_route=%2Fwp%2Fv2%2Fcategories&post=19878"},{"taxonomy":"post_tag","embeddable":true,"href":"https:\/\/atitudenoticias.com.br\/index.php?rest_route=%2Fwp%2Fv2%2Ftags&post=19878"}],"curies":[{"name":"wp","href":"https:\/\/api.w.org\/{rel}","templated":true}]}}