{"id":1991,"date":"2022-06-11T17:11:10","date_gmt":"2022-06-11T17:11:10","guid":{"rendered":"http:\/\/atitudenoticias.com.br\/?p=1991"},"modified":"2022-06-11T17:14:54","modified_gmt":"2022-06-11T17:14:54","slug":"e-doce-viver-no-mar-familia-baiana-vende-casa-e-decide-morar-num-veleiro","status":"publish","type":"post","link":"https:\/\/atitudenoticias.com.br\/?p=1991","title":{"rendered":"Fam\u00edlia baiana vende casa e decide morar num veleiro"},"content":{"rendered":"\n<p class=\"has-medium-font-size\"><strong><em>Em plena pandemia, Daniel, Ana e os filhos Heitor e Catarina Cerchiari realizam o sonho de viver embarcados. Pr\u00f3ximo objetivo \u00e9 ganhar o mundo<\/em><\/strong><\/p>\n\n\n\n<p>Quatro vezes ao dia o mar muda, entre mar\u00e9s altas e baixas. E para acompanhar esse balan\u00e7o cotidiano, quatro membros de uma fam\u00edlia baiana apostaram numa ruptura, se mudando para l\u00e1. Ap\u00f3s anos em terra firme, com uma casa bonita no Litoral Norte, o casal soteropolitano Daniel e Ana Carolina Cerchiari decidiu vender tudo que n\u00e3o cabia na nova moradia \u2013 um pequeno mas aconchegante veleiro de 40 p\u00e9s chamado Kashiri \u2013 e passar a construir um \u2018lar doce mar\u2019 com os filhos Heitor, de 8 anos, e Catarina, de 2, na Ba\u00eda de Todos-os-Santos. H\u00e1 oito meses, em plena pandemia, o sonho da fam\u00edlia Cerchiari flutua pr\u00f3ximo ao cais, e em breve vai ganhar os quatro cantos do mundo.<\/p>\n\n\n\n<p>\u201cN\u00e3o se trata de uma mudan\u00e7a de casa, mas de uma filosofia de vida. A sociedade coloca a gente num caminho comum a todos e esquecemos de realizar nossos verdadeiros sonhos e metas de vida. Seguimos um fluxo de consumir, gastar e ganhar dinheiro. Ser\u00e1 que \u00e9 o sonho de todos? Temos que buscar a vida que queremos, n\u00e3o o que a sociedade imp\u00f5e como certa. Decidimos seguir o caminho que tra\u00e7amos. O primeiro passo foi dado, estamos morando a bordo. Foi uma etapa para algo ainda maior, que \u00e9 rodar o mundo sem data para o retorno\u201d, disse Daniel, arquiteto de 38 anos. &nbsp;<\/p>\n\n\n\n<p>A pandemia criou uma legi\u00e3o de pessoas que decidiram seguir seus sonhos em meio ao futuro incerto. A consultoria global Oliver Wyman fez uma pesquisa em 2021 sobre o desejo de mudar de vida por conta deste momento incerto. Dez pa\u00edses fizeram parte da pesquisa, incluindo o Brasil, onde 44% dos brasileiros admitiram repensar a vida que levavam antes deste caos. No caso da fam\u00edlia n\u00e1utica, este momento turbulento do mundo foi apenas uma maneira de adiantar uma vontade antiga, que ambos j\u00e1 sonhavam h\u00e1 20 anos, quando se conheceram num cursinho pr\u00e9-vestibular.\u00a0<\/p>\n\n\n\n<figure class=\"wp-block-image size-full\"><img fetchpriority=\"high\" decoding=\"async\" width=\"750\" height=\"500\" src=\"http:\/\/atitudenoticias.com.br\/wp-content\/uploads\/2022\/06\/csm_Criancas_24fb75b04e.jpeg\" alt=\"\" class=\"wp-image-1993\" srcset=\"https:\/\/atitudenoticias.com.br\/wp-content\/uploads\/2022\/06\/csm_Criancas_24fb75b04e.jpeg 750w, https:\/\/atitudenoticias.com.br\/wp-content\/uploads\/2022\/06\/csm_Criancas_24fb75b04e-300x200.jpeg 300w, https:\/\/atitudenoticias.com.br\/wp-content\/uploads\/2022\/06\/csm_Criancas_24fb75b04e-585x390.jpeg 585w, https:\/\/atitudenoticias.com.br\/wp-content\/uploads\/2022\/06\/csm_Criancas_24fb75b04e-263x175.jpeg 263w\" sizes=\"(max-width: 750px) 100vw, 750px\" \/><\/figure>\n\n\n\n<p>O pai de Daniel, M\u00e1rio Cerchiari, sempre foi a inspira\u00e7\u00e3o e quem introduziu este sonho no casal. H\u00e1 tr\u00eas anos ele faleceu, mas sempre teve paix\u00e3o pelo mar, tinha barco, competia e deixou o primeiro veleiro para o casal, que j\u00e1 est\u00e1 no terceiro, a embarca\u00e7\u00e3o argentina German Frers, de 40 p\u00e9s. \u201cJ\u00e1 t\u00ednhamos este planejamento, a pandemia apenas deu o empurr\u00e3ozinho. Iria acontecer de qualquer jeito. &nbsp;Mas est\u00e1 muito claro que a pandemia deu um &#8216;boom&#8217; na vida n\u00e1utica. O valor do barco disparou, mais que dobrou neste per\u00edodo, sem contar as pe\u00e7as e manuten\u00e7\u00e3o. Tamb\u00e9m n\u00e3o se acha mais barco para comprar, pois a demanda aumentou mais que a oferta. Tem gente que at\u00e9 tenta comprar no exterior, mas est\u00e1 escasso em todo mundo\u201d, garante Daniel.&nbsp;<\/p>\n\n\n\n<p>A fam\u00edlia segue uma rotina natural, como qualquer outra. Daniel \u00e9 arquiteto e trabalha normalmente, assim como Ana, fisioterapeuta de 37 anos. Heitor estuda numa escola de Lauro de Freitas e Catarina \u00e9 a que se sente mais em casa com o cheiro do mar. \u201cEla nasceu em abril, um m\u00eas depois do in\u00edcio da pandemia. Veio pequena morar no barco. \u00c9 mais estranho para ela morar em terra firme do que no barco. Muita gente fica, \u2018meu deus, essa menina n\u00e3o cai no mar?\u2019. Eu dou risada. Ela \u00e9 t\u00e3o adaptada que n\u00e3o corre este risco. Claro, estamos sempre olhando, pois se trata de uma crian\u00e7a pequena. Qualquer crian\u00e7a precisa ser assistida, seja na terra ou no mar\u201d, garante Ana. Catarina faz nata\u00e7\u00e3o, para garantir.&nbsp;<\/p>\n\n\n\n<p>O lar da fam\u00edlia \u00e9 compacto, mas bem dividido&nbsp;e confort\u00e1vel. Na parte interna da embarca\u00e7\u00e3o, o quarto das crian\u00e7as fica na proa do barco, com desenhos colados na parede, brinquedos e tudo que um quarto infantil tem. Na popa ficam o quarto do casal e o banheiro. A cozinha, como num flat, divide espa\u00e7o com a sala de estar, que abriga uma televis\u00e3o que quase n\u00e3o \u00e9 ligada, al\u00e9m da muda de uma planta Jib\u00f3ia, a \u00fanica heran\u00e7a da antiga casa de praia que tinham em Busca Vida, Litoral Norte. &nbsp;<\/p>\n\n\n\n<figure class=\"wp-block-image size-full\"><img decoding=\"async\" width=\"750\" height=\"500\" src=\"http:\/\/atitudenoticias.com.br\/wp-content\/uploads\/2022\/06\/csm_Familia_579bea297c.jpeg\" alt=\"\" class=\"wp-image-1994\" srcset=\"https:\/\/atitudenoticias.com.br\/wp-content\/uploads\/2022\/06\/csm_Familia_579bea297c.jpeg 750w, https:\/\/atitudenoticias.com.br\/wp-content\/uploads\/2022\/06\/csm_Familia_579bea297c-300x200.jpeg 300w, https:\/\/atitudenoticias.com.br\/wp-content\/uploads\/2022\/06\/csm_Familia_579bea297c-585x390.jpeg 585w, https:\/\/atitudenoticias.com.br\/wp-content\/uploads\/2022\/06\/csm_Familia_579bea297c-263x175.jpeg 263w\" sizes=\"(max-width: 750px) 100vw, 750px\" \/><\/figure>\n\n\n\n<p>\u201c\u00c9 at\u00e9 engra\u00e7ado. Compramos nosso terreno antes de casar, constru\u00edmos nossa casa no condom\u00ednio Busca Vida, mas assim que ficou pronta vendemos para ir atr\u00e1s desse sonho. Daniel queria trazer todas as plantas que ele tinha no nosso jardim. S\u00f3 deixei de trazer uma\u201d, lembra Ana. Na p\u00e1gina do casal no Instagram \u00e9 poss\u00edvel ver todo o processo de mudan\u00e7a, al\u00e9m de acompanhar seu dia a dia (@familiacerchiari).<\/p>\n\n\n\n<p>Ao contr\u00e1rio do que parece, a vida dentro de uma embarca\u00e7\u00e3o \u00e9 divertida para as crian\u00e7as tamb\u00e9m. Eles est\u00e3o atracados no Aratu Iate Clube, onde s\u00e3o s\u00f3cios. Catarina brinca o dia inteiro, para ela o barco \u00e9 um parque de divers\u00e3o. Como a pesca \u00e9 proibida no lugar, enormes cardumes de tainhas e sardinhas circulam calmamente ao redor do barco, ganhando risos dela.&nbsp;<\/p>\n\n\n\n<p>Heitor tamb\u00e9m tira onda. Passou a ser o garoto mais popular e descolado da escola. Os amigos imploram para passar uma tarde na casa dele. \u201cUma vez convidamos todos. Imagine este veleiro com mais de dez crian\u00e7as pulando, subindo, correndo, foi uma loucura. De barco virou casa, de casa virou um parque de divers\u00e3o. Foi muito legal essa experi\u00eancia, mas foi o maior problema para os pais levarem embora. Os pais tamb\u00e9m ficaram encantados. Ningu\u00e9m queria ir. Esta parte rom\u00e2ntica \u00e9 linda, mas tamb\u00e9m temos nossos perrengues. Como qualquer casa, n\u00e9?\u201d, completa Ana.&nbsp;<\/p>\n\n\n\n<p>Os perrengues n\u00e3o tiram o romantismo do lugar, mas tamb\u00e9m \u00e9 necess\u00e1rio&nbsp;muita disposi\u00e7\u00e3o. O veleiro tem dois tanques de \u00e1gua que servem para tudo no lar. Por isso, nada de banho demorado. Os pratos s\u00e3o lavados com \u00e1gua salgada, principalmente quando est\u00e3o viajando. Tamb\u00e9m n\u00e3o se pode esquecer de travar as coisas. L\u00e1, at\u00e9 a plantinha de Daniel \u00e9 travada por conta do balan\u00e7o do mar.&nbsp;<\/p>\n\n\n\n<p>\u201c\u00c1gua, energia, lixo, tudo precisa ser regrado. O melhor disso \u00e9 saber que nossos filhos possuem uma consci\u00eancia sustent\u00e1vel desde cedo. Uma vez, no meio da Ba\u00eda de Todos-os-Santos, acabou a \u00e1gua. A sorte \u00e9 que choveu e captamos \u00e1gua da chuva para o banho. Tem vezes que sa\u00edmos para passear e s\u00f3 lembramos de travar as coisas quando tudo come\u00e7a a cair\u201d, lembra Ana. Eles ainda possuem o apoio de familiares em terra firme, que ajudam nas compras e em outros processos dom\u00e9sticos, como lavar roupa.&nbsp;<\/p>\n\n\n\n<p>Nos per\u00edodos de chuva, por incr\u00edvel que pare\u00e7a, quem est\u00e1 em terra firme sofre muito mais que eles, principalmente as comunidades localizadas em encostas. O barco tem uma ac\u00fastica quase perfeita, o que n\u00e3o d\u00e1 para escutar barulhos de temporais. Ele tamb\u00e9m consegue se manter est\u00e1vel, mesmo quando h\u00e1&nbsp;um movimento mais agitado da mar\u00e9. Sem contar que mora nas \u00e1guas calmas da Ba\u00eda de Todos-os-Santos. \u201cTem vezes que me ligam preocupados com a chuva e eu pergunto: \u2018que chuva?\u2019. Aqui dentro quase n\u00e3o d\u00e1 para saber se est\u00e1 chovendo. \u00c0s vezes o pau est\u00e1 quebrando l\u00e1 fora e a gente nem sabe\u201d, lembra Ana.&nbsp;<\/p>\n\n\n\n<p>Uma vez, inclusive, eles perceberam um agito diferente no mar e Daniel resolveu ir l\u00e1 fora para ver. \u201cS\u00f3 quando subi percebi o quanto chovia e o mar estava agitado. Nosso veleiro inclusive estava em cima do cais. Neste caso precisei me molhar para ajustar a amarra\u00e7\u00e3o e colocar a embarca\u00e7\u00e3o de volta ao mar\u201d, lembra Daniel. \u201cN\u00f3s somos privilegiados. Veleiros chegam de todo mundo aqui e ficam encantados. N\u00e3o temos ventanias, mar\u00e9 agitada, \u00e9 tudo calmo. Todos ficam encantados. Talvez n\u00e3o exista um porto t\u00e3o est\u00e1vel como o nosso no mundo inteiro. \u00c9 uma pena que a moradia n\u00e1utica n\u00e3o tenha se tornado comum num&nbsp;pa\u00eds t\u00e3o rico\u201d, completa.&nbsp;<\/p>\n\n\n\n<p>Curiosamente, a moradia a bordo \u00e9 considerada como domic\u00edlio improvisado e n\u00e3o fixo, pelo menos para as pesquisas sobre moradia do IBGE, impossibilitando um n\u00famero mais claro de pessoas que decidiram morar em embarca\u00e7\u00f5es. Este tipo de moradia tamb\u00e9m \u00e9 considerada n\u00f4made. Para morar em uma embarca\u00e7\u00e3o, n\u00e3o \u00e9 preciso nenhum tipo de licen\u00e7a, segundo a Marinha do Brasil, tampouco pagar IPTU. \u00c9 preciso apenas licen\u00e7a de navega\u00e7\u00e3o e embarca\u00e7\u00e3o devidamente registrada.&nbsp;<\/p>\n\n\n\n<p>Mesmo sem pesquisas sobre esta moradia n\u00e1utica, outros dados mostram o quanto este estilo de vida tem sido procurado com mais frequ\u00eancia. Segundo estimativa da Associa\u00e7\u00e3o Brasileira dos Construtores de Barcos e seus Implementos (Acobar), durante a pandemia houve um crescimento de 20% no mercado n\u00e1utico. No Aratu Iate Clube, onde o barco da fam\u00edlia fica atracado, um novo p\u00eder est\u00e1 sendo constru\u00eddo para atender o crescimento da demanda. &nbsp;Por\u00e9m, n\u00e3o basta mudar. \u00c9 preciso tamb\u00e9m ter muita disposi\u00e7\u00e3o.&nbsp;<\/p>\n\n\n\n<p>\u201cTodo mundo acaba enxergando apenas o lado rom\u00e2ntico, mas tem que saber que existe um lado que nem todo mundo tem disposi\u00e7\u00e3o para encarar. Voc\u00ea ter\u00e1 um espa\u00e7o pequeno para morar, muitas vezes sem conforto, recursos limitados e outros aspectos que podem fazer uma pessoa desistir. O mar \u00e9 seletivo, n\u00e3o permite qualquer um. Vejo muita gente vindo e indo com a mesma velocidade, pois n\u00e3o se adapta. N\u00e3o \u00e9 uma mudan\u00e7a de casa. \u00c9 uma mudan\u00e7a de estilo de vida\u201d, diz Daniel.&nbsp;<\/p>\n\n\n\n<p>O casal d\u00e1 v\u00e1rios exemplos de outras pessoas que decidiram seguir o caminho deles, mas n\u00e3o duraram muito tempo. Outras tr\u00eas fam\u00edlias moram no Aratu Iate Clube, mas s\u00e3o aposentados e com filhos criados. A maioria chega\u00a0no local na quinta e passa\u00a0o fim de semana, deixando o lar da fam\u00edlia mais parecido com um final de semana em terra firme. Mas isto tem prazo para terminar.\u00a0<\/p>\n\n\n\n<p>Para os Cerchiari, se mudar para o barco foi apenas uma fase completada para uma miss\u00e3o ainda maior: i\u00e7ar velas e levantar \u00e2ncora. A pretens\u00e3o \u00e9, em pelo menos quatro anos, conhecer o mundo sem prazo de retorno. Para isto, a rotina de uma vida tradicional ainda precisa ser seguida com disciplina. Daniel e os filhos possuem cidadania italiana, enquanto Ana tem portuguesa. Isso j\u00e1 facilita na hora de entrar em \u00e1guas internacionais.<\/p>\n\n\n\n<figure class=\"wp-block-image size-full\"><img decoding=\"async\" width=\"667\" height=\"1000\" src=\"http:\/\/atitudenoticias.com.br\/wp-content\/uploads\/2022\/06\/csm_brincadeira_236fd70b7c.jpeg\" alt=\"\" class=\"wp-image-1995\" srcset=\"https:\/\/atitudenoticias.com.br\/wp-content\/uploads\/2022\/06\/csm_brincadeira_236fd70b7c.jpeg 667w, https:\/\/atitudenoticias.com.br\/wp-content\/uploads\/2022\/06\/csm_brincadeira_236fd70b7c-200x300.jpeg 200w, https:\/\/atitudenoticias.com.br\/wp-content\/uploads\/2022\/06\/csm_brincadeira_236fd70b7c-585x877.jpeg 585w\" sizes=\"(max-width: 667px) 100vw, 667px\" \/><\/figure>\n\n\n\n<p>\u201cAinda precisamos de alguns anos para desvincular definitivamente da rotina terrestre, pois a prepara\u00e7\u00e3o financeira \u00e9 o calo do projeto. \u00c9 preciso muito planejamento e prepara\u00e7\u00e3o financeira, pois n\u00e3o queremos voltar\u201d, avisa Daniel, que pretende conhecer o mundo. O casal inclusive est\u00e1 se preparando para o crescimento das crian\u00e7as a&nbsp;bordo. Eles, al\u00e9m de pais, ser\u00e3o professores quando sa\u00edrem sem data de retorno, no m\u00e9todo homeschooling. Especialistas pedem cuidado sobre esta mudan\u00e7a t\u00e3o repentina nas crian\u00e7as, principalmente com a falta de contato com pessoas da mesma idade.<\/p>\n\n\n\n<p>\u201cUma decis\u00e3o como essa implica planejamento e bastante cuidado e quando h\u00e1 crian\u00e7as o cuidado precisa ser redobrado, mas tamb\u00e9m pode trazer valiosas experi\u00eancias culturais e relacionais &nbsp; para pais e filhos, desde que sejam tomadas as medidas que preservem o desenvolvimento das crian\u00e7as\u201d, disse Tatiana Santos, psicanalista especialista em inf\u00e2ncia e adolesc\u00eancia. O casal assegura que est\u00e1 tomando todos os cuidados com a prepara\u00e7\u00e3o.&nbsp;<\/p>\n\n\n\n<p>O veleiro tamb\u00e9m precisa de ajustes para se manter tanto tempo em alto mar. Um deles, por exemplo, \u00e9 um dessalinizador, que pode custar um carro zero. \u201cSe a pessoa pretende morar num barco, \u00e9 preciso pensar na embarca\u00e7\u00e3o como uma casa, n\u00e3o como um autom\u00f3vel, por exemplo\u201d, avisa Daniel. Um veleiro voltado para moradia varia entre R$ 300 mil e R$ 2 milh\u00f5es. Uma casa, de fato. O pre\u00e7o, assim como nas casas, varia de acordo com o conforto e equipamentos instalados nele.&nbsp;<\/p>\n\n\n\n<p>Enquanto esta fam\u00edlia n\u00e1utica n\u00e3o levanta \u00e2ncora e cai no mundo, eles matam a gente de inveja. Nos finais de semana, eles n\u00e3o precisam enfrentar um engarrafamento para passar um domingo na praia. S\u00f3 precisam i\u00e7ar as velas e dar um pulinho na Ilha de Mar\u00e9, por exemplo. Em cada passeio \u00e9 uma nova descoberta, golfinhos, peixes pulando no barco e at\u00e9 araras pousando no veleiro. Se algu\u00e9m ainda tiver a aud\u00e1cia de perguntar \u00e0 fam\u00edlia Cerchiari se eles se arrependem da escolha, certamente eles v\u00e3o responder com uma m\u00fasica de Caymmi: \u201cA onda do mar leva, a onda do mar traz. Quem vem pra beira da praia, meu bem, n\u00e3o volta nunca mais\u2026\u201d.\u00a0  &#8211; (Reportagem: Moys\u00e9s Suzart &#8211; Fotos: Nara Gentil) <\/p>\n","protected":false},"excerpt":{"rendered":"<p>Em plena pandemia, Daniel, Ana e os filhos Heitor e Catarina Cerchiari realizam o sonho&hellip;<\/p>\n","protected":false},"author":2,"featured_media":1992,"comment_status":"open","ping_status":"open","sticky":false,"template":"","format":"standard","meta":{"footnotes":""},"categories":[22],"tags":[],"class_list":["post-1991","post","type-post","status-publish","format-standard","has-post-thumbnail","hentry","category-bahia"],"_links":{"self":[{"href":"https:\/\/atitudenoticias.com.br\/index.php?rest_route=\/wp\/v2\/posts\/1991","targetHints":{"allow":["GET"]}}],"collection":[{"href":"https:\/\/atitudenoticias.com.br\/index.php?rest_route=\/wp\/v2\/posts"}],"about":[{"href":"https:\/\/atitudenoticias.com.br\/index.php?rest_route=\/wp\/v2\/types\/post"}],"author":[{"embeddable":true,"href":"https:\/\/atitudenoticias.com.br\/index.php?rest_route=\/wp\/v2\/users\/2"}],"replies":[{"embeddable":true,"href":"https:\/\/atitudenoticias.com.br\/index.php?rest_route=%2Fwp%2Fv2%2Fcomments&post=1991"}],"version-history":[{"count":2,"href":"https:\/\/atitudenoticias.com.br\/index.php?rest_route=\/wp\/v2\/posts\/1991\/revisions"}],"predecessor-version":[{"id":2000,"href":"https:\/\/atitudenoticias.com.br\/index.php?rest_route=\/wp\/v2\/posts\/1991\/revisions\/2000"}],"wp:featuredmedia":[{"embeddable":true,"href":"https:\/\/atitudenoticias.com.br\/index.php?rest_route=\/wp\/v2\/media\/1992"}],"wp:attachment":[{"href":"https:\/\/atitudenoticias.com.br\/index.php?rest_route=%2Fwp%2Fv2%2Fmedia&parent=1991"}],"wp:term":[{"taxonomy":"category","embeddable":true,"href":"https:\/\/atitudenoticias.com.br\/index.php?rest_route=%2Fwp%2Fv2%2Fcategories&post=1991"},{"taxonomy":"post_tag","embeddable":true,"href":"https:\/\/atitudenoticias.com.br\/index.php?rest_route=%2Fwp%2Fv2%2Ftags&post=1991"}],"curies":[{"name":"wp","href":"https:\/\/api.w.org\/{rel}","templated":true}]}}