{"id":19958,"date":"2025-03-17T13:43:24","date_gmt":"2025-03-17T16:43:24","guid":{"rendered":"http:\/\/atitudenoticias.com.br\/?p=19958"},"modified":"2025-03-17T13:43:25","modified_gmt":"2025-03-17T16:43:25","slug":"feira-conectada-ultrapassa-a-marca-de-100-mil-cidadaos-cadastrados","status":"publish","type":"post","link":"https:\/\/atitudenoticias.com.br\/?p=19958","title":{"rendered":"Feira Conectada ultrapassa a marca de 100 mil cidad\u00e3os cadastrados"},"content":{"rendered":"\n<p class=\"has-text-align-center wp-block-paragraph\"><em><strong>Por meio da ferramenta, considerada eficiente, o interessado pode contatar v\u00e1rios setores e pedir servi\u00e7os<\/strong><\/em><\/p>\n\n\n\n<p class=\"wp-block-paragraph\">Com pouco mais de cem mil cidad\u00e3os cadastrados, o aplicativo Feira Conectada est\u00e1 consolidado como uma importante ferramenta de intera\u00e7\u00e3o entre a administra\u00e7\u00e3o municipal de Feira de Santana e os moradores da cidade.<\/p>\n\n\n\n<p class=\"wp-block-paragraph\">Ao longo dos \u00faltimos meses, o aplicativo se tornou fundamental para a aproxima\u00e7\u00e3o das pessoas interessadas em solicitar ou indicar a necessidade de realiza\u00e7\u00e3o de servi\u00e7os p\u00fablicos.<\/p>\n\n\n\n<p class=\"wp-block-paragraph\">Por meio da ferramenta, considerada eficiente, o interessado pode contatar v\u00e1rios setores e pedir servi\u00e7os em aproximadamente 200 \u00e1reas ou informar problemas estruturais urbanos e cobrar solu\u00e7\u00f5es.<\/p>\n\n\n\n<p class=\"wp-block-paragraph\">Oferece comodidade e ganho de tempo ao cidad\u00e3o, pois, por exemplo, ao usar um telefone celular, \u00e9 poss\u00edvel agendar uma consulta ou exame sem sair de casa.<\/p>\n\n\n\n<p class=\"wp-block-paragraph\">Por meio de intelig\u00eancia artificial, o Feira Conectada compila informa\u00e7\u00f5es que indicam os problemas mais reclamados pelos cidad\u00e3os, oferecendo, assim, aos gestores a oportunidade de conhecer e tra\u00e7ar estrat\u00e9gias para resolv\u00ea-los.<\/p>\n\n\n\n<p class=\"wp-block-paragraph\">Para utilizar a ferramenta, o interessado dever\u00e1 baix\u00e1-la nas plataformas Android e iOS e se cadastrar, informando os documentos solicitados e o endere\u00e7o.<\/p>\n\n\n\n<p class=\"wp-block-paragraph\"><em><strong>(SECOM\/PMFS &#8211; Foto Izinaldo Barreto)<\/strong><\/em><\/p>\n","protected":false},"excerpt":{"rendered":"<p>Por meio da ferramenta, considerada eficiente, o interessado pode contatar v\u00e1rios setores e pedir servi\u00e7os&hellip;<\/p>\n","protected":false},"author":2,"featured_media":19959,"comment_status":"open","ping_status":"open","sticky":false,"template":"","format":"standard","meta":{"footnotes":""},"categories":[58,34],"tags":[],"class_list":["post-19958","post","type-post","status-publish","format-standard","has-post-thumbnail","hentry","category-feira-de-santana","category-tecnologia"],"_links":{"self":[{"href":"https:\/\/atitudenoticias.com.br\/index.php?rest_route=\/wp\/v2\/posts\/19958","targetHints":{"allow":["GET"]}}],"collection":[{"href":"https:\/\/atitudenoticias.com.br\/index.php?rest_route=\/wp\/v2\/posts"}],"about":[{"href":"https:\/\/atitudenoticias.com.br\/index.php?rest_route=\/wp\/v2\/types\/post"}],"author":[{"embeddable":true,"href":"https:\/\/atitudenoticias.com.br\/index.php?rest_route=\/wp\/v2\/users\/2"}],"replies":[{"embeddable":true,"href":"https:\/\/atitudenoticias.com.br\/index.php?rest_route=%2Fwp%2Fv2%2Fcomments&post=19958"}],"version-history":[{"count":1,"href":"https:\/\/atitudenoticias.com.br\/index.php?rest_route=\/wp\/v2\/posts\/19958\/revisions"}],"predecessor-version":[{"id":19960,"href":"https:\/\/atitudenoticias.com.br\/index.php?rest_route=\/wp\/v2\/posts\/19958\/revisions\/19960"}],"wp:featuredmedia":[{"embeddable":true,"href":"https:\/\/atitudenoticias.com.br\/index.php?rest_route=\/wp\/v2\/media\/19959"}],"wp:attachment":[{"href":"https:\/\/atitudenoticias.com.br\/index.php?rest_route=%2Fwp%2Fv2%2Fmedia&parent=19958"}],"wp:term":[{"taxonomy":"category","embeddable":true,"href":"https:\/\/atitudenoticias.com.br\/index.php?rest_route=%2Fwp%2Fv2%2Fcategories&post=19958"},{"taxonomy":"post_tag","embeddable":true,"href":"https:\/\/atitudenoticias.com.br\/index.php?rest_route=%2Fwp%2Fv2%2Ftags&post=19958"}],"curies":[{"name":"wp","href":"https:\/\/api.w.org\/{rel}","templated":true}]}}