{"id":19978,"date":"2025-03-18T00:02:53","date_gmt":"2025-03-18T03:02:53","guid":{"rendered":"http:\/\/atitudenoticias.com.br\/?p=19978"},"modified":"2025-03-18T00:08:11","modified_gmt":"2025-03-18T03:08:11","slug":"mais-medicos-saude-anuncia-22-mil-novas-vagas-e-cadastro-reserva","status":"publish","type":"post","link":"https:\/\/atitudenoticias.com.br\/?p=19978","title":{"rendered":"Mais M\u00e9dicos: Sa\u00fade anuncia 2,2 mil novas vagas e cadastro reserva"},"content":{"rendered":"\n<p class=\"has-text-align-center\"><em><strong>Profissionais ir\u00e3o atender em \u00e1reas vulner\u00e1veis e de dif\u00edcil acesso<\/strong><\/em><\/p>\n\n\n\n<p>O&nbsp;<strong>Minist\u00e9rio da Sa\u00fade anunciou nesta segunda-feira (17) novo edital para a contrata\u00e7\u00e3o de 2.279 profissionais pelo Programa Mais M\u00e9dicos<\/strong>. Segundo a pasta,&nbsp;<strong>as vagas ser\u00e3o disponibilizadas para&nbsp;4.771 munic\u00edpios<\/strong>.<img decoding=\"async\" src=\"https:\/\/agenciabrasil.ebc.com.br\/ebc.png?id=1634853&amp;o=node\"><img decoding=\"async\" src=\"https:\/\/agenciabrasil.ebc.com.br\/ebc.gif?id=1634853&amp;o=node\"><\/p>\n\n\n\n<p>Em entrevista \u00e0&nbsp;imprensa, o ministro da Sa\u00fade, Alexandre Padilha, destacou que, com o preenchimento das novas vagas, o&nbsp;<strong>programa passar\u00e1 a contar com mais de 28 mil profissionais<\/strong>.<\/p>\n\n\n\n<p>Os m\u00e9dicos atuam em equipes de Sa\u00fade da Fam\u00edlia&nbsp;e, quando necess\u00e1rio, encaminham o paciente para um especialista.<\/p>\n\n\n\n<p>\u201cAumenta muito a capacidade de resolver os problemas de sa\u00fade na aten\u00e7\u00e3o prim\u00e1ria\u201d, avaliou Padilha.<\/p>\n\n\n\n<blockquote class=\"wp-block-quote is-layout-flow wp-block-quote-is-layout-flow\">\n<p>\u201cEvid\u00eancias e estudos mostram que a presen\u00e7a desse m\u00e9dico reduziu o encaminhamento para a aten\u00e7\u00e3o especializada\u201d, completou.<\/p>\n<\/blockquote>\n\n\n\n<p>Do total de munic\u00edpios que v\u00e3o receber m\u00e9dicos a partir do novo edital, que&nbsp;<strong>prioriza regi\u00f5es de maior vulnerabilidade e \u00e1reas de dif\u00edcil acesso, 1.296 cidades ter\u00e3o vagas imediatas e 3.475 poder\u00e3o manifestar interesse e ter amplia\u00e7\u00e3o de profissionais<\/strong>.<\/p>\n\n\n\n<p>A regi\u00e3o da Amaz\u00f4nia Legal ser\u00e1 contemplada com 473 vagas em 709 cidades.<\/p>\n\n\n\n<p>Para aderir,<strong>&nbsp;gestores de estados e munic\u00edpios devem se inscrever por meio do sistema e-Gestor at\u00e9 24 de mar\u00e7o<\/strong>, com resultado previsto para 8 de abril.<\/p>\n\n\n\n<p>Est\u00e3o previstas vagas profissionais&nbsp;negros, quilombolas, ind\u00edgenas e pessoas com defici\u00eancia.<\/p>\n\n\n\n<h2 class=\"wp-block-heading\">Prontu\u00e1rio eletr\u00f4nico<\/h2>\n\n\n\n<p>Ainda segundo a pasta,&nbsp;<strong>o uso do prontu\u00e1rio eletr\u00f4nico do Sistema \u00danico de Sa\u00fade (SUS), conhecido como e-SUS APS, por profissionais do Mais M\u00e9dicos deve auxiliar na redu\u00e7\u00e3o do tempo de espera por atendimento m\u00e9dico especializado<\/strong>.<\/p>\n\n\n\n<p>O documento \u00e9 gratuito e, de acordo com o minist\u00e9rio, acelera a integra\u00e7\u00e3o do acesso \u00e0s informa\u00e7\u00f5es do paciente entre a aten\u00e7\u00e3o prim\u00e1ria e a aten\u00e7\u00e3o especializada.<\/p>\n\n\n\n<blockquote class=\"wp-block-quote is-layout-flow wp-block-quote-is-layout-flow\">\n<p>\u201c\u00c9 por meio desse prontu\u00e1rio que o profissional do Mais M\u00e9dicos sabe se o paciente voltou \u00e0 unidade para retorno da consulta, se as informa\u00e7\u00f5es est\u00e3o completas e se os exames est\u00e3o em dia, ou seja, um canal r\u00e1pido e eficiente, tanto para o paciente, como para o profissional.\u201d<\/p>\n<\/blockquote>\n\n\n\n<h2 class=\"wp-block-heading\">Formados no exterior<\/h2>\n\n\n\n<p><strong>A pasta recepcionou, tamb\u00e9m nesta segunda-feira, 402 m\u00e9dicos formados no exterior e inscritos no Mais M\u00e9dicos, que ir\u00e3o prestar atendimento&nbsp;a partir de abril em 22 estados<\/strong>.<\/p>\n\n\n\n<p>\u201cEsses profissionais est\u00e3o inicialmente alocados em cerca de 180 munic\u00edpios e 15 Distritos Sanit\u00e1rios de Sa\u00fade Ind\u00edgena\u201d, destacou o minist\u00e9rio.<\/p>\n\n\n\n<p>A maioria dos m\u00e9dicos, conforme&nbsp;a pasta, nasceu no Brasil, totalizando 397 brasileiros e cinco estrangeiros.<\/p>\n\n\n\n<p>Al\u00e9m disso, 52,7% dos profissionais s\u00e3o mulheres e 57 v\u00e3o atuar especificamente na sa\u00fade ind\u00edgena.<\/p>\n\n\n\n<p>O chamado M\u00f3dulo de Acolhimento e Avalia\u00e7\u00e3o \u00e9 realizado em parceria com o Minist\u00e9rio da Educa\u00e7\u00e3o e segue at\u00e9 11 de abril, com aulas sobre o SUS e temas priorit\u00e1rios para atendimento de popula\u00e7\u00f5es vulner\u00e1veis na aten\u00e7\u00e3o prim\u00e1ria.<\/p>\n\n\n\n<p>Dentre os t\u00f3picos de destaque est\u00e3o equidade \u00e9tnico-racial, sa\u00fade mental e o programa Bolsa Fam\u00edlia. Ao final do curso, todos os m\u00e9dicos passam por&nbsp;uma avalia\u00e7\u00e3o \u2013 para ser aprovado, \u00e9 preciso alcan\u00e7ar m\u00e9dia m\u00ednima de 50%.<\/p>\n\n\n\n<h2 class=\"wp-block-heading\">Hist\u00f3rias<\/h2>\n\n\n\n<p>Karen Silva, 27 anos, integra o grupo de profissionais acolhidos nesta segunda-feira. Ela se formou em medicina em julho do ano passado em Ciudad del Este, no Paraguai.<\/p>\n\n\n\n<p>\u201cLogo que terminei o curso, j\u00e1 me inscrevi no Mais M\u00e9dicos.&nbsp;Em seguida, fui chamada\u201d.<\/p>\n\n\n\n<p>O plano de Karen \u00e9 atuar no munic\u00edpio onde nasceu: S\u00e3o F\u00e9lix do Xingu (PA).<\/p>\n\n\n\n<p>\u201cEra meu sonho conseguir trabalhar na minha cidade natal, onde os meus pais moram. E ajudar as pessoas. A expectativa est\u00e1 a mil. Estou realizada.\u201d<\/p>\n\n\n\n<p>Bruno Ferreira, 30 anos, tamb\u00e9m \u00e9 um dos m\u00e9dicos acolhidos. Ele se formou em medicina em dezembro de 2023 no munic\u00edpio paraguaio de Pedro Juan Caballero. Atualmente, mora no Rio de Janeiro, onde planeja trabalhar a partir de abril.&nbsp;<\/p>\n\n\n\n<p>\u201cA expectativa \u00e9 muito boa. Quero aproveitar bastante a oportunidade\u201d, afirmou<em><strong>. (EBC)<\/strong><\/em><\/p>\n\n\n\n<p><\/p>\n","protected":false},"excerpt":{"rendered":"<p>Profissionais ir\u00e3o atender em \u00e1reas vulner\u00e1veis e de dif\u00edcil acesso O&nbsp;Minist\u00e9rio da Sa\u00fade anunciou nesta&hellip;<\/p>\n","protected":false},"author":2,"featured_media":12466,"comment_status":"open","ping_status":"open","sticky":false,"template":"","format":"standard","meta":{"footnotes":""},"categories":[20,25],"tags":[],"class_list":["post-19978","post","type-post","status-publish","format-standard","has-post-thumbnail","hentry","category-brasil","category-saude"],"_links":{"self":[{"href":"https:\/\/atitudenoticias.com.br\/index.php?rest_route=\/wp\/v2\/posts\/19978","targetHints":{"allow":["GET"]}}],"collection":[{"href":"https:\/\/atitudenoticias.com.br\/index.php?rest_route=\/wp\/v2\/posts"}],"about":[{"href":"https:\/\/atitudenoticias.com.br\/index.php?rest_route=\/wp\/v2\/types\/post"}],"author":[{"embeddable":true,"href":"https:\/\/atitudenoticias.com.br\/index.php?rest_route=\/wp\/v2\/users\/2"}],"replies":[{"embeddable":true,"href":"https:\/\/atitudenoticias.com.br\/index.php?rest_route=%2Fwp%2Fv2%2Fcomments&post=19978"}],"version-history":[{"count":1,"href":"https:\/\/atitudenoticias.com.br\/index.php?rest_route=\/wp\/v2\/posts\/19978\/revisions"}],"predecessor-version":[{"id":19979,"href":"https:\/\/atitudenoticias.com.br\/index.php?rest_route=\/wp\/v2\/posts\/19978\/revisions\/19979"}],"wp:featuredmedia":[{"embeddable":true,"href":"https:\/\/atitudenoticias.com.br\/index.php?rest_route=\/wp\/v2\/media\/12466"}],"wp:attachment":[{"href":"https:\/\/atitudenoticias.com.br\/index.php?rest_route=%2Fwp%2Fv2%2Fmedia&parent=19978"}],"wp:term":[{"taxonomy":"category","embeddable":true,"href":"https:\/\/atitudenoticias.com.br\/index.php?rest_route=%2Fwp%2Fv2%2Fcategories&post=19978"},{"taxonomy":"post_tag","embeddable":true,"href":"https:\/\/atitudenoticias.com.br\/index.php?rest_route=%2Fwp%2Fv2%2Ftags&post=19978"}],"curies":[{"name":"wp","href":"https:\/\/api.w.org\/{rel}","templated":true}]}}