{"id":20039,"date":"2025-03-19T18:10:59","date_gmt":"2025-03-19T21:10:59","guid":{"rendered":"http:\/\/atitudenoticias.com.br\/?p=20039"},"modified":"2025-03-19T18:11:20","modified_gmt":"2025-03-19T21:11:20","slug":"veja-quem-sao-os-deputados-baianos-que-assumirao-comissoes-na-camara","status":"publish","type":"post","link":"https:\/\/atitudenoticias.com.br\/?p=20039","title":{"rendered":"Veja quem s\u00e3o os deputados baianos que assumir\u00e3o comiss\u00f5es na C\u00e2mara"},"content":{"rendered":"\n<p class=\"has-text-align-center wp-block-paragraph\"><strong><em>Quatro parlamentares est\u00e3o \u00e0 frente do comando dos colegiados no Legislativo<\/em><\/strong><\/p>\n\n\n\n<p class=\"wp-block-paragraph\">Quatro deputados baianos assumiram a presid\u00eancia de comiss\u00f5es tem\u00e1ticas na C\u00e2mara dos Deputados nesta quarta-feira, 19.<\/p>\n\n\n\n<p class=\"wp-block-paragraph\">Entre os nomes que est\u00e3o no comando dos colegiados est\u00e1<em><strong> Paulo Azi (Uni\u00e3o Brasil)<\/strong><\/em>, que est\u00e1 \u00e0 frente da Constitui\u00e7\u00e3o e Justi\u00e7a e de Cidadania, considerada o cora\u00e7\u00e3o da Casa Legislativa.<\/p>\n\n\n\n<p class=\"wp-block-paragraph\">Os deputados<strong><em> Leo Prates (PDT), L\u00eddice da Mata (PSB), Daniel Almeida (PCdoB) e Bacelar (PV)<\/em><\/strong>.<\/p>\n\n\n\n<p class=\"wp-block-paragraph\"><strong>Veja lista dos deputados baianos que assumir\u00e1 comiss\u00e3o<\/strong><\/p>\n\n\n\n<p class=\"wp-block-paragraph\"><strong>Comiss\u00e3o de Constitui\u00e7\u00e3o e Justi\u00e7a e de Cidadania:<\/strong>&nbsp;Paulo Azi (Uni\u00e3o Brasil-BA) e L\u00eddice da Mata (PSB-BA);<\/p>\n\n\n\n<p class=\"wp-block-paragraph\"><strong>Comiss\u00e3o de Defesa do Consumidor:<\/strong>&nbsp;Daniel Almeida (PCdoB-BA);<\/p>\n\n\n\n<p class=\"wp-block-paragraph\"><strong>Comiss\u00e3o de Fiscaliza\u00e7\u00e3o Financeira e Controle:<\/strong>&nbsp;Bacelar (PV-BA);<\/p>\n\n\n\n<p class=\"wp-block-paragraph\"><strong>Comiss\u00e3o de Trabalho: L\u00e9o Prates (PDT-BA) <\/strong><\/p>\n","protected":false},"excerpt":{"rendered":"<p>Quatro parlamentares est\u00e3o \u00e0 frente do comando dos colegiados no Legislativo Quatro deputados baianos assumiram&hellip;<\/p>\n","protected":false},"author":2,"featured_media":20040,"comment_status":"open","ping_status":"open","sticky":false,"template":"","format":"standard","meta":{"footnotes":""},"categories":[30],"tags":[],"class_list":["post-20039","post","type-post","status-publish","format-standard","has-post-thumbnail","hentry","category-politica"],"_links":{"self":[{"href":"https:\/\/atitudenoticias.com.br\/index.php?rest_route=\/wp\/v2\/posts\/20039","targetHints":{"allow":["GET"]}}],"collection":[{"href":"https:\/\/atitudenoticias.com.br\/index.php?rest_route=\/wp\/v2\/posts"}],"about":[{"href":"https:\/\/atitudenoticias.com.br\/index.php?rest_route=\/wp\/v2\/types\/post"}],"author":[{"embeddable":true,"href":"https:\/\/atitudenoticias.com.br\/index.php?rest_route=\/wp\/v2\/users\/2"}],"replies":[{"embeddable":true,"href":"https:\/\/atitudenoticias.com.br\/index.php?rest_route=%2Fwp%2Fv2%2Fcomments&post=20039"}],"version-history":[{"count":1,"href":"https:\/\/atitudenoticias.com.br\/index.php?rest_route=\/wp\/v2\/posts\/20039\/revisions"}],"predecessor-version":[{"id":20041,"href":"https:\/\/atitudenoticias.com.br\/index.php?rest_route=\/wp\/v2\/posts\/20039\/revisions\/20041"}],"wp:featuredmedia":[{"embeddable":true,"href":"https:\/\/atitudenoticias.com.br\/index.php?rest_route=\/wp\/v2\/media\/20040"}],"wp:attachment":[{"href":"https:\/\/atitudenoticias.com.br\/index.php?rest_route=%2Fwp%2Fv2%2Fmedia&parent=20039"}],"wp:term":[{"taxonomy":"category","embeddable":true,"href":"https:\/\/atitudenoticias.com.br\/index.php?rest_route=%2Fwp%2Fv2%2Fcategories&post=20039"},{"taxonomy":"post_tag","embeddable":true,"href":"https:\/\/atitudenoticias.com.br\/index.php?rest_route=%2Fwp%2Fv2%2Ftags&post=20039"}],"curies":[{"name":"wp","href":"https:\/\/api.w.org\/{rel}","templated":true}]}}