{"id":20319,"date":"2025-04-06T23:59:28","date_gmt":"2025-04-07T02:59:28","guid":{"rendered":"http:\/\/atitudenoticias.com.br\/?p=20319"},"modified":"2025-04-06T23:59:28","modified_gmt":"2025-04-07T02:59:28","slug":"feira-revela-talentos-da-cultura-e-da-arte-durante-festival-regional","status":"publish","type":"post","link":"https:\/\/atitudenoticias.com.br\/?p=20319","title":{"rendered":"Feira revela talentos da cultura e da arte durante festival regional"},"content":{"rendered":"\n<p class=\"has-text-align-center\"><em><strong>O espa\u00e7o fervilhou de manifesta\u00e7\u00f5es culturais, atendendo pessoas de diversas idades e p\u00fablicos<\/strong><\/em><\/p>\n\n\n\n<p>O Centro de Cultura Am\u00e9lio Amorim (CCAAm) foi palco, nos dias 4 e 5 deste m\u00eas, do I Festival Regional de Cultura, Arte e Sustentabilidade, abrindo espa\u00e7o para manifesta\u00e7\u00f5es culturais das mais diversas \u00e1reas. O evento tamb\u00e9m contou com um Concurso Musical de Novos Artistas Feirenses.<\/p>\n\n\n\n<p>Promovido com apoio da Prefeitura de Feira de Santana, o I Festival Regional de Cultura, Arte e Sustentabilidade tamb\u00e9m abriu espa\u00e7o para mostra de cinema, oficinas e exposi\u00e7\u00f5es de arte. Foi uma oportunidade para as bandas mostrarem seus talentos e potenciais, disputando premia\u00e7\u00f5es de R$ 1.500,00 para o primeiro colocado; R$ 500,00 para o segundo colocado e R$ 300,00 para o terceiro colocado, nas categorias de banda e individual.<\/p>\n\n\n\n<p>O espa\u00e7o fervilhou de manifesta\u00e7\u00f5es culturais, atendendo pessoas de diversas idades e p\u00fablicos, oferecendo uma variedade de sabores culturais. Tamb\u00e9m houve apresenta\u00e7\u00f5es de roda de capoeira, com a presen\u00e7a dos capoeiristas da Capoeira Mestre Bbz\u00e3o.<\/p>\n\n\n\n<p>A coordenadora do evento, Daniele Santoro, revela que o Concurso Musical reuniu 22 bandas e m\u00fasicos, e que o evento foi uma oportunidade \u00edmpar para projetar novos talentos na \u00e1rea musical e com grandes potenciais. \u201cToda a estrutura foi pensada para valorizar a cultura e projetar os novos talentos, que s\u00f3 precisam de uma oportunidade para se destacar.\u201d<\/p>\n\n\n\n<p>O evento ainda abriu espa\u00e7o para iguarias da culin\u00e1ria regional e tamb\u00e9m para o artesanato, valorizando os artes\u00e3os locais que buscam projetar a imagem de Feira de Santana no circuito do turismo<strong><em>. (SECOM\/PMFS)<\/em><\/strong><\/p>\n","protected":false},"excerpt":{"rendered":"<p>O espa\u00e7o fervilhou de manifesta\u00e7\u00f5es culturais, atendendo pessoas de diversas idades e p\u00fablicos O Centro&hellip;<\/p>\n","protected":false},"author":2,"featured_media":20320,"comment_status":"open","ping_status":"open","sticky":false,"template":"","format":"standard","meta":{"footnotes":""},"categories":[68,58],"tags":[],"class_list":["post-20319","post","type-post","status-publish","format-standard","has-post-thumbnail","hentry","category-cultura","category-feira-de-santana"],"_links":{"self":[{"href":"https:\/\/atitudenoticias.com.br\/index.php?rest_route=\/wp\/v2\/posts\/20319","targetHints":{"allow":["GET"]}}],"collection":[{"href":"https:\/\/atitudenoticias.com.br\/index.php?rest_route=\/wp\/v2\/posts"}],"about":[{"href":"https:\/\/atitudenoticias.com.br\/index.php?rest_route=\/wp\/v2\/types\/post"}],"author":[{"embeddable":true,"href":"https:\/\/atitudenoticias.com.br\/index.php?rest_route=\/wp\/v2\/users\/2"}],"replies":[{"embeddable":true,"href":"https:\/\/atitudenoticias.com.br\/index.php?rest_route=%2Fwp%2Fv2%2Fcomments&post=20319"}],"version-history":[{"count":1,"href":"https:\/\/atitudenoticias.com.br\/index.php?rest_route=\/wp\/v2\/posts\/20319\/revisions"}],"predecessor-version":[{"id":20321,"href":"https:\/\/atitudenoticias.com.br\/index.php?rest_route=\/wp\/v2\/posts\/20319\/revisions\/20321"}],"wp:featuredmedia":[{"embeddable":true,"href":"https:\/\/atitudenoticias.com.br\/index.php?rest_route=\/wp\/v2\/media\/20320"}],"wp:attachment":[{"href":"https:\/\/atitudenoticias.com.br\/index.php?rest_route=%2Fwp%2Fv2%2Fmedia&parent=20319"}],"wp:term":[{"taxonomy":"category","embeddable":true,"href":"https:\/\/atitudenoticias.com.br\/index.php?rest_route=%2Fwp%2Fv2%2Fcategories&post=20319"},{"taxonomy":"post_tag","embeddable":true,"href":"https:\/\/atitudenoticias.com.br\/index.php?rest_route=%2Fwp%2Fv2%2Ftags&post=20319"}],"curies":[{"name":"wp","href":"https:\/\/api.w.org\/{rel}","templated":true}]}}