{"id":20325,"date":"2025-04-05T00:07:22","date_gmt":"2025-04-05T03:07:22","guid":{"rendered":"http:\/\/atitudenoticias.com.br\/?p=20325"},"modified":"2025-04-07T00:07:35","modified_gmt":"2025-04-07T03:07:35","slug":"inscricoes-para-comercio-informal-durante-a-micareta-2025-serao-abertas-dia-8","status":"publish","type":"post","link":"https:\/\/atitudenoticias.com.br\/?p=20325","title":{"rendered":"Inscri\u00e7\u00f5es para com\u00e9rcio informal durante a Micareta 2025 ser\u00e3o abertas dia 8"},"content":{"rendered":"\n<p class=\"has-text-align-center\"><em><strong>A festa momesca contar\u00e1 com diversas op\u00e7\u00f5es de produtos e servi\u00e7os oferecidos por comerciantes informais<\/strong><\/em><\/p>\n\n\n\n<p>A Secretaria Municipal do Trabalho, Turismo e Desenvolvimento Econ\u00f4mico de Feira de Santana anunciou a abertura das inscri\u00e7\u00f5es para interessados em obter autoriza\u00e7\u00e3o para explora\u00e7\u00e3o do com\u00e9rcio informal durante a Micareta 2025, que acontecer\u00e1 de 01 a 04 de maio. O processo foi formalizado atrav\u00e9s da Portaria n\u00ba 002, publicada na edi\u00e7\u00e3o deste s\u00e1bado (5) do Di\u00e1rio Oficial Eletr\u00f4nico do Munic\u00edpio.<\/p>\n\n\n\n<p>A festa momesca contar\u00e1 com diversas op\u00e7\u00f5es de produtos e servi\u00e7os oferecidos por comerciantes informais em espa\u00e7os p\u00fablicos ao redor do circuito da Micareta. Os interessados em participar devem realizar suas inscri\u00e7\u00f5es exclusivamente de forma virtual, atrav\u00e9s do portal dispon\u00edvel no endere\u00e7o eletr\u00f4nico:&nbsp;<a href=\"https:\/\/www.seadmdmi.feiradesantana.ba.gov.br\/sge\/portal\/#\/\">https:\/\/www.seadmdmi.feiradesantana.ba.gov.br\/sge\/portal\/#\/<\/a>.<\/p>\n\n\n\n<h3 class=\"wp-block-heading\"><strong>Detalhes das Inscri\u00e7\u00f5es<\/strong><\/h3>\n\n\n\n<p>O per\u00edodo de inscri\u00e7\u00f5es estar\u00e1 aberto de 08 a 13 de abril de 2025 para os mun\u00edcipes de Feira de Santana. Caso as vagas n\u00e3o sejam preenchidas, o per\u00edodo de inscri\u00e7\u00e3o ser\u00e1 estendido para demais interessados, de 14 a 16 de abril de 2025. A inscri\u00e7\u00e3o est\u00e1 condicionada ao conhecimento das normas e condi\u00e7\u00f5es estabelecidas no edital.<\/p>\n\n\n\n<p>A Secretaria Municipal do Trabalho, Turismo e Desenvolvimento Econ\u00f4mico esclarece que a autoriza\u00e7\u00e3o ser\u00e1 concedida a uma \u00fanica pessoa por cadastro e que a documenta\u00e7\u00e3o e o pagamento devem ser realizados no prazo determinado para que a vaga seja garantida.<\/p>\n\n\n\n<h3 class=\"wp-block-heading\"><strong>Vagas Dispon\u00edveis<\/strong><\/h3>\n\n\n\n<p>S\u00e3o diversas as op\u00e7\u00f5es para quem deseja explorar o com\u00e9rcio durante a Micareta 2025. As vagas incluem barracas padronizadas, carrinhos de doces, pipoca e acaraj\u00e9, isopores, food trucks, entre outros. As dimens\u00f5es e os valores unit\u00e1rios das autoriza\u00e7\u00f5es variam conforme o tipo de atividade:<\/p>\n\n\n\n<ul class=\"wp-block-list\">\n<li><strong>Barraca Padronizada Lote 01<\/strong>\u00a0(4,0m\u00b2 x 4,0m\u00b2) \u2013 R$ 370,00 (40 unidades)<\/li>\n\n\n\n<li><strong>Barraca Padronizada Lote 02<\/strong>\u00a0(3,0m\u00b2 x 3,0m\u00b2) \u2013 R$ 200,00 (20 unidades)<\/li>\n\n\n\n<li><strong>Carrinhos de Doce, Pipoca e Acaraj\u00e9<\/strong>\u00a0(at\u00e9 1,5m\u00b2 x 2,0m\u00b2) \u2013 R$ 100,00 (15 unidades)<\/li>\n\n\n\n<li><strong>Isopor<\/strong>\u00a0(1,5m\u00b2 x 2,0m\u00b2) \u2013 R$ 100,00 (235 unidades)<\/li>\n\n\n\n<li><strong>Food Truck<\/strong>\u00a0(4,0m\u00b2 x 4,0m\u00b2) \u2013 R$ 370,00 (30 unidades)<\/li>\n<\/ul>\n\n\n\n<p>Os comerciantes devem estar cientes de que, para exercer a atividade, devem comparecer ao treinamento organizado pela Secretaria, onde ser\u00e3o passadas orienta\u00e7\u00f5es sobre as normas de comercializa\u00e7\u00e3o e as penalidades em caso de infra\u00e7\u00f5es.<\/p>\n\n\n\n<h3 class=\"wp-block-heading\"><strong>Responsabilidades e Normas<\/strong><\/h3>\n\n\n\n<p>Os autorizat\u00e1rios devem manter a \u00e1rea de comercializa\u00e7\u00e3o limpa, conforme orienta\u00e7\u00f5es da Secretaria Municipal de Servi\u00e7os P\u00fablicos (SESP). Al\u00e9m disso, ser\u00e1 obrigat\u00f3rio o cumprimento das normas de seguran\u00e7a alimentar, conforme o C\u00f3digo Municipal de Vigil\u00e2ncia em Sa\u00fade, e a proibi\u00e7\u00e3o do trabalho infantil.<\/p>\n\n\n\n<p>O descumprimento das regras implicar\u00e1 em san\u00e7\u00f5es, como a apreens\u00e3o de mercadorias e equipamentos, al\u00e9m da revoga\u00e7\u00e3o imediata da autoriza\u00e7\u00e3o, sem direito a restitui\u00e7\u00e3o dos valores pagos.<\/p>\n\n\n\n<h3 class=\"wp-block-heading\"><strong>Treinamento e Fiscaliza\u00e7\u00e3o<\/strong><\/h3>\n\n\n\n<p>Os autorizat\u00e1rios tamb\u00e9m ser\u00e3o acompanhados por fiscais durante todo o evento, e a autoriza\u00e7\u00e3o de uso dever\u00e1 estar vis\u00edvel para fins de fiscaliza\u00e7\u00e3o. O treinamento para os selecionados ocorrer\u00e1 em local e data a serem divulgados pela Secretaria Municipal de Trabalho, Turismo e Desenvolvimento Econ\u00f4mico no site oficial.<\/p>\n\n\n\n<p>A Settdec informa ainda que qualquer quest\u00e3o relacionada ao edital ser\u00e1 resolvida por meio da mesma pasta, e que a autoriza\u00e7\u00e3o \u00e9 v\u00e1lida apenas para o per\u00edodo de 01 a 04 de maio de 2025.<\/p>\n\n\n\n<h3 class=\"wp-block-heading\"><strong>Mais informa\u00e7\u00f5es<\/strong><\/h3>\n\n\n\n<p>Para mais informa\u00e7\u00f5es sobre o processo de inscri\u00e7\u00e3o e as condi\u00e7\u00f5es para participar do com\u00e9rcio informal da Micareta de Feira de Santana 2025, os interessados podem acessar o portal oficial da Micareta de Feira de Santana\u00a0<a href=\"https:\/\/micaretadefeira.ba.gov.br\/\">www.micaretadefeira.ba.gov.br<\/a>\u00a0. <strong><em> (SECOM\/PMFS)<\/em><\/strong><\/p>\n","protected":false},"excerpt":{"rendered":"<p>A festa momesca contar\u00e1 com diversas op\u00e7\u00f5es de produtos e servi\u00e7os oferecidos por comerciantes informais&hellip;<\/p>\n","protected":false},"author":2,"featured_media":20326,"comment_status":"open","ping_status":"open","sticky":false,"template":"","format":"standard","meta":{"footnotes":""},"categories":[58,78],"tags":[],"class_list":["post-20325","post","type-post","status-publish","format-standard","has-post-thumbnail","hentry","category-feira-de-santana","category-micareta"],"_links":{"self":[{"href":"https:\/\/atitudenoticias.com.br\/index.php?rest_route=\/wp\/v2\/posts\/20325","targetHints":{"allow":["GET"]}}],"collection":[{"href":"https:\/\/atitudenoticias.com.br\/index.php?rest_route=\/wp\/v2\/posts"}],"about":[{"href":"https:\/\/atitudenoticias.com.br\/index.php?rest_route=\/wp\/v2\/types\/post"}],"author":[{"embeddable":true,"href":"https:\/\/atitudenoticias.com.br\/index.php?rest_route=\/wp\/v2\/users\/2"}],"replies":[{"embeddable":true,"href":"https:\/\/atitudenoticias.com.br\/index.php?rest_route=%2Fwp%2Fv2%2Fcomments&post=20325"}],"version-history":[{"count":1,"href":"https:\/\/atitudenoticias.com.br\/index.php?rest_route=\/wp\/v2\/posts\/20325\/revisions"}],"predecessor-version":[{"id":20327,"href":"https:\/\/atitudenoticias.com.br\/index.php?rest_route=\/wp\/v2\/posts\/20325\/revisions\/20327"}],"wp:featuredmedia":[{"embeddable":true,"href":"https:\/\/atitudenoticias.com.br\/index.php?rest_route=\/wp\/v2\/media\/20326"}],"wp:attachment":[{"href":"https:\/\/atitudenoticias.com.br\/index.php?rest_route=%2Fwp%2Fv2%2Fmedia&parent=20325"}],"wp:term":[{"taxonomy":"category","embeddable":true,"href":"https:\/\/atitudenoticias.com.br\/index.php?rest_route=%2Fwp%2Fv2%2Fcategories&post=20325"},{"taxonomy":"post_tag","embeddable":true,"href":"https:\/\/atitudenoticias.com.br\/index.php?rest_route=%2Fwp%2Fv2%2Ftags&post=20325"}],"curies":[{"name":"wp","href":"https:\/\/api.w.org\/{rel}","templated":true}]}}