{"id":20404,"date":"2025-04-10T17:14:52","date_gmt":"2025-04-10T20:14:52","guid":{"rendered":"http:\/\/atitudenoticias.com.br\/?p=20404"},"modified":"2025-04-10T17:14:52","modified_gmt":"2025-04-10T20:14:52","slug":"100-dias-de-governo-cerca-de-15-milhao-de-atendimentos-em-saude-foram-realizados","status":"publish","type":"post","link":"https:\/\/atitudenoticias.com.br\/?p=20404","title":{"rendered":"100 dias de Governo: Cerca de 1,5 milh\u00e3o de atendimentos em sa\u00fade foram realizados"},"content":{"rendered":"\n<p class=\"has-text-align-center\"><em><strong>Os dados incluem todas as unidades da Secretaria Municipal de Sa\u00fade e Funda\u00e7\u00e3o Hospitalar<\/strong><\/em><\/p>\n\n\n\n<p>Dentro dos 100 dias de governo, a sa\u00fade foi uma das prioridades da administra\u00e7\u00e3o municipal. Nesse per\u00edodo, mais de 1.450.000 de procedimentos, consultas e exames foram realizados por meio da Secretaria Municipal de Sa\u00fade e da Funda\u00e7\u00e3o Hospitalar de Feira de Santana.<\/p>\n\n\n\n<p>Os dados incluem todas as unidades da Aten\u00e7\u00e3o Prim\u00e1ria, Rede de Sa\u00fade Mental, policl\u00ednicas, Unidades de Pronto Atendimento (UPAS), ambulat\u00f3rios especializados, Centro Municipal de Preven\u00e7\u00e3o ao C\u00e2ncer (CMPC), Centro Municipal de Diagn\u00f3stico de Imagem (CMDI) e Hospital da Mulher.<\/p>\n\n\n\n<p>Na secretaria, os n\u00fameros expressivos s\u00e3o liderados pelas UPAs e policl\u00ednicas municipais que alcan\u00e7aram a marca de 706.428 atendimentos, enquanto na Funda\u00e7\u00e3o Hospitalar, o maior quantitativo est\u00e1 relacionado ao Hospital da Mulher, que registrou 1.775 partos, entre normais e ces\u00e1reas, e \u00e9 uma refer\u00eancia no segmento para toda a regi\u00e3o metropolitana.<\/p>\n\n\n\n<p>De acordo com o secret\u00e1rio de Sa\u00fade, Rodrigo Matos, a organiza\u00e7\u00e3o, estrutura\u00e7\u00e3o e fortalecimento de toda a rede foi o principal desafio nestes 100 dias, al\u00e9m do projeto de zerar a fila de espera por exames e consultas.&nbsp;<\/p>\n\n\n\n<p>\u201cA miss\u00e3o que recebemos do prefeito Jos\u00e9 Ronaldo era algo que parecia imposs\u00edvel aos olhos de muitos, principalmente porque a gente n\u00e3o sabia a quantidade de pessoas que precisavam dos servi\u00e7os e n\u00e3o existia um banco de dados. Gra\u00e7as ao empenho de toda a equipe e aqui me refiro n\u00e3o s\u00f3 a da sa\u00fade, mas tamb\u00e9m a de institui\u00e7\u00f5es parceiras e outras secretarias, conseguimos zerar a demanda reprimida antes dos 100 dias, refor\u00e7ando o compromisso do governo em oferecer um atendimento \u00e1gil e de qualidade a popula\u00e7\u00e3o feirense\u201d, frisou Matos.<\/p>\n\n\n\n<p>A diretora-presidente da Funda\u00e7\u00e3o Hospitalar, Gilberte Lucas, destacou que durante os 100 dias, as unidades vinculadas promoveram diversos mutir\u00f5es para auxiliar no projeto Fila Zero. Outros destaques s\u00e3o a amplia\u00e7\u00e3o da assist\u00eancia ginecol\u00f3gica para meninas e adolescentes no Ambulat\u00f3rio de Sa\u00fade da Mulher T\u00e2nia Mota, reforma e amplia\u00e7\u00e3o do Ambulat\u00f3rio de Pediatria que j\u00e1 est\u00e1 na fase final-investimento de R$600 mil provenientes de recursos pr\u00f3prios do munic\u00edpio.<\/p>\n\n\n\n<p>\u201cA Funda\u00e7\u00e3o tem se consolidado a cada dia como um refer\u00eancia no atendimento \u00e0s gestantes, na oferta de exames que tem um custo elevado, como a densitometria e as ultrassonografias, mas que aqui podem ser feitos de maneira totalmente gratuita. Al\u00e9m disso, temos investido na capacita\u00e7\u00e3o e no atendimento humanizado para os profissionais, um exemplo disso \u00e9 a retomada do programa de gin\u00e1stica laboral no Hospital da Mulher. N\u00f3s acreditamos que a boa assist\u00eancia em sa\u00fade come\u00e7a pela forma como tratamos os profissionais\u201d, ressaltou Gilberte<em><strong>. (SECOM\/PMFS)<\/strong><\/em><\/p>\n","protected":false},"excerpt":{"rendered":"<p>Os dados incluem todas as unidades da Secretaria Municipal de Sa\u00fade e Funda\u00e7\u00e3o Hospitalar Dentro&hellip;<\/p>\n","protected":false},"author":2,"featured_media":20405,"comment_status":"open","ping_status":"open","sticky":false,"template":"","format":"standard","meta":{"footnotes":""},"categories":[58,25],"tags":[],"class_list":["post-20404","post","type-post","status-publish","format-standard","has-post-thumbnail","hentry","category-feira-de-santana","category-saude"],"_links":{"self":[{"href":"https:\/\/atitudenoticias.com.br\/index.php?rest_route=\/wp\/v2\/posts\/20404","targetHints":{"allow":["GET"]}}],"collection":[{"href":"https:\/\/atitudenoticias.com.br\/index.php?rest_route=\/wp\/v2\/posts"}],"about":[{"href":"https:\/\/atitudenoticias.com.br\/index.php?rest_route=\/wp\/v2\/types\/post"}],"author":[{"embeddable":true,"href":"https:\/\/atitudenoticias.com.br\/index.php?rest_route=\/wp\/v2\/users\/2"}],"replies":[{"embeddable":true,"href":"https:\/\/atitudenoticias.com.br\/index.php?rest_route=%2Fwp%2Fv2%2Fcomments&post=20404"}],"version-history":[{"count":1,"href":"https:\/\/atitudenoticias.com.br\/index.php?rest_route=\/wp\/v2\/posts\/20404\/revisions"}],"predecessor-version":[{"id":20406,"href":"https:\/\/atitudenoticias.com.br\/index.php?rest_route=\/wp\/v2\/posts\/20404\/revisions\/20406"}],"wp:featuredmedia":[{"embeddable":true,"href":"https:\/\/atitudenoticias.com.br\/index.php?rest_route=\/wp\/v2\/media\/20405"}],"wp:attachment":[{"href":"https:\/\/atitudenoticias.com.br\/index.php?rest_route=%2Fwp%2Fv2%2Fmedia&parent=20404"}],"wp:term":[{"taxonomy":"category","embeddable":true,"href":"https:\/\/atitudenoticias.com.br\/index.php?rest_route=%2Fwp%2Fv2%2Fcategories&post=20404"},{"taxonomy":"post_tag","embeddable":true,"href":"https:\/\/atitudenoticias.com.br\/index.php?rest_route=%2Fwp%2Fv2%2Ftags&post=20404"}],"curies":[{"name":"wp","href":"https:\/\/api.w.org\/{rel}","templated":true}]}}