{"id":20572,"date":"2025-04-24T17:09:22","date_gmt":"2025-04-24T20:09:22","guid":{"rendered":"http:\/\/atitudenoticias.com.br\/?p=20572"},"modified":"2025-04-24T17:09:23","modified_gmt":"2025-04-24T20:09:23","slug":"votacao-para-o-trofeu-oscar-folia-2025-esta-aberta-e-homenageia-o-artista-juraci-dorea","status":"publish","type":"post","link":"https:\/\/atitudenoticias.com.br\/?p=20572","title":{"rendered":"Vota\u00e7\u00e3o para o Trof\u00e9u Oscar Folia 2025 est\u00e1 aberta e homenageia o artista Juraci D\u00f3rea"},"content":{"rendered":"\n<p class=\"has-text-align-center wp-block-paragraph\"><em><strong>A premia\u00e7\u00e3o \u00e9 uma homenagem a Oscar Marques, importante incentivador da cultura micaretesca feirense<\/strong><\/em><\/p>\n\n\n\n<p class=\"wp-block-paragraph\">J\u00e1 est\u00e1 aberta a vota\u00e7\u00e3o para o Trof\u00e9u Oscar Folia 2025, premia\u00e7\u00e3o que reconhece os grandes destaques da Micareta de Feira de Santana. Em sua nova edi\u00e7\u00e3o, o tradicional trof\u00e9u conta com uma homenagem especial ao artista pl\u00e1stico feirense Juraci D\u00f3rea, respons\u00e1vel por assinar o design deste ano. A iniciativa refor\u00e7a a liga\u00e7\u00e3o da premia\u00e7\u00e3o com a cultura local e celebra um dos nomes mais emblem\u00e1ticos das artes visuais da cidade.<\/p>\n\n\n\n<p class=\"wp-block-paragraph\">A vota\u00e7\u00e3o j\u00e1 est\u00e1 dispon\u00edvel no link&nbsp;<a href=\"https:\/\/bit.ly\/votacao-oscar-folia\">https:\/\/bit.ly\/votacao-oscar-folia<\/a>, onde o p\u00fablico pode escolher seus favoritos nas primeiras categorias liberadas: Melhor Feijoada (Pr\u00e9via de Micareta), Melhor Programa Micaretesco do R\u00e1dio, Melhor Pr\u00e9via de Micareta, Melhor Divulga\u00e7\u00e3o em Site\/Blogs e Melhor M\u00fasica de Artista Feirense. Outras categorias ser\u00e3o abertas em breve, permitindo uma participa\u00e7\u00e3o ainda mais ampla dos internautas.<\/p>\n\n\n\n<p class=\"wp-block-paragraph\">Para Girl\u00e2nio Guirra, coordenador do projeto, esta edi\u00e7\u00e3o representa um marco importante. \u201cO Trof\u00e9u Oscar Folia \u00e9 um reconhecimento p\u00fablico \u00e0queles que constroem, com alegria, talento e dedica\u00e7\u00e3o, a Micareta de Feira. Este ano, homenagear Juraci D\u00f3rea e ter sua arte representada no trof\u00e9u \u00e9 uma forma de reafirmar nosso compromisso com a cultura local e com a valoriza\u00e7\u00e3o dos nossos artistas. O trof\u00e9u tem um designer com a proposta de unir a vibra\u00e7\u00e3o da festa \u00e0 express\u00e3o art\u00edstica de um criador que tanto representa a cultura da regi\u00e3o\u201d.<\/p>\n\n\n\n<p class=\"wp-block-paragraph\">A expectativa \u00e9 de grande mobiliza\u00e7\u00e3o popular nas redes, refor\u00e7ando o esp\u00edrito democr\u00e1tico e participativo da Micareta, e tornando o Trof\u00e9u Oscar Folia ainda mais especial.<\/p>\n\n\n\n<p class=\"wp-block-paragraph\">Criada por lei em 2005, a premia\u00e7\u00e3o \u00e9 uma homenagem a Oscar Marques, importante incentivador da cultura micaretesca feirense. A premia\u00e7\u00e3o tem se consolidado como uma das principais formas de valoriza\u00e7\u00e3o dos protagonistas da festa, como blocos, bandas, artistas, foli\u00f5es e profissionais da comunica\u00e7\u00e3o.<em><strong> (SECOM\/PMFS)<\/strong><\/em><\/p>\n\n\n\n<p class=\"wp-block-paragraph\"><\/p>\n","protected":false},"excerpt":{"rendered":"<p>A premia\u00e7\u00e3o \u00e9 uma homenagem a Oscar Marques, importante incentivador da cultura micaretesca feirense J\u00e1&hellip;<\/p>\n","protected":false},"author":2,"featured_media":20573,"comment_status":"open","ping_status":"open","sticky":false,"template":"","format":"standard","meta":{"footnotes":""},"categories":[58,78],"tags":[],"class_list":["post-20572","post","type-post","status-publish","format-standard","has-post-thumbnail","hentry","category-feira-de-santana","category-micareta"],"_links":{"self":[{"href":"https:\/\/atitudenoticias.com.br\/index.php?rest_route=\/wp\/v2\/posts\/20572","targetHints":{"allow":["GET"]}}],"collection":[{"href":"https:\/\/atitudenoticias.com.br\/index.php?rest_route=\/wp\/v2\/posts"}],"about":[{"href":"https:\/\/atitudenoticias.com.br\/index.php?rest_route=\/wp\/v2\/types\/post"}],"author":[{"embeddable":true,"href":"https:\/\/atitudenoticias.com.br\/index.php?rest_route=\/wp\/v2\/users\/2"}],"replies":[{"embeddable":true,"href":"https:\/\/atitudenoticias.com.br\/index.php?rest_route=%2Fwp%2Fv2%2Fcomments&post=20572"}],"version-history":[{"count":1,"href":"https:\/\/atitudenoticias.com.br\/index.php?rest_route=\/wp\/v2\/posts\/20572\/revisions"}],"predecessor-version":[{"id":20574,"href":"https:\/\/atitudenoticias.com.br\/index.php?rest_route=\/wp\/v2\/posts\/20572\/revisions\/20574"}],"wp:featuredmedia":[{"embeddable":true,"href":"https:\/\/atitudenoticias.com.br\/index.php?rest_route=\/wp\/v2\/media\/20573"}],"wp:attachment":[{"href":"https:\/\/atitudenoticias.com.br\/index.php?rest_route=%2Fwp%2Fv2%2Fmedia&parent=20572"}],"wp:term":[{"taxonomy":"category","embeddable":true,"href":"https:\/\/atitudenoticias.com.br\/index.php?rest_route=%2Fwp%2Fv2%2Fcategories&post=20572"},{"taxonomy":"post_tag","embeddable":true,"href":"https:\/\/atitudenoticias.com.br\/index.php?rest_route=%2Fwp%2Fv2%2Ftags&post=20572"}],"curies":[{"name":"wp","href":"https:\/\/api.w.org\/{rel}","templated":true}]}}