{"id":20585,"date":"2025-04-24T18:23:53","date_gmt":"2025-04-24T21:23:53","guid":{"rendered":"http:\/\/atitudenoticias.com.br\/?p=20585"},"modified":"2025-04-25T17:12:22","modified_gmt":"2025-04-25T20:12:22","slug":"governador-apresenta-investimentos-e-acoes-do-estado-para-a-micareta-de-feira-de-santana","status":"publish","type":"post","link":"https:\/\/atitudenoticias.com.br\/?p=20585","title":{"rendered":"Governador apresenta investimentos e a\u00e7\u00f5es do Estado para a Micareta de Feira de Santana"},"content":{"rendered":"\n<p class=\"has-text-align-center\"><strong><em>Na ocasi\u00e3o, tamb\u00e9m foram apresentados ao prefeito os investimentos, a\u00e7\u00f5es e servi\u00e7os, em diversas \u00e1reas, que ser\u00e3o realizados e disponibilizados pelo Governo do Estado durante os dias da festa.<\/em><\/strong><\/p>\n\n\n\n<p>O governador Jer\u00f4nimo Rodrigues, acompanhado de secret\u00e1rios de Estado, recebeu o prefeito de Feira de Santana, Z\u00e9 Ronaldo, nesta quinta-feira (24), em seu gabinete, para alinhamento dos \u00faltimos detalhes da pr\u00e9-micareta e da Micareta de Feira de Santana, que acontecer\u00e3o nos dois pr\u00f3ximos finais de semana. Na ocasi\u00e3o, tamb\u00e9m foram apresentados ao prefeito os investimentos, a\u00e7\u00f5es e servi\u00e7os, em diversas \u00e1reas, que ser\u00e3o realizados e disponibilizados pelo Governo do Estado durante os dias da festa.<\/p>\n\n\n\n<p>\u201cA Micareta de Feira \u00e9 uma anima\u00e7\u00e3o econ\u00f4mica muito forte. A cidade se volta para isso, e toda a minha equipe, de seguran\u00e7a, de turismo, cultura, sa\u00fade e cuidado, est\u00e1 organizada para fazer uma boa programa\u00e7\u00e3o, recepcionar os feirenses e as pessoas de fora do munic\u00edpio, e tamb\u00e9m para cuidar dos ambulantes, dos catadores e das pessoas que trabalham na micareta\u201d, garantiu o governador Jer\u00f4nimo.<\/p>\n\n\n\n<p>Al\u00e9m da festa tradicional, o Governo do Estado tamb\u00e9m est\u00e1 apoiando a pr\u00e9-micareta nos distritos de Ipua\u00e7u e S\u00e3o Jos\u00e9.<\/p>\n\n\n\n<p>O secret\u00e1rio estadual de Cultura, Bruno Monteiro, complementou, lembrando que a micareta \u00e9 uma festa muito tradicional. \u201cAl\u00e9m do apoio \u00e0s atra\u00e7\u00f5es da Prefeitura, n\u00f3s tamb\u00e9m assumimos o compromisso da realiza\u00e7\u00e3o da pr\u00e9-micareta, compondo a organiza\u00e7\u00e3o da Prefeitura, valorizando a cultura local, a economia criativa, muito aquecida nesse momento, porque al\u00e9m do momento de celebra\u00e7\u00e3o, a Micareta \u00e9 tamb\u00e9m gera\u00e7\u00e3o de emprego, de renda e desenvolvimento para Feira de Santana\u201d.<\/p>\n\n\n\n<p>A parceria com o Governo do Estado foi destacada pelo prefeito Z\u00e9 Ronaldo. \u201c\u00c9 uma parceria que faz diferen\u00e7a na prepara\u00e7\u00e3o da cidade para a micareta. Seria imposs\u00edvel fazer uma festa da grandeza da micareta sozinho. A parceria do Estado \u00e9 de grande import\u00e2ncia. Teremos seguran\u00e7a p\u00fablica, grandes atra\u00e7\u00f5es musicais, sa\u00fade nas ruas. Isso tudo \u00e9 investimento grande. Ent\u00e3o vamos fazer nossa micareta, que tem mais de 80 anos, e o poder p\u00fablico, junto, vai fazer uma grande micareta esse ano\u201d, celebrou.<\/p>\n\n\n\n<p><strong>Entrega<\/strong><\/p>\n\n\n\n<p>Ainda na oportunidade do encontro, o governador realizou a entrega de uma ambul\u00e2ncia ao Munic\u00edpio de Feira de Santana, que vai servir \u00e0s unidades de sa\u00fade da cidade<em><strong>. (GOVBA)<\/strong><\/em><\/p>\n\n\n\n<blockquote class=\"wp-block-quote is-layout-flow wp-block-quote-is-layout-flow\">\n<figure class=\"wp-block-image size-large\"><img fetchpriority=\"high\" decoding=\"async\" width=\"1024\" height=\"575\" src=\"http:\/\/atitudenoticias.com.br\/wp-content\/uploads\/2025\/04\/Jeronimo-e-Jose-Ronaldo_Foto-Feijao-AlmeidaGOVBA-1-1024x575.jpg\" alt=\"\" class=\"wp-image-20592\" srcset=\"https:\/\/atitudenoticias.com.br\/wp-content\/uploads\/2025\/04\/Jeronimo-e-Jose-Ronaldo_Foto-Feijao-AlmeidaGOVBA-1-1024x575.jpg 1024w, https:\/\/atitudenoticias.com.br\/wp-content\/uploads\/2025\/04\/Jeronimo-e-Jose-Ronaldo_Foto-Feijao-AlmeidaGOVBA-1-300x169.jpg 300w, https:\/\/atitudenoticias.com.br\/wp-content\/uploads\/2025\/04\/Jeronimo-e-Jose-Ronaldo_Foto-Feijao-AlmeidaGOVBA-1-768x432.jpg 768w, https:\/\/atitudenoticias.com.br\/wp-content\/uploads\/2025\/04\/Jeronimo-e-Jose-Ronaldo_Foto-Feijao-AlmeidaGOVBA-1-1536x863.jpg 1536w, https:\/\/atitudenoticias.com.br\/wp-content\/uploads\/2025\/04\/Jeronimo-e-Jose-Ronaldo_Foto-Feijao-AlmeidaGOVBA-1-1170x657.jpg 1170w, https:\/\/atitudenoticias.com.br\/wp-content\/uploads\/2025\/04\/Jeronimo-e-Jose-Ronaldo_Foto-Feijao-AlmeidaGOVBA-1-585x329.jpg 585w, https:\/\/atitudenoticias.com.br\/wp-content\/uploads\/2025\/04\/Jeronimo-e-Jose-Ronaldo_Foto-Feijao-AlmeidaGOVBA-1.jpg 1600w\" sizes=\"(max-width: 1024px) 100vw, 1024px\" \/><\/figure>\n<\/blockquote>\n","protected":false},"excerpt":{"rendered":"<p>Na ocasi\u00e3o, tamb\u00e9m foram apresentados ao prefeito os investimentos, a\u00e7\u00f5es e servi\u00e7os, em diversas \u00e1reas,&hellip;<\/p>\n","protected":false},"author":2,"featured_media":20589,"comment_status":"open","ping_status":"open","sticky":false,"template":"","format":"standard","meta":{"footnotes":""},"categories":[58,78],"tags":[],"class_list":["post-20585","post","type-post","status-publish","format-standard","has-post-thumbnail","hentry","category-feira-de-santana","category-micareta"],"_links":{"self":[{"href":"https:\/\/atitudenoticias.com.br\/index.php?rest_route=\/wp\/v2\/posts\/20585","targetHints":{"allow":["GET"]}}],"collection":[{"href":"https:\/\/atitudenoticias.com.br\/index.php?rest_route=\/wp\/v2\/posts"}],"about":[{"href":"https:\/\/atitudenoticias.com.br\/index.php?rest_route=\/wp\/v2\/types\/post"}],"author":[{"embeddable":true,"href":"https:\/\/atitudenoticias.com.br\/index.php?rest_route=\/wp\/v2\/users\/2"}],"replies":[{"embeddable":true,"href":"https:\/\/atitudenoticias.com.br\/index.php?rest_route=%2Fwp%2Fv2%2Fcomments&post=20585"}],"version-history":[{"count":2,"href":"https:\/\/atitudenoticias.com.br\/index.php?rest_route=\/wp\/v2\/posts\/20585\/revisions"}],"predecessor-version":[{"id":20593,"href":"https:\/\/atitudenoticias.com.br\/index.php?rest_route=\/wp\/v2\/posts\/20585\/revisions\/20593"}],"wp:featuredmedia":[{"embeddable":true,"href":"https:\/\/atitudenoticias.com.br\/index.php?rest_route=\/wp\/v2\/media\/20589"}],"wp:attachment":[{"href":"https:\/\/atitudenoticias.com.br\/index.php?rest_route=%2Fwp%2Fv2%2Fmedia&parent=20585"}],"wp:term":[{"taxonomy":"category","embeddable":true,"href":"https:\/\/atitudenoticias.com.br\/index.php?rest_route=%2Fwp%2Fv2%2Fcategories&post=20585"},{"taxonomy":"post_tag","embeddable":true,"href":"https:\/\/atitudenoticias.com.br\/index.php?rest_route=%2Fwp%2Fv2%2Ftags&post=20585"}],"curies":[{"name":"wp","href":"https:\/\/api.w.org\/{rel}","templated":true}]}}