{"id":20775,"date":"2025-05-07T16:28:14","date_gmt":"2025-05-07T19:28:14","guid":{"rendered":"http:\/\/atitudenoticias.com.br\/?p=20775"},"modified":"2025-05-07T16:28:14","modified_gmt":"2025-05-07T19:28:14","slug":"secretaria-de-educacao-realiza-encontro-para-definir-plano-de-acao-para-2025","status":"publish","type":"post","link":"https:\/\/atitudenoticias.com.br\/?p=20775","title":{"rendered":"Secretaria de Educa\u00e7\u00e3o realiza encontro para definir plano de a\u00e7\u00e3o para 2025"},"content":{"rendered":"\n<p class=\"has-text-align-center\"><em><strong>O encontro prossegue durante o dia todo, no audit\u00f3rio da Seduc<\/strong><\/em><\/p>\n\n\n\n<p>Nesta quarta-feira (7), coordenadores dos setores da Secretaria Municipal de Educa\u00e7\u00e3o se re\u00fanem para tra\u00e7ar o plano de a\u00e7\u00e3o da Educa\u00e7\u00e3o Municipal para o ano de 2025. O encontro prossegue durante o dia todo, no audit\u00f3rio da Seduc.<\/p>\n\n\n\n<p>O momento contou com a presen\u00e7a de representantes de diversas \u00e1reas, como Alimenta\u00e7\u00e3o Escolar, Anos Iniciais, Anos Finais, Educa\u00e7\u00e3o de Jovens e Adultos (EJA), Manuten\u00e7\u00e3o, Financeiro, Comunica\u00e7\u00e3o, N\u00facleo de Tecnologia, Divis\u00e3o de Informa\u00e7\u00f5es Educacionais, al\u00e9m do Departamento de Ensino.<\/p>\n\n\n\n<p>O secret\u00e1rio de Educa\u00e7\u00e3o, Pablo Roberto, destacou a import\u00e2ncia do planejamento estrat\u00e9gico como base para a concretiza\u00e7\u00e3o de a\u00e7\u00f5es que promovam melhorias na qualidade do ensino. \u201cVamos pensar em metas para a Educa\u00e7\u00e3o este ano, com foco no planejamento estrat\u00e9gico, log\u00edstica, estrutura, transporte e merenda escolar\u201d, afirmou.<\/p>\n\n\n\n<p>O plano de a\u00e7\u00e3o elaborado ser\u00e1 a base das a\u00e7\u00f5es pedag\u00f3gicas, administrativas e estruturais da rede municipal de ensino ao longo do ano.<\/p>\n\n\n\n<p>Durante o encontro, tamb\u00e9m foi ressaltada a necessidade de alinhamento entre os diversos setores da secretaria para garantir um trabalho mais eficiente e coeso.<\/p>\n\n\n\n<p>&nbsp;\u201cA Educa\u00e7\u00e3o \u00e9 um conjunto, ent\u00e3o precisamos trabalhar juntos pra fazer a Educa\u00e7\u00e3o acontecer\u201d, pontuou a professora Adriana Bulos, respons\u00e1vel pelo Departamento de Ensino.<\/p>\n\n\n\n<p>Para a articuladora do programa Novos Caminhos da Educa\u00e7\u00e3o, Keila Braga, o momento representa uma oportunidade de di\u00e1logo e constru\u00e7\u00e3o coletiva. \u201cDialogar, fazer trocas e tra\u00e7ar metas alcan\u00e7\u00e1veis para melhorar a qualidade de ensino da rede \u00e9 necess\u00e1rio\u201d, concluiu.<em><strong> (SECOM\/PMFS)<\/strong><\/em><\/p>\n","protected":false},"excerpt":{"rendered":"<p>O encontro prossegue durante o dia todo, no audit\u00f3rio da Seduc Nesta quarta-feira (7), coordenadores&hellip;<\/p>\n","protected":false},"author":2,"featured_media":20776,"comment_status":"open","ping_status":"open","sticky":false,"template":"","format":"standard","meta":{"footnotes":""},"categories":[72,58],"tags":[],"class_list":["post-20775","post","type-post","status-publish","format-standard","has-post-thumbnail","hentry","category-educacao","category-feira-de-santana"],"_links":{"self":[{"href":"https:\/\/atitudenoticias.com.br\/index.php?rest_route=\/wp\/v2\/posts\/20775","targetHints":{"allow":["GET"]}}],"collection":[{"href":"https:\/\/atitudenoticias.com.br\/index.php?rest_route=\/wp\/v2\/posts"}],"about":[{"href":"https:\/\/atitudenoticias.com.br\/index.php?rest_route=\/wp\/v2\/types\/post"}],"author":[{"embeddable":true,"href":"https:\/\/atitudenoticias.com.br\/index.php?rest_route=\/wp\/v2\/users\/2"}],"replies":[{"embeddable":true,"href":"https:\/\/atitudenoticias.com.br\/index.php?rest_route=%2Fwp%2Fv2%2Fcomments&post=20775"}],"version-history":[{"count":1,"href":"https:\/\/atitudenoticias.com.br\/index.php?rest_route=\/wp\/v2\/posts\/20775\/revisions"}],"predecessor-version":[{"id":20777,"href":"https:\/\/atitudenoticias.com.br\/index.php?rest_route=\/wp\/v2\/posts\/20775\/revisions\/20777"}],"wp:featuredmedia":[{"embeddable":true,"href":"https:\/\/atitudenoticias.com.br\/index.php?rest_route=\/wp\/v2\/media\/20776"}],"wp:attachment":[{"href":"https:\/\/atitudenoticias.com.br\/index.php?rest_route=%2Fwp%2Fv2%2Fmedia&parent=20775"}],"wp:term":[{"taxonomy":"category","embeddable":true,"href":"https:\/\/atitudenoticias.com.br\/index.php?rest_route=%2Fwp%2Fv2%2Fcategories&post=20775"},{"taxonomy":"post_tag","embeddable":true,"href":"https:\/\/atitudenoticias.com.br\/index.php?rest_route=%2Fwp%2Fv2%2Ftags&post=20775"}],"curies":[{"name":"wp","href":"https:\/\/api.w.org\/{rel}","templated":true}]}}