{"id":20790,"date":"2025-05-08T17:23:38","date_gmt":"2025-05-08T20:23:38","guid":{"rendered":"http:\/\/atitudenoticias.com.br\/?p=20790"},"modified":"2025-05-08T17:23:39","modified_gmt":"2025-05-08T20:23:39","slug":"robert-francis-prevost-e-o-novo-papa-e-escolhe-o-nome-leao-xiv","status":"publish","type":"post","link":"https:\/\/atitudenoticias.com.br\/?p=20790","title":{"rendered":"Robert Francis Prevost \u00e9 o novo papa e escolhe o nome Le\u00e3o XIV"},"content":{"rendered":"\n<p class=\"has-text-align-center\"><strong><em>Pr\u00f3ximo do papa Francisco, Prevost, de 69 anos, \u00e9 o 1\u00ba pont\u00edfice dos Estados Unidos na hist\u00f3ria da Igreja Cat\u00f3lica. Anunciado ap\u00f3s a fuma\u00e7a branca indicar a escolha do papa, ele falou de paz e agradeceu seu antecessor em discurso inaugural.<\/em><\/strong><\/p>\n\n\n\n<p>O cardeal dos Estados Unidos&nbsp;<strong>Robert Francis Prevost<\/strong>&nbsp;\u00e9 o novo papa e escolheu o nome de&nbsp;<strong>Le\u00e3o XIV&nbsp;<\/strong>para liderar a Igreja Cat\u00f3lica.<\/p>\n\n\n\n<p>A escolha do conclave por Prevost, um<strong>&nbsp;agostiniano progressista de 69 anos e pr\u00f3ximo ao papa Francisco<\/strong>,&nbsp;<a class=\"\" href=\"https:\/\/g1.globo.com\/mundo\/noticia\/2025\/05\/08\/habemus-papam-fumaca-branca-sai-da-chamine-da-capela-sistina-e-igreja-catolica-elege-novo-papa.ghtml\">foi anunciada nesta quinta-feira (8) pelo Vaticano<\/a>, ap\u00f3s a&nbsp;<a class=\"\" href=\"https:\/\/g1.globo.com\/mundo\/noticia\/2025\/05\/08\/habemus-papam-fumaca-branca-sai-da-chamine-da-capela-sistina-e-igreja-catolica-elege-novo-papa.ghtml\">fuma\u00e7a branca ser expelida da Capela Sistina<\/a>.<\/p>\n\n\n\n<p>O novo papa apareceu na sacada da Bas\u00edlica de S\u00e3o Pedro depois de ser anunciado pelo cardeal Dominique Mamberti. Na sequ\u00eancia, ele fez seu primeiro discurso, no qual<strong>&nbsp;falou de paz e defendeu uma Igreja Cat\u00f3lica mission\u00e1ria<\/strong>:<\/p>\n\n\n\n<p>&#8220;<strong>A paz esteja com todos voc\u00eas<\/strong>. Esta \u00e9 a primeira sauda\u00e7\u00e3o do Cristo ressucitado. Eu tamb\u00e9m gostaria que essa sauda\u00e7\u00e3o de paz entrasse no cora\u00e7\u00e3o de voc\u00eas&#8221;, disse Pervost em sua primeira fala como papa Le\u00e3o XIV.<\/p>\n\n\n\n<p>O agora papa Le\u00e3o XIV indicou tamb\u00e9m no discurso que dar\u00e1 continuidade ao trabalho de Francisco:<strong>&nbsp;<\/strong><strong>&#8220;Queremos ser uma igreja sinodal, que avan\u00e7a, que busca sempre a paz, a caridade, sempre estar pr\u00f3xima, principalmente daqueles que sofrem&#8221;.<\/strong><\/p>\n\n\n\n<p>Prevost \u00e9 tamb\u00e9m o<strong>&nbsp;<\/strong><a class=\"\" href=\"https:\/\/g1.globo.com\/mundo\/noticia\/2025\/05\/08\/habemus-papam-fumaca-branca-sai-da-chamine-da-capela-sistina-e-igreja-catolica-elege-novo-papa.ghtml\"><strong>primeiro papa&nbsp;<\/strong><\/a><strong>da hist\u00f3ria da Igreja Cat\u00f3lica vindo dos Estados Unidos<\/strong>&nbsp;\u2014 pa\u00eds majoritariamente protestante\u2014 e&nbsp;<strong>j\u00e1 se posicionou contra pol\u00edticas do governo de Donald Trump.<\/strong><\/p>\n\n\n\n<blockquote class=\"wp-block-quote is-layout-flow wp-block-quote-is-layout-flow\">\n<p>O novo pont\u00edfice liderar\u00e1 a Igreja Cat\u00f3lica em um momento de perda gradual de fi\u00e9is e ter\u00e1 de fazer frente \u00e0 alta popularidade do papa Francisco e lider com um momento turbulento na geopol\u00edtica mundial, marcado por grandes guerras.<\/p>\n<\/blockquote>\n\n\n\n<p>Sob o papado de Francisco, a Igreja Cat\u00f3lica aumentou protagonismo na diplomacia mundial e passou a atuar na media\u00e7\u00e3o de grandes conflitos, como a guerra da R\u00fassia na Ucr\u00e2nia.<\/p>\n\n\n\n<p>Ao longo do discurso, Prevost insistiu no tema de promover a paz. Antes do conclave, o&nbsp;<a class=\"\" href=\"https:\/\/g1.globo.com\/tudo-sobre\/vaticano\/\">Vaticano<\/a>&nbsp;afirmou que os cardeais votantes expressaram a inten\u00e7\u00e3o escolher um novo nome que desse continuidade \u00e0 &#8220;muitas das reformas&#8221; promovidas pelo papa Francisco.<\/p>\n\n\n\n<p><strong>Nascido em Chicago, Robert Prevost construiu sua carreria eclesi\u00e1stica no Peru<\/strong><strong>&nbsp;<\/strong>\u2014 em seu discurso, inclusive, fez uma mensagem em espanhol agradecendo \u00e0 Diocese do pa\u00eds latino-americano.&nbsp;<strong>Foi a primeira vez que um papa falou em outro idioma al\u00e9m do italiano no discurso inaugural.<\/strong><\/p>\n\n\n\n<p>Ele tamb\u00e9m fez men\u00e7\u00e3o ao antecessor em seu primeiro discurso nesta quinta. &#8220;Obrigado, papa Francisco&#8221;, disse o novo papa.<\/p>\n\n\n\n<p><strong>O tradicional an\u00fancio de &#8220;habemus papam&#8221; ocorreu pouco mais de uma hora ap\u00f3s a fuma\u00e7a branca sair da chamin\u00e9 da Capela Sistina<\/strong>, mantendo a m\u00e9dia dos dois \u00faltimos conclaves, em 2005 e 2013, os an\u00fancios demoraram entre 1h e 2h ap\u00f3s o sinal.<\/p>\n\n\n\n<p>A elei\u00e7\u00e3o de um novo pont\u00edfice tamb\u00e9m<strong>&nbsp;seguiu a tend\u00eancia das duas elei\u00e7\u00f5es de papa anteriores<\/strong>,&nbsp;<a class=\"\" href=\"https:\/\/g1.globo.com\/mundo\/noticia\/2025\/05\/08\/conclave-entra-nesta-quinta-em-fase-decisiva-os-dois-ultimos-papas-foram-escolhidos-no-segundo-dia-infografico.ghtml\">em 2005 e 2013<\/a>, e&nbsp;<strong>ocorreu no 2\u00ba dia do conclave<\/strong>. Desta vez, havia a expectativa inicial de que o processo demorasse mais por conta do n\u00famero de cardeais votantes \u2014 133, contra 117 no conclave anterior.<\/p>\n\n\n\n<p>A elei\u00e7\u00e3o do novo pont\u00edfice veio ap\u00f3s duas rodadas de vota\u00e7\u00e3o com&nbsp;<a class=\"\" href=\"https:\/\/g1.globo.com\/mundo\/noticia\/2025\/05\/08\/ainda-sem-papa-fumaca-preta-volta-a-sair-da-chamine-da-capela-sistina-votacoes-do-conclave-serao-retomadas-a-tarde.ghtml\">fuma\u00e7a preta<\/a>, na manh\u00e3 desta quinta-feira e na rodada inicial, na quarta-feira (7).<\/p>\n\n\n\n<p>A escolha do novo papa ocorre tamb\u00e9m 17 dias ap\u00f3s a&nbsp;<a class=\"\" href=\"https:\/\/g1.globo.com\/mundo\/noticia\/2025\/04\/21\/papa-francisco-morre-aos-88-anos.ghtml\">morte de papa Francisco<\/a>, por conta de um por conta de um<a class=\"\" href=\"https:\/\/g1.globo.com\/mundo\/noticia\/2025\/04\/21\/integra-nota-vaticano-causa-morte-papa-francisco.ghtml\">&nbsp;AVC e insufici\u00eancia card\u00edaca<\/a>&nbsp;em sua resid\u00eancia no&nbsp;<a class=\"\" href=\"https:\/\/g1.globo.com\/tudo-sobre\/vaticano\/\">Vaticano<\/a>. Embora tenham sido epis\u00f3dios inesperados, ocorreram em um momento de sa\u00fade fr\u00e1gil de Francisco. Ele havia recebido alta ap\u00f3s passar cinco semanas internado para tratar uma pneumonia.<\/p>\n\n\n\n<p>Em um papado de 12 anos, Francisco promoveu reformas hist\u00f3ricas e aproximou a Igreja de um catolicismo mais pr\u00f3ximo aos fi\u00e9is, que s\u00e3o mais de 1,3 bilh\u00e3o de pessoas pelo mundo mas que v\u00eam diminuindo gradualmente.<\/p>\n\n\n\n<p>A fuma\u00e7a branca tamb\u00e9m<strong>&nbsp;encerra oficialmente o chamado per\u00edodo de&nbsp;<\/strong><a class=\"\" href=\"https:\/\/g1.globo.com\/mundo\/noticia\/2025\/04\/21\/se-vacante-camerlengo-e-colegio-dos-cardeais-saiba-quem-comanda-a-igreja-catolica-apos-a-morte-do-papa-francisco.ghtml\"><strong>S\u00e9 Vacante<\/strong><\/a>, em que o &#8220;trono&#8221; da Igreja Cat\u00f3lica fica sem um l\u00edder entre a morte de um pont\u00edfice e a elei\u00e7\u00e3o do sucessor.<\/p>\n\n\n\n<p><strong><em>Como foi o primeiro dia de conclave<\/em><\/strong><\/p>\n\n\n\n<p>Na quarta (7), a fuma\u00e7a preta confirmou as expectativas para o primeiro dia do conclave, quando a possibilidade de que o novo pont\u00edfice fosse eleito era considerada muito baixa.<\/p>\n\n\n\n<p>O resultado da primeira vota\u00e7\u00e3o ocorreu cerca de tr\u00eas horas ap\u00f3s as portas da Capela Sistina serem fechadas, marcando o in\u00edcio oficial do conclave no qual os 133 cardeais aptos a votar para escolher um novo papa se isolam do mundo.<\/p>\n\n\n\n<p>Foi a&nbsp;<a class=\"\" href=\"https:\/\/g1.globo.com\/mundo\/noticia\/2025\/05\/07\/cardeais-entram-na-capela-sistina-em-procissao-para-dar-inicio-ao-conclave-video-e-fotos-1.ghtml\"><strong>maior demora dos tr\u00eas \u00faltimos conclaves<\/strong><\/a>. Um poss\u00edvel motivo para o atraso pode ter sido uma prega\u00e7\u00e3o que ocorreu antes da vota\u00e7\u00e3o e pode ter se estendido, segundo apurou o jornalista da TV Globo C\u00e9sar Tralli.<\/p>\n\n\n\n<p>Outra possibilidade \u00e9 o fato de que a maioria dos cardeais est\u00e1 em seu primeiro conclave.<\/p>\n\n\n\n<p>Cerca de 45 mil fi\u00e9is estavam na pra\u00e7a S\u00e3o Pedro aguardando o resultado da primeira vota\u00e7\u00e3o no momento em que a fuma\u00e7a foi expelida.<\/p>\n\n\n\n<p>Os cl\u00e9rigos entraram para o processo ap\u00f3s a missa\u00a0<em>Pro Eligendo Romano Pontifice<\/em>, rezada publicamente na Bas\u00edlica de S\u00e3o Pedro nesta manh\u00e3.<strong><em> (G1)<\/em><\/strong><\/p>\n\n\n\n<p><\/p>\n","protected":false},"excerpt":{"rendered":"<p>Pr\u00f3ximo do papa Francisco, Prevost, de 69 anos, \u00e9 o 1\u00ba pont\u00edfice dos Estados Unidos&hellip;<\/p>\n","protected":false},"author":2,"featured_media":20791,"comment_status":"open","ping_status":"open","sticky":false,"template":"","format":"standard","meta":{"footnotes":""},"categories":[28,70],"tags":[],"class_list":["post-20790","post","type-post","status-publish","format-standard","has-post-thumbnail","hentry","category-mundo","category-religiao"],"_links":{"self":[{"href":"https:\/\/atitudenoticias.com.br\/index.php?rest_route=\/wp\/v2\/posts\/20790","targetHints":{"allow":["GET"]}}],"collection":[{"href":"https:\/\/atitudenoticias.com.br\/index.php?rest_route=\/wp\/v2\/posts"}],"about":[{"href":"https:\/\/atitudenoticias.com.br\/index.php?rest_route=\/wp\/v2\/types\/post"}],"author":[{"embeddable":true,"href":"https:\/\/atitudenoticias.com.br\/index.php?rest_route=\/wp\/v2\/users\/2"}],"replies":[{"embeddable":true,"href":"https:\/\/atitudenoticias.com.br\/index.php?rest_route=%2Fwp%2Fv2%2Fcomments&post=20790"}],"version-history":[{"count":1,"href":"https:\/\/atitudenoticias.com.br\/index.php?rest_route=\/wp\/v2\/posts\/20790\/revisions"}],"predecessor-version":[{"id":20792,"href":"https:\/\/atitudenoticias.com.br\/index.php?rest_route=\/wp\/v2\/posts\/20790\/revisions\/20792"}],"wp:featuredmedia":[{"embeddable":true,"href":"https:\/\/atitudenoticias.com.br\/index.php?rest_route=\/wp\/v2\/media\/20791"}],"wp:attachment":[{"href":"https:\/\/atitudenoticias.com.br\/index.php?rest_route=%2Fwp%2Fv2%2Fmedia&parent=20790"}],"wp:term":[{"taxonomy":"category","embeddable":true,"href":"https:\/\/atitudenoticias.com.br\/index.php?rest_route=%2Fwp%2Fv2%2Fcategories&post=20790"},{"taxonomy":"post_tag","embeddable":true,"href":"https:\/\/atitudenoticias.com.br\/index.php?rest_route=%2Fwp%2Fv2%2Ftags&post=20790"}],"curies":[{"name":"wp","href":"https:\/\/api.w.org\/{rel}","templated":true}]}}