{"id":20816,"date":"2025-05-10T00:26:35","date_gmt":"2025-05-10T03:26:35","guid":{"rendered":"http:\/\/atitudenoticias.com.br\/?p=20816"},"modified":"2025-05-11T00:27:04","modified_gmt":"2025-05-11T03:27:04","slug":"vacinacao-de-caes-e-gatos-na-proxima-semana-na-ubs-cassa-e-no-irma-dulce","status":"publish","type":"post","link":"https:\/\/atitudenoticias.com.br\/?p=20816","title":{"rendered":"Vacina\u00e7\u00e3o de c\u00e3es e gatos na pr\u00f3xima semana na UBS Cassa e no Irm\u00e3 Dulce"},"content":{"rendered":"\n<p class=\"has-text-align-center\"><em><strong>Na segunda-feira (12) a vacina\u00e7\u00e3o vai ocorrer na UBS Cassa, no bairro Santa M\u00f4nica, das 9h \u00e0s 14h<\/strong><\/em><\/p>\n\n\n\n<p>A Secretaria Municipal de Sa\u00fade, por meio do Centro de Controle de Zoonoses (CCZ), dar\u00e1 continuidade \u00e0 vacina\u00e7\u00e3o contra a raiva em c\u00e3es e gatos nas unidades de sa\u00fade, na pr\u00f3xima semana.&nbsp;<\/p>\n\n\n\n<p>Na segunda-feira (12) a vacina\u00e7\u00e3o vai ocorrer na UBS Cassa, no bairro Santa M\u00f4nica, das 9h \u00e0s 14h. Na ter\u00e7a-feira (13) na unidade de sa\u00fade do Irm\u00e3 Dulce tamb\u00e9m das 9h \u00e0s 14h. Tamb\u00e9m est\u00e1 previsto a vacina\u00e7\u00e3o nos distritos, cuja data ser\u00e1 divulgada dentro em breve.<\/p>\n\n\n\n<p>Podem ser vacinados animais saud\u00e1veis a partir dos tr\u00eas meses de idade. \u00c9 recomendado que os tutores transportem os pets de maneira segura &#8211; os gatos em caixas apropriadas, enquanto os c\u00e3es devem estar em coleiras ou correntes.<\/p>\n\n\n\n<p>O Centro de Controle de Zoonoses alerta que os pets que foram vacinados h\u00e1 12 meses devem ser imunizados novamente. Esta \u00e9 a maneira mais eficaz utilizada no controle da raiva.<\/p>\n\n\n\n<p>Al\u00e9m disso, os donos de animais tamb\u00e9m podem realizar a imuniza\u00e7\u00e3o na sede do CCZ, localizada na avenida Eduardo Fr\u00f3es da Mota, S\/N. O atendimento \u00e9 das 8h \u00e0s 15h.<strong><em> (SECOM\/PMFS)<\/em><\/strong><\/p>\n","protected":false},"excerpt":{"rendered":"<p>Na segunda-feira (12) a vacina\u00e7\u00e3o vai ocorrer na UBS Cassa, no bairro Santa M\u00f4nica, das&hellip;<\/p>\n","protected":false},"author":2,"featured_media":6391,"comment_status":"open","ping_status":"open","sticky":false,"template":"","format":"standard","meta":{"footnotes":""},"categories":[58,75,25],"tags":[],"class_list":["post-20816","post","type-post","status-publish","format-standard","has-post-thumbnail","hentry","category-feira-de-santana","category-mundo-animal","category-saude"],"_links":{"self":[{"href":"https:\/\/atitudenoticias.com.br\/index.php?rest_route=\/wp\/v2\/posts\/20816","targetHints":{"allow":["GET"]}}],"collection":[{"href":"https:\/\/atitudenoticias.com.br\/index.php?rest_route=\/wp\/v2\/posts"}],"about":[{"href":"https:\/\/atitudenoticias.com.br\/index.php?rest_route=\/wp\/v2\/types\/post"}],"author":[{"embeddable":true,"href":"https:\/\/atitudenoticias.com.br\/index.php?rest_route=\/wp\/v2\/users\/2"}],"replies":[{"embeddable":true,"href":"https:\/\/atitudenoticias.com.br\/index.php?rest_route=%2Fwp%2Fv2%2Fcomments&post=20816"}],"version-history":[{"count":1,"href":"https:\/\/atitudenoticias.com.br\/index.php?rest_route=\/wp\/v2\/posts\/20816\/revisions"}],"predecessor-version":[{"id":20817,"href":"https:\/\/atitudenoticias.com.br\/index.php?rest_route=\/wp\/v2\/posts\/20816\/revisions\/20817"}],"wp:featuredmedia":[{"embeddable":true,"href":"https:\/\/atitudenoticias.com.br\/index.php?rest_route=\/wp\/v2\/media\/6391"}],"wp:attachment":[{"href":"https:\/\/atitudenoticias.com.br\/index.php?rest_route=%2Fwp%2Fv2%2Fmedia&parent=20816"}],"wp:term":[{"taxonomy":"category","embeddable":true,"href":"https:\/\/atitudenoticias.com.br\/index.php?rest_route=%2Fwp%2Fv2%2Fcategories&post=20816"},{"taxonomy":"post_tag","embeddable":true,"href":"https:\/\/atitudenoticias.com.br\/index.php?rest_route=%2Fwp%2Fv2%2Ftags&post=20816"}],"curies":[{"name":"wp","href":"https:\/\/api.w.org\/{rel}","templated":true}]}}