{"id":20856,"date":"2025-05-11T06:34:56","date_gmt":"2025-05-11T09:34:56","guid":{"rendered":"http:\/\/atitudenoticias.com.br\/?p=20856"},"modified":"2025-05-11T22:35:15","modified_gmt":"2025-05-12T01:35:15","slug":"ufc-315-jose-aldo-perde-luta-e-se-emociona-ao-anunciar-aposentadoria","status":"publish","type":"post","link":"https:\/\/atitudenoticias.com.br\/?p=20856","title":{"rendered":"UFC 315: Jos\u00e9 Aldo perde luta e se emociona ao anunciar aposentadoria"},"content":{"rendered":"\n<p class=\"has-text-align-center\"><strong><em>Ex-campe\u00e3o foi derrotado por Aiemann Zahabi via decis\u00e3o un\u00e2nime dos ju\u00edzes no Canad\u00e1; evento teve nomea\u00e7\u00e3o de Vitor Belfort para o Hall da Fama e brasileiros no oct\u00f3gono<\/em><\/strong><\/p>\n\n\n\n<p>Um dos maiores nomes da hist\u00f3ria do MMA, Jos\u00e9 Aldo anunciou aposentadoria neste s\u00e1bado, no UFC 315, disputado no Canad\u00e1. Ex-campe\u00e3o do peso-pena, o brasileiro perdeu a luta contra Aiemann Zahabi via decis\u00e3o un\u00e2nime dos ju\u00edzes (triplo 29-28). Ap\u00f3s a derrota contra o canadense, Aldo anunciou aposentadoria dos oct\u00f3gonos.<\/p>\n\n\n\n<p>Em depoimento emocionado, abalado ap\u00f3s a derrota, Jos\u00e9 Aldo agradeceu aos organizadores do UFC e disse que \u00e9 a hora de parar para aproveitar a fam\u00edlia dele. Aos 38 anos, afirmou que &#8220;n\u00e3o queria mais lutar&#8221; e disse que as lutas n\u00e3o fazem mais parte da vida dele.<\/p>\n\n\n\n<p>\u2014 Dana, obrigado por tudo. Obrigado a todo mundo do UFC, s\u00f3 tenho que agradecer todo mundo, mas a semana foi dif\u00edcil para &#8220;caraca&#8221;. N\u00e3o no neg\u00f3cio de peso, mas eu estava brigando com a minha mente para tentar ser o campe\u00e3o novamente. \u00c9 hora de parar, tenho que aproveitar minha fam\u00edlia, meus filhos, n\u00e3o quero mais \u2014 disse Aldo, que completou:<\/p>\n\n\n\n<p>\u2014 Quando eu estava batendo o peso, alguma coisa no meu cora\u00e7\u00e3o falou que eu n\u00e3o precisava bater o peso mais. Eu larguei. Se tivesse luta ia ter, se n\u00e3o tivesse eu n\u00e3o queria lutar mais. Ent\u00e3o acho que \u00e9 a \u00faltima vez que v\u00e3o me ver aqui dentro. Isso n\u00e3o faz parte mais da minha vida.<\/p>\n\n\n\n<p>A luta entre Aldo e Zahabi foi equilibrada at\u00e9 o fim. O auge foi no terceiro round, quando o canadense aguentou dois pontap\u00e9s seguidos de Aldo no rosto de Zahabi. Mais para o fim da luta, o canadense voltou \u00e0 ativa e terminou a luta por cima. Os ju\u00edzes entenderam que Zahabi venceu por unanimidade.<\/p>\n\n\n\n<h2 class=\"wp-block-heading\">Vitor Belfort entra para Hall da Fama<\/h2>\n\n\n\n<p>Vitor Belfort foi nomeado, durante o UFC 315, para o Hall da Fama do UFC. O campe\u00e3o do torneio dos pesos-pesados no UFC 12 e ex-campe\u00e3o dos meio-pesados foi nomeado para a classe de 2025 do Hall da Fama do UFC. Ele foi festejado na noite deste s\u00e1bado, no Canad\u00e1.<\/p>\n\n\n\n<figure class=\"wp-block-image\"><img decoding=\"async\" src=\"https:\/\/s2-ge.glbimg.com\/NMcxvwj7ozDFe9Z1XOLr-l9mZEA=\/0x0:1024x683\/984x0\/smart\/filters:strip_icc()\/i.s3.glbimg.com\/v1\/AUTH_bc8228b6673f488aa253bbcb03c80ec5\/internal_photos\/bs\/2025\/N\/d\/7GPvvFRyqVbV1U46ak8A\/gettyimages-2214440214.jpg\" alt=\"Victor Belfort \u00e9 anunciado no Hall da Fama do UFC \u2014 Foto: Chris Unger\/Zuffa LLC\"\/><\/figure>\n\n\n\n<p>Victor Belfort \u00e9 anunciado no Hall da Fama do UFC \u2014 Foto: Chris Unger\/Zuffa LLC<\/p>\n","protected":false},"excerpt":{"rendered":"<p>Ex-campe\u00e3o foi derrotado por Aiemann Zahabi via decis\u00e3o un\u00e2nime dos ju\u00edzes no Canad\u00e1; evento teve&hellip;<\/p>\n","protected":false},"author":2,"featured_media":20857,"comment_status":"open","ping_status":"open","sticky":false,"template":"","format":"standard","meta":{"footnotes":""},"categories":[26],"tags":[],"class_list":["post-20856","post","type-post","status-publish","format-standard","has-post-thumbnail","hentry","category-esportes"],"_links":{"self":[{"href":"https:\/\/atitudenoticias.com.br\/index.php?rest_route=\/wp\/v2\/posts\/20856","targetHints":{"allow":["GET"]}}],"collection":[{"href":"https:\/\/atitudenoticias.com.br\/index.php?rest_route=\/wp\/v2\/posts"}],"about":[{"href":"https:\/\/atitudenoticias.com.br\/index.php?rest_route=\/wp\/v2\/types\/post"}],"author":[{"embeddable":true,"href":"https:\/\/atitudenoticias.com.br\/index.php?rest_route=\/wp\/v2\/users\/2"}],"replies":[{"embeddable":true,"href":"https:\/\/atitudenoticias.com.br\/index.php?rest_route=%2Fwp%2Fv2%2Fcomments&post=20856"}],"version-history":[{"count":1,"href":"https:\/\/atitudenoticias.com.br\/index.php?rest_route=\/wp\/v2\/posts\/20856\/revisions"}],"predecessor-version":[{"id":20858,"href":"https:\/\/atitudenoticias.com.br\/index.php?rest_route=\/wp\/v2\/posts\/20856\/revisions\/20858"}],"wp:featuredmedia":[{"embeddable":true,"href":"https:\/\/atitudenoticias.com.br\/index.php?rest_route=\/wp\/v2\/media\/20857"}],"wp:attachment":[{"href":"https:\/\/atitudenoticias.com.br\/index.php?rest_route=%2Fwp%2Fv2%2Fmedia&parent=20856"}],"wp:term":[{"taxonomy":"category","embeddable":true,"href":"https:\/\/atitudenoticias.com.br\/index.php?rest_route=%2Fwp%2Fv2%2Fcategories&post=20856"},{"taxonomy":"post_tag","embeddable":true,"href":"https:\/\/atitudenoticias.com.br\/index.php?rest_route=%2Fwp%2Fv2%2Ftags&post=20856"}],"curies":[{"name":"wp","href":"https:\/\/api.w.org\/{rel}","templated":true}]}}