{"id":21052,"date":"2025-05-22T17:34:09","date_gmt":"2025-05-22T20:34:09","guid":{"rendered":"http:\/\/atitudenoticias.com.br\/?p=21052"},"modified":"2025-05-22T17:34:10","modified_gmt":"2025-05-22T20:34:10","slug":"cidades-baianas-sao-alvo-de-megaoperacao-contra-abuso-sexual-infantil","status":"publish","type":"post","link":"https:\/\/atitudenoticias.com.br\/?p=21052","title":{"rendered":"Cidades baianas s\u00e3o alvo de megaopera\u00e7\u00e3o contra abuso sexual infantil"},"content":{"rendered":"\n<p class=\"has-text-align-center\"><strong><em>Mandados foram autorizados pela Justi\u00e7a e fazem parte de um trabalho da Coordena\u00e7\u00e3o de Repress\u00e3o aos Crimes Cibern\u00e9ticos<\/em><\/strong><\/p>\n\n\n\n<p>A Policia Federal realizou, nesta quinta-feira, 22, uma opera\u00e7\u00e3o para investigar pessoas suspeitas de guardar, produzir e vender material de abuso sexual de crian\u00e7as e adolescentes. A a\u00e7\u00e3o aconteceu no sul da Bahia, com buscas nas cidades de Itamaraju e Prado. <\/p>\n\n\n\n<p>Os mandados de busca e apreens\u00e3o foram autorizados pela Justi\u00e7a e fazem parte de um trabalho da Coordena\u00e7\u00e3o de Repress\u00e3o aos Crimes Cibern\u00e9ticos Relacionados ao Abuso Sexual Infantojuvenil. O objetivo \u00e9 prender criminosos que abusam de crian\u00e7as e adolescentes, tanto na internet quanto no dia a dia. <a href=\"https:\/\/atarde.com.br\/bahia\/mata-de-sao-joao-advogado-ve-crimes-em-desapropriacao-de-terreno-1318620\"><\/a><\/p>\n\n\n\n<h6 class=\"wp-block-heading\">A Pol\u00edcia Federal destacou os resultados de a\u00e7\u00f5es parecidas realizadas neste ano:<\/h6>\n\n\n\n<p>&#8220;Somente em 2025 &#8211; entre janeiro e abril, a Pol\u00edcia Federal, por meio dos Grupos de Capturas, cumpriu 612 mandados de pris\u00e3o de foragidos da justi\u00e7a pelo cometimento de crimes sexuais que estavam pendentes de cumprimento, demonstrando o comprometimento de todas as \u00e1reas da Pol\u00edcia Federal no combate a esses delitos.&#8221;<\/p>\n\n\n\n<p>Al\u00e9m de prender os criminosos, a PF tamb\u00e9m refor\u00e7ou um alerta para fam\u00edlias,\u00a0sobre a import\u00e2ncia de monitorar e orientar seus filhos no mundo virtual e f\u00edsico, protegendo-os dos riscos de abusos sexuais.<em><strong> (ATarde)<\/strong><\/em><\/p>\n\n\n\n<p><\/p>\n","protected":false},"excerpt":{"rendered":"<p>Mandados foram autorizados pela Justi\u00e7a e fazem parte de um trabalho da Coordena\u00e7\u00e3o de Repress\u00e3o&hellip;<\/p>\n","protected":false},"author":2,"featured_media":21053,"comment_status":"open","ping_status":"open","sticky":false,"template":"","format":"standard","meta":{"footnotes":""},"categories":[22,60],"tags":[],"class_list":["post-21052","post","type-post","status-publish","format-standard","has-post-thumbnail","hentry","category-bahia","category-policia"],"_links":{"self":[{"href":"https:\/\/atitudenoticias.com.br\/index.php?rest_route=\/wp\/v2\/posts\/21052","targetHints":{"allow":["GET"]}}],"collection":[{"href":"https:\/\/atitudenoticias.com.br\/index.php?rest_route=\/wp\/v2\/posts"}],"about":[{"href":"https:\/\/atitudenoticias.com.br\/index.php?rest_route=\/wp\/v2\/types\/post"}],"author":[{"embeddable":true,"href":"https:\/\/atitudenoticias.com.br\/index.php?rest_route=\/wp\/v2\/users\/2"}],"replies":[{"embeddable":true,"href":"https:\/\/atitudenoticias.com.br\/index.php?rest_route=%2Fwp%2Fv2%2Fcomments&post=21052"}],"version-history":[{"count":1,"href":"https:\/\/atitudenoticias.com.br\/index.php?rest_route=\/wp\/v2\/posts\/21052\/revisions"}],"predecessor-version":[{"id":21054,"href":"https:\/\/atitudenoticias.com.br\/index.php?rest_route=\/wp\/v2\/posts\/21052\/revisions\/21054"}],"wp:featuredmedia":[{"embeddable":true,"href":"https:\/\/atitudenoticias.com.br\/index.php?rest_route=\/wp\/v2\/media\/21053"}],"wp:attachment":[{"href":"https:\/\/atitudenoticias.com.br\/index.php?rest_route=%2Fwp%2Fv2%2Fmedia&parent=21052"}],"wp:term":[{"taxonomy":"category","embeddable":true,"href":"https:\/\/atitudenoticias.com.br\/index.php?rest_route=%2Fwp%2Fv2%2Fcategories&post=21052"},{"taxonomy":"post_tag","embeddable":true,"href":"https:\/\/atitudenoticias.com.br\/index.php?rest_route=%2Fwp%2Fv2%2Ftags&post=21052"}],"curies":[{"name":"wp","href":"https:\/\/api.w.org\/{rel}","templated":true}]}}