{"id":21289,"date":"2025-06-04T00:00:59","date_gmt":"2025-06-04T03:00:59","guid":{"rendered":"http:\/\/atitudenoticias.com.br\/?p=21289"},"modified":"2025-06-04T00:01:10","modified_gmt":"2025-06-04T03:01:10","slug":"comite-de-governanca-debate-acoes-de-prevencao-a-violencia-em-feira","status":"publish","type":"post","link":"https:\/\/atitudenoticias.com.br\/?p=21289","title":{"rendered":"Comit\u00ea de Governan\u00e7a debate a\u00e7\u00f5es de preven\u00e7\u00e3o \u00e0 viol\u00eancia em Feira"},"content":{"rendered":"\n<p class=\"has-text-align-center\"><em><strong>Comit\u00ea tem como objetivo prevenir e combater a viol\u00eancia no estado<\/strong><\/em><\/p>\n\n\n\n<p>A 10\u00aa Reuni\u00e3o do Comit\u00ea de Governan\u00e7a da Bahia pela Paz reuniu representantes dos poderes Executivo, Legislativo e Judici\u00e1rio no audit\u00f3rio do Minist\u00e9rio P\u00fablico do Estado da Bahia, em Feira de Santana, na manh\u00e3 desta ter\u00e7a-feira (03). O prefeito Jos\u00e9 Ronaldo esteve presente em apoio \u00e0s a\u00e7\u00f5es que visam fortalecer a seguran\u00e7a p\u00fablica na cidade, considerada atualmente a mais violenta do pa\u00eds, segundo pesquisa de um instituto mexicano.<\/p>\n\n\n\n<p>Coordenado pela Secretaria de Justi\u00e7a e Direitos Humanos (SJDH) do Governo da Bahia, o Comit\u00ea tem como objetivo prevenir e combater a viol\u00eancia no estado. Em Feira de Santana, desenvolve um trabalho pioneiro no interior da Bahia. A reuni\u00e3o tamb\u00e9m contou com a presen\u00e7a do governador Jer\u00f4nimo Rodrigues e do secret\u00e1rio municipal de Comunica\u00e7\u00e3o, Joilton Freitas.<\/p>\n\n\n\n<p>O encontro teve ainda a participa\u00e7\u00e3o de representantes do Minist\u00e9rio P\u00fablico e da Defensoria P\u00fablica. Foram discutidas, entre outras pautas, a implanta\u00e7\u00e3o das duas primeiras unidades do Coletivo Bahia pela Paz em Feira de Santana, localizadas nos bairros Mangabeira e Concei\u00e7\u00e3o, al\u00e9m da import\u00e2ncia da participa\u00e7\u00e3o social no debate e no planejamento das a\u00e7\u00f5es de enfrentamento \u00e0 viol\u00eancia<em><strong>. (SECOM\/PMFS)<\/strong><\/em><\/p>\n","protected":false},"excerpt":{"rendered":"<p>Comit\u00ea tem como objetivo prevenir e combater a viol\u00eancia no estado A 10\u00aa Reuni\u00e3o do&hellip;<\/p>\n","protected":false},"author":2,"featured_media":21290,"comment_status":"open","ping_status":"open","sticky":false,"template":"","format":"standard","meta":{"footnotes":""},"categories":[58],"tags":[],"class_list":["post-21289","post","type-post","status-publish","format-standard","has-post-thumbnail","hentry","category-feira-de-santana"],"_links":{"self":[{"href":"https:\/\/atitudenoticias.com.br\/index.php?rest_route=\/wp\/v2\/posts\/21289","targetHints":{"allow":["GET"]}}],"collection":[{"href":"https:\/\/atitudenoticias.com.br\/index.php?rest_route=\/wp\/v2\/posts"}],"about":[{"href":"https:\/\/atitudenoticias.com.br\/index.php?rest_route=\/wp\/v2\/types\/post"}],"author":[{"embeddable":true,"href":"https:\/\/atitudenoticias.com.br\/index.php?rest_route=\/wp\/v2\/users\/2"}],"replies":[{"embeddable":true,"href":"https:\/\/atitudenoticias.com.br\/index.php?rest_route=%2Fwp%2Fv2%2Fcomments&post=21289"}],"version-history":[{"count":1,"href":"https:\/\/atitudenoticias.com.br\/index.php?rest_route=\/wp\/v2\/posts\/21289\/revisions"}],"predecessor-version":[{"id":21291,"href":"https:\/\/atitudenoticias.com.br\/index.php?rest_route=\/wp\/v2\/posts\/21289\/revisions\/21291"}],"wp:featuredmedia":[{"embeddable":true,"href":"https:\/\/atitudenoticias.com.br\/index.php?rest_route=\/wp\/v2\/media\/21290"}],"wp:attachment":[{"href":"https:\/\/atitudenoticias.com.br\/index.php?rest_route=%2Fwp%2Fv2%2Fmedia&parent=21289"}],"wp:term":[{"taxonomy":"category","embeddable":true,"href":"https:\/\/atitudenoticias.com.br\/index.php?rest_route=%2Fwp%2Fv2%2Fcategories&post=21289"},{"taxonomy":"post_tag","embeddable":true,"href":"https:\/\/atitudenoticias.com.br\/index.php?rest_route=%2Fwp%2Fv2%2Ftags&post=21289"}],"curies":[{"name":"wp","href":"https:\/\/api.w.org\/{rel}","templated":true}]}}