{"id":21295,"date":"2025-06-04T00:02:56","date_gmt":"2025-06-04T03:02:56","guid":{"rendered":"http:\/\/atitudenoticias.com.br\/?p=21295"},"modified":"2025-06-04T00:03:00","modified_gmt":"2025-06-04T03:03:00","slug":"bahia-sera-palco-em-2026-para-a-25a-conferencia-nacional-da-advocacia-maior-congresso-juridico-do-mundo","status":"publish","type":"post","link":"https:\/\/atitudenoticias.com.br\/?p=21295","title":{"rendered":"Bahia ser\u00e1 palco, em 2026, para a 25\u00aa Confer\u00eancia Nacional da Advocacia, maior congresso jur\u00eddico do mundo"},"content":{"rendered":"\n<p><\/p>\n\n\n\n<p>\u201cPorque a Bahia\u2026 a Bahia \u00e9 o mundo!\u201d\ud83c\udf0d. A frase \u00e9 da presidente da OAB Seccional Bahia, Daniela Borges, ao anunciar, nos \u00faltimos dias, que a capital baiana ser\u00e1 palco para a 25\u00aa Confer\u00eancia Nacional da Advocacia em 2026, o maior congresso jur\u00eddico do mundo.<\/p>\n\n\n\n<p>A OAB Subse\u00e7\u00e3o Feira de Santana, atrav\u00e9s da sua presidente, Lorena Peixoto, celebra com \u201calegria e honra essa conquista hist\u00f3rica, fruto da for\u00e7a e da uni\u00e3o da advocacia baiana\u201d.<\/p>\n\n\n\n<p>A confirma\u00e7\u00e3o de Salvador como sede no congresso do ano que vem foi anunciada pelo presidente da OAB Nacional, Beto Simonetti, durante sess\u00e3o do Conselho Pleno, na \u00faltima semana, com a presen\u00e7a marcante da presidente da OAB Bahia, Daniela Borges, e do vice-presidente da OAB Bahia, Hermes Hilari\u00e3o, que t\u00eam feito um trabalho que orgulha a classe.<\/p>\n\n\n\n<p>Tanto para Daniela Borges quanto para Lorena Peixoto, ambas presidentes da Seccional e da Subse\u00e7\u00e3o, respectivamente, a escolha da Bahia demonstra \u201ca relev\u00e2ncia e o protagonismo da advocacia baiana no cen\u00e1rio nacional\u201d, consolidada com o apoio das seccionais de Santa Catarina, Para\u00edba e Piau\u00ed, que retiraram suas candidaturas em favor da proposta baiana. \u201cSeguimos firmes, avan\u00e7ando, cuidando, inovando e transformando\u201d, frisa Daniela Borges.<\/p>\n\n\n\n<p>Em 2024, a 24\u00aa Confer\u00eancia Nacional da Advocacia aconteceu em Belo Horizonte, Minas Gerais, e teve como tema \u201cConstitui\u00e7\u00e3o, Democracia e Liberdades\u201d. O tema de 2026 ainda n\u00e3o foi anunciado, nem a data para realiza\u00e7\u00e3o do evento.<\/p>\n\n\n\n<p>Normalmente o evento acontece a cada tr\u00eas anos e tem programa\u00e7\u00e3o variada, composta por dezenas de pain\u00e9is e, normalmente, duas confer\u00eancias magnas, totalizando cerca de 400 palestrantes nacionais e internacionais. E o p\u00fablico participante, normalmente, engloba advogados(as), estudantes, estagi\u00e1rios(as), profissionais do Direito em geral e representantes dos Poderes Executivo, Legislativo e Judici\u00e1rio<em><strong>. (ASCOM)<\/strong><\/em><\/p>\n\n\n\n<figure class=\"wp-block-image size-large\"><img fetchpriority=\"high\" decoding=\"async\" width=\"840\" height=\"1024\" src=\"http:\/\/atitudenoticias.com.br\/wp-content\/uploads\/2025\/06\/oab-bahia-CONFERENCIA-NACIONAL-2026-840x1024.jpg\" alt=\"\" class=\"wp-image-21296\" srcset=\"https:\/\/atitudenoticias.com.br\/wp-content\/uploads\/2025\/06\/oab-bahia-CONFERENCIA-NACIONAL-2026-840x1024.jpg 840w, https:\/\/atitudenoticias.com.br\/wp-content\/uploads\/2025\/06\/oab-bahia-CONFERENCIA-NACIONAL-2026-246x300.jpg 246w, https:\/\/atitudenoticias.com.br\/wp-content\/uploads\/2025\/06\/oab-bahia-CONFERENCIA-NACIONAL-2026-768x936.jpg 768w, https:\/\/atitudenoticias.com.br\/wp-content\/uploads\/2025\/06\/oab-bahia-CONFERENCIA-NACIONAL-2026-1260x1536.jpg 1260w, https:\/\/atitudenoticias.com.br\/wp-content\/uploads\/2025\/06\/oab-bahia-CONFERENCIA-NACIONAL-2026-1170x1426.jpg 1170w, https:\/\/atitudenoticias.com.br\/wp-content\/uploads\/2025\/06\/oab-bahia-CONFERENCIA-NACIONAL-2026-585x713.jpg 585w, https:\/\/atitudenoticias.com.br\/wp-content\/uploads\/2025\/06\/oab-bahia-CONFERENCIA-NACIONAL-2026.jpg 1290w\" sizes=\"(max-width: 840px) 100vw, 840px\" \/><\/figure>\n","protected":false},"excerpt":{"rendered":"<p>\u201cPorque a Bahia\u2026 a Bahia \u00e9 o mundo!\u201d\ud83c\udf0d. A frase \u00e9 da presidente da OAB&hellip;<\/p>\n","protected":false},"author":2,"featured_media":21298,"comment_status":"open","ping_status":"open","sticky":false,"template":"","format":"standard","meta":{"footnotes":""},"categories":[22,62],"tags":[],"class_list":["post-21295","post","type-post","status-publish","format-standard","has-post-thumbnail","hentry","category-bahia","category-justica"],"_links":{"self":[{"href":"https:\/\/atitudenoticias.com.br\/index.php?rest_route=\/wp\/v2\/posts\/21295","targetHints":{"allow":["GET"]}}],"collection":[{"href":"https:\/\/atitudenoticias.com.br\/index.php?rest_route=\/wp\/v2\/posts"}],"about":[{"href":"https:\/\/atitudenoticias.com.br\/index.php?rest_route=\/wp\/v2\/types\/post"}],"author":[{"embeddable":true,"href":"https:\/\/atitudenoticias.com.br\/index.php?rest_route=\/wp\/v2\/users\/2"}],"replies":[{"embeddable":true,"href":"https:\/\/atitudenoticias.com.br\/index.php?rest_route=%2Fwp%2Fv2%2Fcomments&post=21295"}],"version-history":[{"count":2,"href":"https:\/\/atitudenoticias.com.br\/index.php?rest_route=\/wp\/v2\/posts\/21295\/revisions"}],"predecessor-version":[{"id":21299,"href":"https:\/\/atitudenoticias.com.br\/index.php?rest_route=\/wp\/v2\/posts\/21295\/revisions\/21299"}],"wp:featuredmedia":[{"embeddable":true,"href":"https:\/\/atitudenoticias.com.br\/index.php?rest_route=\/wp\/v2\/media\/21298"}],"wp:attachment":[{"href":"https:\/\/atitudenoticias.com.br\/index.php?rest_route=%2Fwp%2Fv2%2Fmedia&parent=21295"}],"wp:term":[{"taxonomy":"category","embeddable":true,"href":"https:\/\/atitudenoticias.com.br\/index.php?rest_route=%2Fwp%2Fv2%2Fcategories&post=21295"},{"taxonomy":"post_tag","embeddable":true,"href":"https:\/\/atitudenoticias.com.br\/index.php?rest_route=%2Fwp%2Fv2%2Ftags&post=21295"}],"curies":[{"name":"wp","href":"https:\/\/api.w.org\/{rel}","templated":true}]}}