{"id":21322,"date":"2025-06-06T17:15:35","date_gmt":"2025-06-06T20:15:35","guid":{"rendered":"http:\/\/atitudenoticias.com.br\/?p=21322"},"modified":"2025-06-09T23:19:45","modified_gmt":"2025-06-10T02:19:45","slug":"procon-flagra-456-produtos-vencidos-durante-operacao-dia-dos-namorados-em-feira-de-santana","status":"publish","type":"post","link":"https:\/\/atitudenoticias.com.br\/?p=21322","title":{"rendered":"Procon flagra 456 produtos vencidos durante Opera\u00e7\u00e3o Dia dos Namorados em Feira de Santana"},"content":{"rendered":"\n<p class=\"has-text-align-center\"><em><strong>A opera\u00e7\u00e3o teve como foco hot\u00e9is, mot\u00e9is e restaurantes &#8211; segmentos mais movimentados durante a data comemorativa<\/strong><\/em><\/p>\n\n\n\n<p>A Superintend\u00eancia Municipal de Prote\u00e7\u00e3o e Defesa do Consumidor (Procon-FSA) intensificou as a\u00e7\u00f5es de fiscaliza\u00e7\u00e3o em estabelecimentos comerciais de Feira de Santana durante a Opera\u00e7\u00e3o Dia dos Namorados, iniciada no \u00faltimo dia 27 de maio. Como resultado, foram encontrados 456 produtos com data de validade vencida, o que representa infra\u00e7\u00e3o grave e risco \u00e0 sa\u00fade dos consumidores.<\/p>\n\n\n\n<p>A opera\u00e7\u00e3o teve como foco hot\u00e9is, mot\u00e9is e restaurantes \u2014 segmentos mais movimentados durante a data comemorativa \u2014 al\u00e9m da verifica\u00e7\u00e3o do cumprimento das normas previstas no C\u00f3digo de Defesa do Consumidor, como a clareza nas informa\u00e7\u00f5es sobre pre\u00e7os, formas de pagamento e disponibilidade do CDC nos estabelecimentos.<\/p>\n\n\n\n<p>Segundo o superintendente do Procon, Maur\u00edcio Carvalho, o trabalho tem car\u00e1ter preventivo e educativo, mas irregularidades encontradas resultam em autos de constata\u00e7\u00e3o e processos administrativos, que podem levar \u00e0 aplica\u00e7\u00e3o de multas. \u201cEssa \u00e9 uma data em que milhares de rela\u00e7\u00f5es de consumo s\u00e3o realizadas. O Procon tem o dever de agir para proteger o consumidor contra pr\u00e1ticas abusivas e produtos que oferecem riscos \u00e0 sa\u00fade\u201d, afirmou.<\/p>\n\n\n\n<p><strong>Fiscaliza\u00e7\u00e3o em hot\u00e9is e mot\u00e9is<\/strong><\/p>\n\n\n\n<p>Foram vistoriados 15 estabelecimentos do setor de hospedagem, entre eles o Charmaut Hotel, Hotel Caju de Ouro, Motel Hollywood II e Hotel Acalanto. Desses, tr\u00eas apresentaram irregularidades e tiveram autos de constata\u00e7\u00e3o emitidos: Motel Eros, \u00danico Apart Hotel e Atmosfera Hotelaria.<\/p>\n\n\n\n<p><strong>Restaurantes tamb\u00e9m apresentaram irregularidades<\/strong><\/p>\n\n\n\n<p>Na categoria de alimenta\u00e7\u00e3o, 12 restaurantes foram fiscalizados, com 7 apresentando algum tipo de infra\u00e7\u00e3o. Estabelecimentos como Rancho Grill, Boi &amp; Brasa, JPG Restaurante e Corti\u00e7o foram autuados. Os fiscais observaram, entre outros pontos, a falta de clareza nos pre\u00e7os, aus\u00eancia do C\u00f3digo de Defesa do Consumidor em local vis\u00edvel e, principalmente, o armazenamento e venda de produtos com validade vencida.<\/p>\n\n\n\n<p><strong>Crime contra a sa\u00fade p\u00fablica<\/strong><\/p>\n\n\n\n<p>A presen\u00e7a de produtos vencidos em diferentes estabelecimentos foi classificada pelo Procon como uma infra\u00e7\u00e3o grav\u00edssima. \u201cO consumo desses itens pode colocar em risco a integridade f\u00edsica do consumidor. Al\u00e9m de ser um desrespeito, configura crime contra a sa\u00fade p\u00fablica\u201d, alertou Maur\u00edcio Carvalho. Os itens foram recolhidos e descartados de forma segura, conforme as normas do C\u00f3digo de Defesa do Consumidor. Todo o processo foi acompanhado por representantes dos estabelecimentos, que assinaram os autos de constata\u00e7\u00e3o.<\/p>\n\n\n\n<p><strong>Fiscaliza\u00e7\u00e3o segue at\u00e9 o Dia dos Namorados e ser\u00e1 ampliada para o S\u00e3o Jo\u00e3o<\/strong><\/p>\n\n\n\n<p>A opera\u00e7\u00e3o continua at\u00e9 o dia 12 de junho e, na pr\u00f3xima etapa, o Procon fiscalizar\u00e1 lojas de roupas, perfumes, floriculturas, eletrodom\u00e9sticos e eletr\u00f4nicos, setores com grande procura no per\u00edodo. Em seguida, ter\u00e1 in\u00edcio a Opera\u00e7\u00e3o S\u00e3o Jo\u00e3o, voltada para produtos t\u00edpicos das festas juninas, como bebidas e alimentos, garantindo pre\u00e7os justos e condi\u00e7\u00f5es adequadas de comercializa\u00e7\u00e3o.<\/p>\n\n\n\n<p>\u201cO objetivo do Procon \u00e9 garantir uma rela\u00e7\u00e3o de consumo segura, justa e equilibrada. Seguiremos firmes na miss\u00e3o de proteger o cidad\u00e3o de Feira de Santana\u201d, concluiu o superintendente.<em><strong> (SECOM\/PMFS)<\/strong><\/em><\/p>\n","protected":false},"excerpt":{"rendered":"<p>A opera\u00e7\u00e3o teve como foco hot\u00e9is, mot\u00e9is e restaurantes &#8211; segmentos mais movimentados durante a&hellip;<\/p>\n","protected":false},"author":2,"featured_media":21323,"comment_status":"open","ping_status":"open","sticky":false,"template":"","format":"standard","meta":{"footnotes":""},"categories":[58],"tags":[],"class_list":["post-21322","post","type-post","status-publish","format-standard","has-post-thumbnail","hentry","category-feira-de-santana"],"_links":{"self":[{"href":"https:\/\/atitudenoticias.com.br\/index.php?rest_route=\/wp\/v2\/posts\/21322","targetHints":{"allow":["GET"]}}],"collection":[{"href":"https:\/\/atitudenoticias.com.br\/index.php?rest_route=\/wp\/v2\/posts"}],"about":[{"href":"https:\/\/atitudenoticias.com.br\/index.php?rest_route=\/wp\/v2\/types\/post"}],"author":[{"embeddable":true,"href":"https:\/\/atitudenoticias.com.br\/index.php?rest_route=\/wp\/v2\/users\/2"}],"replies":[{"embeddable":true,"href":"https:\/\/atitudenoticias.com.br\/index.php?rest_route=%2Fwp%2Fv2%2Fcomments&post=21322"}],"version-history":[{"count":1,"href":"https:\/\/atitudenoticias.com.br\/index.php?rest_route=\/wp\/v2\/posts\/21322\/revisions"}],"predecessor-version":[{"id":21324,"href":"https:\/\/atitudenoticias.com.br\/index.php?rest_route=\/wp\/v2\/posts\/21322\/revisions\/21324"}],"wp:featuredmedia":[{"embeddable":true,"href":"https:\/\/atitudenoticias.com.br\/index.php?rest_route=\/wp\/v2\/media\/21323"}],"wp:attachment":[{"href":"https:\/\/atitudenoticias.com.br\/index.php?rest_route=%2Fwp%2Fv2%2Fmedia&parent=21322"}],"wp:term":[{"taxonomy":"category","embeddable":true,"href":"https:\/\/atitudenoticias.com.br\/index.php?rest_route=%2Fwp%2Fv2%2Fcategories&post=21322"},{"taxonomy":"post_tag","embeddable":true,"href":"https:\/\/atitudenoticias.com.br\/index.php?rest_route=%2Fwp%2Fv2%2Ftags&post=21322"}],"curies":[{"name":"wp","href":"https:\/\/api.w.org\/{rel}","templated":true}]}}