{"id":21331,"date":"2025-06-06T17:14:38","date_gmt":"2025-06-06T20:14:38","guid":{"rendered":"http:\/\/atitudenoticias.com.br\/?p=21331"},"modified":"2025-06-06T17:14:38","modified_gmt":"2025-06-06T20:14:38","slug":"arraia-do-comercio-abre-neste-sabado-os-festejos-juninos-em-feira-de-santana","status":"publish","type":"post","link":"https:\/\/atitudenoticias.com.br\/?p=21331","title":{"rendered":"Arrai\u00e1 do Com\u00e9rcio abre, neste s\u00e1bado, os festejos juninos em Feira de Santana"},"content":{"rendered":"\n<p class=\"has-text-align-center\"><em><strong>\u00c9 o in\u00edcio da grande maratona do forr\u00f3 que, anualmente, movimenta Feira de Santana, encerrando-se no S\u00e3o Pedro<\/strong><\/em><\/p>\n\n\n\n<p>O fole vai come\u00e7ar a roncar a partir das 10h da manh\u00e3 deste s\u00e1bado (7), em mais uma edi\u00e7\u00e3o do Arrai\u00e1 do Com\u00e9rcio, montado na Pra\u00e7a Bernardino Bahia, que se estender\u00e1 at\u00e9 o dia 15. A programa\u00e7\u00e3o musical ser\u00e1 realizada diariamente at\u00e9 as 22h. \u00c9 o in\u00edcio da grande maratona do forr\u00f3 que, anualmente, movimenta Feira de Santana, encerrando-se no S\u00e3o Pedro.<\/p>\n\n\n\n<p>O palco j\u00e1 est\u00e1 montado h\u00e1 dias, o grande sal\u00e3o ganhou decora\u00e7\u00e3o com motivos juninos \u2014 como as tradicionais bandeirolas coloridas \u2014 e as barracas aguardam os empreendedores que vender\u00e3o produtos t\u00edpicos do per\u00edodo. O forr\u00f3 ter\u00e1 como aliado o friozinho que come\u00e7a a chegar, convidando todos a rodopiar pelo sal\u00e3o.<\/p>\n\n\n\n<p>Promovido pelo Sesc (Servi\u00e7o Social do Com\u00e9rcio), o Arrai\u00e1 do Com\u00e9rcio abre oficialmente os festejos juninos no munic\u00edpio, que contar\u00e1 ainda com arrai\u00e1s nos distritos de Maria Quit\u00e9ria, Tiquaru\u00e7u e Jaguara (no S\u00e3o Jo\u00e3o), al\u00e9m de Bonfim de Feira, Ja\u00edba e Humildes (no S\u00e3o Pedro).<\/p>\n\n\n\n<p>Al\u00e9m do forr\u00f3, o evento contar\u00e1 com dezenas de barracas montadas sob toldos, oferecendo comidas e bebidas t\u00edpicas da rica, variada e saborosa gastronomia junina, como bolos, doces, licores de v\u00e1rios sabores, milho cozido ou assado e seus derivados, como a pamonha.<\/p>\n\n\n\n<p>Pelo palco, passar\u00e3o forrozeiros e trios nordestinos locais \u2014 uma iniciativa voltada \u00e0 valoriza\u00e7\u00e3o dos artistas da terra, que ter\u00e3o uma vitrine privilegiada para mostrar seus talentos e, quem sabe, deslanchar ou consolidar suas carreiras na m\u00fasica nordestina. O espa\u00e7o \u00e9 amplo, e a principal estrela ser\u00e1 ela: a sanfona \u2014 seja de oito ou de 120 baixos.<\/p>\n\n\n\n<p>O Arrai\u00e1 est\u00e1 pronto para receber, com conforto e seguran\u00e7a, milhares de pessoas todos os dias. O espa\u00e7o foi planejado para acolher quem busca divers\u00e3o no m\u00eas mais esperado do ano, que desperta a alegria contagiante dos sertanejos. Dan\u00e7ar forr\u00f3 \u00e9 uma das mais genu\u00ednas manifesta\u00e7\u00f5es da cultura regional.<\/p>\n\n\n\n<p>A Prefeitura de Feira de Santana apoia o evento por meio da atua\u00e7\u00e3o direta das secretarias de Trabalho, Turismo e Desenvolvimento Econ\u00f4mico; Cultura, Esporte e Lazer; Servi\u00e7os P\u00fablicos; da SMT (Superintend\u00eancia Municipal de Tr\u00e2nsito); e da Secretaria de Preven\u00e7\u00e3o \u00e0 Viol\u00eancia, com o suporte da Guarda Civil Municipal.<em><strong> (SECOM\/PMFS)<\/strong><\/em><\/p>\n","protected":false},"excerpt":{"rendered":"<p>\u00c9 o in\u00edcio da grande maratona do forr\u00f3 que, anualmente, movimenta Feira de Santana, encerrando-se&hellip;<\/p>\n","protected":false},"author":2,"featured_media":21332,"comment_status":"open","ping_status":"open","sticky":false,"template":"","format":"standard","meta":{"footnotes":""},"categories":[58,63],"tags":[],"class_list":["post-21331","post","type-post","status-publish","format-standard","has-post-thumbnail","hentry","category-feira-de-santana","category-sao-joao"],"_links":{"self":[{"href":"https:\/\/atitudenoticias.com.br\/index.php?rest_route=\/wp\/v2\/posts\/21331","targetHints":{"allow":["GET"]}}],"collection":[{"href":"https:\/\/atitudenoticias.com.br\/index.php?rest_route=\/wp\/v2\/posts"}],"about":[{"href":"https:\/\/atitudenoticias.com.br\/index.php?rest_route=\/wp\/v2\/types\/post"}],"author":[{"embeddable":true,"href":"https:\/\/atitudenoticias.com.br\/index.php?rest_route=\/wp\/v2\/users\/2"}],"replies":[{"embeddable":true,"href":"https:\/\/atitudenoticias.com.br\/index.php?rest_route=%2Fwp%2Fv2%2Fcomments&post=21331"}],"version-history":[{"count":1,"href":"https:\/\/atitudenoticias.com.br\/index.php?rest_route=\/wp\/v2\/posts\/21331\/revisions"}],"predecessor-version":[{"id":21333,"href":"https:\/\/atitudenoticias.com.br\/index.php?rest_route=\/wp\/v2\/posts\/21331\/revisions\/21333"}],"wp:featuredmedia":[{"embeddable":true,"href":"https:\/\/atitudenoticias.com.br\/index.php?rest_route=\/wp\/v2\/media\/21332"}],"wp:attachment":[{"href":"https:\/\/atitudenoticias.com.br\/index.php?rest_route=%2Fwp%2Fv2%2Fmedia&parent=21331"}],"wp:term":[{"taxonomy":"category","embeddable":true,"href":"https:\/\/atitudenoticias.com.br\/index.php?rest_route=%2Fwp%2Fv2%2Fcategories&post=21331"},{"taxonomy":"post_tag","embeddable":true,"href":"https:\/\/atitudenoticias.com.br\/index.php?rest_route=%2Fwp%2Fv2%2Ftags&post=21331"}],"curies":[{"name":"wp","href":"https:\/\/api.w.org\/{rel}","templated":true}]}}