{"id":21334,"date":"2025-06-06T17:20:21","date_gmt":"2025-06-06T20:20:21","guid":{"rendered":"http:\/\/atitudenoticias.com.br\/?p=21334"},"modified":"2025-06-06T17:23:28","modified_gmt":"2025-06-06T20:23:28","slug":"setre-abre-processo-seletivo-para-preenchimento-de-82-vagas-temporarias-na-proxima-segunda-feira-09","status":"publish","type":"post","link":"https:\/\/atitudenoticias.com.br\/?p=21334","title":{"rendered":"Setre abre processo seletivo para preenchimento de 82 vagas tempor\u00e1rias na pr\u00f3xima segunda-feira, 09"},"content":{"rendered":"\n<p><\/p>\n\n\n\n<p>A Secretaria do Trabalho, Emprego, Renda e Esporte (Setre) abre processo seletivo simplificado a partir da pr\u00f3xima segunda-feira, 09\/06, para contrata\u00e7\u00e3o de pessoal, por tempo determinado, em Regime Especial de Direito Administrativo (REDA). S\u00e3o 82 vagas em Salvador e outros 6 munic\u00edpios para t\u00e9cnico de n\u00edvel superior e t\u00e9cnico de n\u00edvel m\u00e9dio, em diversas \u00e1reas do conhecimento.<\/p>\n\n\n\n<p>As inscri\u00e7\u00f5es estar\u00e3o abertas das 0h do dia 09\/06\/2025 at\u00e9 \u00e0s 23:59h do dia 12\/06\/2025 e ser\u00e3o realizadas exclusivamente por meio do site www.selecao.ba.gov.br.<\/p>\n\n\n\n<p>O edital n\u00ba 001\/2025 pode ser acessado no endere\u00e7o https:\/\/www.ba.gov.br\/trabalho\/sites\/site-setre\/files\/2025-05\/EDITAL%20REDA%20SETRE%20001-2025_0.pdf.<\/p>\n\n\n\n<p>A sele\u00e7\u00e3o visa \u00e0 contrata\u00e7\u00e3o de pessoal pelo prazo determinado de at\u00e9 36 meses, com possibilidade de renova\u00e7\u00e3o por igual per\u00edodo, uma \u00fanica vez. O edital prev\u00ea a reserva de 30% das vagas para negros (pretos e pardos) e de 5% para candidatos com defici\u00eancia.<\/p>\n\n\n\n<p>S\u00e3o 52 vagas para t\u00e9cnico de n\u00edvel superior e outras 30 para t\u00e9cnico de n\u00edvel m\u00e9dio, sendo 76 na capital. Em Salvador as vagas de n\u00edvel superior s\u00e3o para as \u00e1reas administrativa (4), ci\u00eancias jur\u00eddicas (3), contabilidade (13), instrutoria de inform\u00e1tica (1), instrut\u00f3ria de libras (1), instrut\u00f3ria de portugu\u00eas (3), psicologia (7), servi\u00e7o social (3), supervis\u00e3o (3), supervis\u00e3o de a\u00e7\u00f5es de intermedia\u00e7\u00e3o (5), supervis\u00e3o de monitoramento (2), tecnologia da informa\u00e7\u00e3o (1). Para n\u00edvel m\u00e9dio, as vagas s\u00e3o para \u00e1reas administrativa (29) e contabilidade (1).<\/p>\n\n\n\n<p>No interior do estado s\u00e3o 6 oportunidades, uma para cada um dos seguintes munic\u00edpios: Alagoinhas e Cama\u00e7ari (Ci\u00eancias Jur\u00eddicas); e Brumado, Feira de Santana, Porto Seguro e Seabra (supervis\u00e3o de a\u00e7\u00f5es de intermedia\u00e7\u00e3o). <em><strong>(ASCOM\/SETRE)<\/strong><\/em><\/p>\n\n\n\n<p><\/p>\n\n\n\n<p><\/p>\n","protected":false},"excerpt":{"rendered":"<p>A Secretaria do Trabalho, Emprego, Renda e Esporte (Setre) abre processo seletivo simplificado a partir&hellip;<\/p>\n","protected":false},"author":2,"featured_media":21335,"comment_status":"open","ping_status":"open","sticky":false,"template":"","format":"standard","meta":{"footnotes":""},"categories":[80,33],"tags":[],"class_list":["post-21334","post","type-post","status-publish","format-standard","has-post-thumbnail","hentry","category-concurso","category-emprego"],"_links":{"self":[{"href":"https:\/\/atitudenoticias.com.br\/index.php?rest_route=\/wp\/v2\/posts\/21334","targetHints":{"allow":["GET"]}}],"collection":[{"href":"https:\/\/atitudenoticias.com.br\/index.php?rest_route=\/wp\/v2\/posts"}],"about":[{"href":"https:\/\/atitudenoticias.com.br\/index.php?rest_route=\/wp\/v2\/types\/post"}],"author":[{"embeddable":true,"href":"https:\/\/atitudenoticias.com.br\/index.php?rest_route=\/wp\/v2\/users\/2"}],"replies":[{"embeddable":true,"href":"https:\/\/atitudenoticias.com.br\/index.php?rest_route=%2Fwp%2Fv2%2Fcomments&post=21334"}],"version-history":[{"count":2,"href":"https:\/\/atitudenoticias.com.br\/index.php?rest_route=\/wp\/v2\/posts\/21334\/revisions"}],"predecessor-version":[{"id":21338,"href":"https:\/\/atitudenoticias.com.br\/index.php?rest_route=\/wp\/v2\/posts\/21334\/revisions\/21338"}],"wp:featuredmedia":[{"embeddable":true,"href":"https:\/\/atitudenoticias.com.br\/index.php?rest_route=\/wp\/v2\/media\/21335"}],"wp:attachment":[{"href":"https:\/\/atitudenoticias.com.br\/index.php?rest_route=%2Fwp%2Fv2%2Fmedia&parent=21334"}],"wp:term":[{"taxonomy":"category","embeddable":true,"href":"https:\/\/atitudenoticias.com.br\/index.php?rest_route=%2Fwp%2Fv2%2Fcategories&post=21334"},{"taxonomy":"post_tag","embeddable":true,"href":"https:\/\/atitudenoticias.com.br\/index.php?rest_route=%2Fwp%2Fv2%2Ftags&post=21334"}],"curies":[{"name":"wp","href":"https:\/\/api.w.org\/{rel}","templated":true}]}}