{"id":21342,"date":"2025-06-06T18:26:38","date_gmt":"2025-06-06T21:26:38","guid":{"rendered":"http:\/\/atitudenoticias.com.br\/?p=21342"},"modified":"2025-06-06T18:26:38","modified_gmt":"2025-06-06T21:26:38","slug":"estudante-brasileiro-detido-por-agentes-de-imigracao-nos-eua-e-liberado-sob-fianca","status":"publish","type":"post","link":"https:\/\/atitudenoticias.com.br\/?p=21342","title":{"rendered":"Estudante brasileiro detido por agentes de imigra\u00e7\u00e3o nos EUA \u00e9 liberado sob fian\u00e7a"},"content":{"rendered":"\n<p class=\"has-text-align-center\"><strong><em>Marcelo Gomes estava indo para um treino de v\u00f4lei com outros tr\u00eas colegas quando foi abordado pelos agentes do Servi\u00e7o de Imigra\u00e7\u00e3o e Alf\u00e2ndega dos EUA (ICE, em ingl\u00eas). Segundo diretor do \u00f3rg\u00e3o, autoridades estava \u00e0 procura do pai dele quando efetuaram a pris\u00e3o.<\/em><\/strong><\/p>\n\n\n\n<p>O estudante brasileiro Marcelo Gomes, de 18 anos, foi solto para responder em liberdade a um pedido de deporta\u00e7\u00e3o ap\u00f3s ser detido por agentes do Servi\u00e7o de Imigra\u00e7\u00e3o e Alf\u00e2ndega dos EUA (ICE, em ingl\u00eas).<\/p>\n\n\n\n<p>Ele foi liberado ap\u00f3s comparecer a uma audi\u00eancia de cust\u00f3dia na quinta-feira (5).<\/p>\n\n\n\n<p>Gomes estava detido desde o \u00faltimo dia 31, quando seguia para um treino de v\u00f4lei com outros tr\u00eas estudantes e foi abordado em Milford, no estado de Massachusetts. De acordo com Todd Lyons, diretor interino do ICE,\u00a0<a class=\"\" href=\"https:\/\/g1.globo.com\/mundo\/noticia\/2025\/06\/03\/imigracao-dos-eua-estava-procurando-pai-de-estudante-brasileiro-quando-o-prendeu-ainda-nao-se-entregou-e-sabe-que-era-o-alvo.ghtml\">o jovem s\u00f3 foi parado porque estava dirigindo o carro do pai, Jo\u00e3o Paulo Gomes Pereira, que era o alvo original dos agentes<\/a>.<\/p>\n\n\n\n<p>De acordo com a CBS News, sua fam\u00edlia pagou uma fian\u00e7a de US$ 2.000 (R$ 11.130, na cota\u00e7\u00e3o atual).<\/p>\n\n\n\n<blockquote class=\"wp-block-quote is-layout-flow wp-block-quote-is-layout-flow\">\n<p>&#8220;Eu n\u00e3o sabia sobre o status da minha cidadania porque eu cheguei aqui quando tinha 6 anos de idade&#8221;, disse Gomes, \u00e0 imprensa local. &#8220;Eu cresci em Milford, esse \u00e9 o meu lar.&#8221;<\/p>\n<\/blockquote>\n\n\n\n<p>O jovem disse que, na pris\u00e3o onde ele foi colocado por seis dias, os detentos permanecem em um local sem acesso \u00e0 luz solar, e que ele teve de dividir o banheiro com outras 35 pessoas.<\/p>\n\n\n\n<p>Gomes afirmou tamb\u00e9m que, por falar ingl\u00e2s, espanhol e portugu\u00eas, ele atuava informalmente como tradutor para outros detentos, para que seus colegas soubessem o que diziam os pap\u00e9is que agentes da ICE queriam que assinassem.<\/p>\n\n\n\n<p>A pris\u00e3o gerou um grande protesto no domingo em Milford, sub\u00farbio de Boston onde ele vive. O\u00a0<strong>Est\u00fadio i<\/strong>\u00a0exibiu imagens da mobiliza\u00e7\u00e3o.<\/p>\n\n\n\n<p>As informa\u00e7\u00f5es sobre a deten\u00e7\u00e3o do estudante brasileiro foram divulgadas pela rede de televis\u00e3o americana CBS News nesta segunda-feira (2).<\/p>\n\n\n\n<p>Todd Lyons defendeu a pris\u00e3o, alegando que o estudante &#8220;est\u00e1 neste pa\u00eds ilegalmente e n\u00e3o vamos dar as costas a ningu\u00e9m&#8221;.<\/p>\n\n\n\n<p>Segundo a ag\u00eancia Reuters, os agentes reiteraram que o jovem n\u00e3o inicialmente era o&nbsp;alvo da opera\u00e7\u00e3o e que os esfor\u00e7os estavam voltados para a captura de seu pai, que continua foragido.<\/p>\n\n\n\n<blockquote class=\"wp-block-quote is-layout-flow wp-block-quote-is-layout-flow\">\n<p>\u201cObviamente, ele n\u00e3o \u00e9 o pai do ano, j\u00e1 que tamb\u00e9m trouxe o filho ilegalmente para o pa\u00eds\u201d, afirmou Lyons.<\/p>\n<\/blockquote>\n\n\n\n<p>Gomes permaneceu detido em um centro de deten\u00e7\u00e3o do ICE na cidade de Burlington<strong><em>. (G1)<\/em><\/strong><\/p>\n\n\n\n<p><\/p>\n\n\n\n<p><\/p>\n","protected":false},"excerpt":{"rendered":"<p>Marcelo Gomes estava indo para um treino de v\u00f4lei com outros tr\u00eas colegas quando foi&hellip;<\/p>\n","protected":false},"author":2,"featured_media":21343,"comment_status":"open","ping_status":"open","sticky":false,"template":"","format":"standard","meta":{"footnotes":""},"categories":[28],"tags":[],"class_list":["post-21342","post","type-post","status-publish","format-standard","has-post-thumbnail","hentry","category-mundo"],"_links":{"self":[{"href":"https:\/\/atitudenoticias.com.br\/index.php?rest_route=\/wp\/v2\/posts\/21342","targetHints":{"allow":["GET"]}}],"collection":[{"href":"https:\/\/atitudenoticias.com.br\/index.php?rest_route=\/wp\/v2\/posts"}],"about":[{"href":"https:\/\/atitudenoticias.com.br\/index.php?rest_route=\/wp\/v2\/types\/post"}],"author":[{"embeddable":true,"href":"https:\/\/atitudenoticias.com.br\/index.php?rest_route=\/wp\/v2\/users\/2"}],"replies":[{"embeddable":true,"href":"https:\/\/atitudenoticias.com.br\/index.php?rest_route=%2Fwp%2Fv2%2Fcomments&post=21342"}],"version-history":[{"count":1,"href":"https:\/\/atitudenoticias.com.br\/index.php?rest_route=\/wp\/v2\/posts\/21342\/revisions"}],"predecessor-version":[{"id":21344,"href":"https:\/\/atitudenoticias.com.br\/index.php?rest_route=\/wp\/v2\/posts\/21342\/revisions\/21344"}],"wp:featuredmedia":[{"embeddable":true,"href":"https:\/\/atitudenoticias.com.br\/index.php?rest_route=\/wp\/v2\/media\/21343"}],"wp:attachment":[{"href":"https:\/\/atitudenoticias.com.br\/index.php?rest_route=%2Fwp%2Fv2%2Fmedia&parent=21342"}],"wp:term":[{"taxonomy":"category","embeddable":true,"href":"https:\/\/atitudenoticias.com.br\/index.php?rest_route=%2Fwp%2Fv2%2Fcategories&post=21342"},{"taxonomy":"post_tag","embeddable":true,"href":"https:\/\/atitudenoticias.com.br\/index.php?rest_route=%2Fwp%2Fv2%2Ftags&post=21342"}],"curies":[{"name":"wp","href":"https:\/\/api.w.org\/{rel}","templated":true}]}}