{"id":21345,"date":"2025-06-06T18:50:12","date_gmt":"2025-06-06T21:50:12","guid":{"rendered":"http:\/\/atitudenoticias.com.br\/?p=21345"},"modified":"2025-06-06T18:50:13","modified_gmt":"2025-06-06T21:50:13","slug":"homem-e-preso-com-arsenal-ilegal-e-simbolos-nazistas-dentro-de-casa","status":"publish","type":"post","link":"https:\/\/atitudenoticias.com.br\/?p=21345","title":{"rendered":"Homem \u00e9 preso com arsenal ilegal e s\u00edmbolos nazistas dentro de casa"},"content":{"rendered":"\n<p class=\"has-text-align-center\"><strong><em>Investiga\u00e7\u00e3o, conduzida pela Pol\u00edcia Civil do Rio Grande do Sul, teve in\u00edcio ap\u00f3s uma den\u00fancia an\u00f4nima<\/em><\/strong><\/p>\n\n\n\n<p>Uma opera\u00e7\u00e3o policial realizada no bairro Santana, em&nbsp;<a href=\"https:\/\/atarde.com.br\/?q=Porto+Alegre&amp;d=1\" target=\"_blank\" rel=\"noreferrer noopener\">Porto Alegre<\/a>, revelou uma cena chocante: dentro de um apartamento, policiais encontraram uma imagem de&nbsp;<a href=\"https:\/\/atarde.com.br\/?q=Adolf+Hitler&amp;d=1\" target=\"_blank\" rel=\"noreferrer noopener\">Adolf Hitler<\/a>&nbsp;colada na geladeira, uma bandeira com a su\u00e1stica nazista e um cofre cheio de armas e muni\u00e7\u00f5es.<\/p>\n\n\n\n<p>O respons\u00e1vel pelo material \u00e9 um homem de 56 anos, preso em flagrante por apologia ao nazismo e posse ilegal de armamento. A investiga\u00e7\u00e3o, conduzida pela Pol\u00edcia Civil do Rio Grande do Sul, teve in\u00edcio ap\u00f3s uma den\u00fancia an\u00f4nima sobre a exist\u00eancia de itens ilegais em uma sala de condom\u00ednio onde o suspeito trabalhava. <a href=\"https:\/\/atarde.com.br\/brasil\/apos-matar-ex-homem-afasta-enteada-e-tenta-casar-com-genro-menor-1330072\"><\/a><\/p>\n\n\n\n<h6 class=\"wp-block-heading\">Na \u00faltima quarta-feira, 4, por volta das 17h, agentes do 9\u00ba Batalh\u00e3o da Pol\u00edcia Militar e da 10\u00aa Delegacia de Pol\u00edcia foram at\u00e9 o endere\u00e7o indicado, na rua Jer\u00f4nimo de Ornelas. No local, al\u00e9m da imagem de Hitler e da bandeira nazista, os policiais encontraram dois rev\u00f3lveres \u2014 calibres .45 e .38 \u2014 mais de 200 muni\u00e7\u00f5es e uma espingarda Winchester calibre .44 escondida atr\u00e1s da geladeira.<\/h6>\n\n\n\n<p>O homem, que n\u00e3o teve o nome divulgado, n\u00e3o possu\u00eda antecedentes criminais. Ele foi levado \u00e0 2\u00aa Delegacia de Pol\u00edcia de Pronto Atendimento, onde teve a pris\u00e3o registrada<em><strong>.  (ATarde)<\/strong><\/em><\/p>\n","protected":false},"excerpt":{"rendered":"<p>Investiga\u00e7\u00e3o, conduzida pela Pol\u00edcia Civil do Rio Grande do Sul, teve in\u00edcio ap\u00f3s uma den\u00fancia&hellip;<\/p>\n","protected":false},"author":2,"featured_media":21346,"comment_status":"open","ping_status":"open","sticky":false,"template":"","format":"standard","meta":{"footnotes":""},"categories":[74,60],"tags":[],"class_list":["post-21345","post","type-post","status-publish","format-standard","has-post-thumbnail","hentry","category-comportamento","category-policia"],"_links":{"self":[{"href":"https:\/\/atitudenoticias.com.br\/index.php?rest_route=\/wp\/v2\/posts\/21345","targetHints":{"allow":["GET"]}}],"collection":[{"href":"https:\/\/atitudenoticias.com.br\/index.php?rest_route=\/wp\/v2\/posts"}],"about":[{"href":"https:\/\/atitudenoticias.com.br\/index.php?rest_route=\/wp\/v2\/types\/post"}],"author":[{"embeddable":true,"href":"https:\/\/atitudenoticias.com.br\/index.php?rest_route=\/wp\/v2\/users\/2"}],"replies":[{"embeddable":true,"href":"https:\/\/atitudenoticias.com.br\/index.php?rest_route=%2Fwp%2Fv2%2Fcomments&post=21345"}],"version-history":[{"count":1,"href":"https:\/\/atitudenoticias.com.br\/index.php?rest_route=\/wp\/v2\/posts\/21345\/revisions"}],"predecessor-version":[{"id":21347,"href":"https:\/\/atitudenoticias.com.br\/index.php?rest_route=\/wp\/v2\/posts\/21345\/revisions\/21347"}],"wp:featuredmedia":[{"embeddable":true,"href":"https:\/\/atitudenoticias.com.br\/index.php?rest_route=\/wp\/v2\/media\/21346"}],"wp:attachment":[{"href":"https:\/\/atitudenoticias.com.br\/index.php?rest_route=%2Fwp%2Fv2%2Fmedia&parent=21345"}],"wp:term":[{"taxonomy":"category","embeddable":true,"href":"https:\/\/atitudenoticias.com.br\/index.php?rest_route=%2Fwp%2Fv2%2Fcategories&post=21345"},{"taxonomy":"post_tag","embeddable":true,"href":"https:\/\/atitudenoticias.com.br\/index.php?rest_route=%2Fwp%2Fv2%2Ftags&post=21345"}],"curies":[{"name":"wp","href":"https:\/\/api.w.org\/{rel}","templated":true}]}}