{"id":21423,"date":"2025-06-10T00:11:39","date_gmt":"2025-06-10T03:11:39","guid":{"rendered":"http:\/\/atitudenoticias.com.br\/?p=21423"},"modified":"2025-06-10T18:22:58","modified_gmt":"2025-06-10T21:22:58","slug":"selecao-feminina-tera-marta-jhonson-e-dudinha-na-copa-america","status":"publish","type":"post","link":"https:\/\/atitudenoticias.com.br\/?p=21423","title":{"rendered":"Sele\u00e7\u00e3o feminina ter\u00e1 Marta, Jhonson e Dudinha na Copa Am\u00e9rica"},"content":{"rendered":"\n<p class=\"has-text-align-center\"><em><strong>Lista com 23 convocadas foi anunciada nesta quinta por Arthur Elias<\/strong><\/em><\/p>\n\n\n\n<p>O t\u00e9cnico Arthur Elias convocou nesta segunda-feira (9) as 23 jogadoras da sele\u00e7\u00e3o brasileira feminina de futebol que ir\u00e3o em busca do nono t\u00edtulo da Copa Am\u00e9rica. O torneio continenal come\u00e7a&nbsp;em 12 de julho em Quito (Equador), com a participa\u00e7\u00e3o de 12 na\u00e7\u00f5es. No ataque, o treinador manteve a camisa 10 Marta (Orlando Pride~\/EUA), que retornou \u00e0 sele\u00e7\u00e3o&nbsp;nos \u00faltimos amistosos contra o Jap\u00e3o,&nbsp;e tamb\u00e9m as revela\u00e7\u00f5es Dudinha (S\u00e3o Paulo) e Jhonson (Corinthians), ambas com 19 anos, que balan\u00e7aram as redes contra as asi\u00e1ticas.O poder ofensivo da amarelinha conta ainda com Amanda Gutierres (Palmeiras), Gabi Portilho (Gotham FC\/EUA), Gio e Luany (ambas do Atl\u00e9tico de Madrid\/Espanha), al\u00e9m de Kerolin (Manchester City\/Inglaterrra).<\/p>\n\n\n\n<p>Antes da estreia no torneio, o Brasil far\u00e1 um \u00faltimo amistoso fora de casa contra a Fran\u00e7a, no pr\u00f3ximo dia 27 de junho (uma sexta-feira). Ser\u00e1 o primeiro reencontro das equipes ap\u00f3s as quartas de final da Olimp\u00edada de Paris no ano passado, quando o Brasil eliminou a Les Blues com vit\u00f3ria de 1 a 0 \u2013 na sequ\u00eancia, a amarelinha sequ\u00eancia faturou a medalha de prata. O amistoso ser\u00e1 no Stade des Alpes (Est\u00e1dio dos Alpes), em Grenobles.<\/p>\n\n\n\n<p>Ap\u00f3s o amistoso contra as francesas, a sele\u00e7\u00e3o retorna ao Brasil, onde concluir\u00e1 a prepara\u00e7\u00e3o f\u00edsica na Granja Comary, em Teres\u00f3polis (RJ). A equipe embarca para o Equador em 10 de julho.<\/p>\n\n\n\n<blockquote class=\"wp-block-quote is-layout-flow wp-block-quote-is-layout-flow\">\n<p>\u201cEu espero que olhem para o Brasil como favorito em todas as competi\u00e7\u00f5es, porque n\u00f3s vamos realmente entrar fortes em qualquer torneio. Eu entendo que a Copa Am\u00e9rica ser\u00e1 uma oportunidade de melhorarmos a nossa efici\u00eancia na organiza\u00e7\u00e3o ofensiva e trazer um crescimento para a Sele\u00e7\u00e3o. Alguns advers\u00e1rios na Am\u00e9rica do Sul marcam mais individual para o setor e eu acho isso \u00f3timo. Quanto mais cen\u00e1rios diferentes a jogadora tem, mais recursos ela desenvolve, tanto de t\u00e1tica individual quanto daquilo que interessa para a sele\u00e7\u00e3o brasileira jogar de forma organizada, que \u00e9 a t\u00e1tica coletiva&#8221;, disse Elias, durante coletiva ap\u00f3s a convoca\u00e7\u00e3o&nbsp;<\/p>\n<\/blockquote>\n\n\n\n<p>A amarelinha j\u00e1 disputou oito amistosos este ano, contra equipes bem ranqueadas pela Fifa (Col\u00f4mbia, Austr\u00e1lia, Estados Unidos e Jap\u00e3o).&nbsp; Foram seis vit\u00f3rias, uma delas in\u00e9dita contra as norte-americanas (2 a 1) na casa das advers\u00e1rias, no segundo jogo \u2013 no primeiro a sele\u00e7\u00e3o foi superada por 2 a 0. Tamb\u00e9m houve um empate no primeiro duelo contra a Col\u00f4mbia (1 a 1). &nbsp;<\/p>\n\n\n\n<p>Atual campe\u00e3 da Copa Am\u00e9rica, a sele\u00e7\u00e3o estrear\u00e1 em 13 de julho (um domingo), contra a Venezuela, pela primeira rodada do &nbsp;Grupo &nbsp;B (que tem ainda Bol\u00edvia, Col\u00f4mbia e Paraguai). J\u00e1 na chave A est\u00e3o Argentina, Chile, Equador, Peru e Uruguai.<\/p>\n\n\n\n<p>Apenas as duas primeiras colocadas na fase de grupos, seguir\u00e3o para as semifinais. Pelo regulamento, o l\u00edder da chave A enfrentar\u00e1 o segundo colocado do Grupo B , em 28 de julho. A outra semi reunir\u00e1 o segundo colocado do Grupo A contra o primeiro do Grupo B. Quem vencer, decidir\u00e1 o t\u00edtulo em 2 de agosto (um s\u00e1bado).<\/p>\n\n\n\n<h2 class=\"wp-block-heading\">Jogadoras convocadas por Athur Elias<\/h2>\n\n\n\n<p><strong>GOLEIRAS<\/strong><\/p>\n\n\n\n<p>Lorena &#8211; Kansas City (EUA)<\/p>\n\n\n\n<p>Camila &#8211; Cruzeiro<\/p>\n\n\n\n<p>Cl\u00e1udia &#8211; Fluminense<\/p>\n\n\n\n<p><strong>ZAGUEIRAS<\/strong><\/p>\n\n\n\n<p>Tarciane \u2013 Lyon (FRA)<\/p>\n\n\n\n<p>Isa Haas &#8211; Cruzeiro<\/p>\n\n\n\n<p>Kak\u00e1 \u2013 S\u00e3o Paulo<\/p>\n\n\n\n<p>Mariza &#8211; Corinthians<\/p>\n\n\n\n<p><strong>LATERAIS<\/strong><\/p>\n\n\n\n<p>Yasmim \u2013 Real Madrid (ESP)<\/p>\n\n\n\n<p>F\u00e1tima Dutra &#8211; Ferrovi\u00e1ria<\/p>\n\n\n\n<p>F\u00ea Palermo &#8211; Palmeiras<\/p>\n\n\n\n<p>Ant\u00f4nia \u2013 Real Madrid (ESP)<\/p>\n\n\n\n<p><strong>MEIA-CAMPISTAS<\/strong><\/p>\n\n\n\n<p>Angelina \u2013 Orlando Pride (EUA)<\/p>\n\n\n\n<p>Duda Sampaio &#8211; Corinthians<\/p>\n\n\n\n<p>Ary Borges \u2013 Racing Louisville (EUA)<\/p>\n\n\n\n<p>Ana Vit\u00f3ria \u2013 Atl\u00e9tico de Madrid (ESP)<\/p>\n\n\n\n<p><strong>ATACANTES<\/strong><\/p>\n\n\n\n<p>Kerolin \u2013 Manchester City (ING)<\/p>\n\n\n\n<p>Gio \u2013 Atl\u00e9tico de Madrid (ESP)<\/p>\n\n\n\n<p>Luany \u2013 Atl\u00e9tico de Madrid (ESP)<\/p>\n\n\n\n<p>Dudinha \u2013 S\u00e3o Paulo<\/p>\n\n\n\n<p>Marta \u2013 Orlando Pride (EUA)<\/p>\n\n\n\n<p>Amanda Gutierres &#8211; Palmeiras<\/p>\n\n\n\n<p>Gabi Portilho \u2013 Gotham (EUA)<\/p>\n\n\n\n<p>Jhonson &#8211; Corinthians<\/p>\n\n\n\n<h2 class=\"wp-block-heading\">Jogos do Brasil na Copa Am\u00e9rica Feminina<\/h2>\n\n\n\n<p><em>(programa\u00e7\u00e3o sujeita a altera\u00e7\u00f5es)<\/em><\/p>\n\n\n\n<p>13 de julho (domingo) &#8211;&nbsp;Brasil&nbsp;x Venezuela &#8211; 21h<\/p>\n\n\n\n<p>16 de julho (quarta-feira) &#8211;&nbsp;Brasil&nbsp;x Bol\u00edvia &#8211; 18h<\/p>\n\n\n\n<p>22 de julho (ter\u00e7a)&nbsp;&#8211;&nbsp;Brasil&nbsp;x Paraguai &#8211; 21h<\/p>\n\n\n\n<p>25 de julho (sexta)) &#8211;&nbsp;Brasil&nbsp;x Col\u00f4mbia &#8211; 21h<\/p>\n\n\n\n<p><em><strong>(Ag\u00eancia Brasil &#8211; Foto: Livia Villas Boas)<\/strong><\/em><\/p>\n\n\n\n<figure class=\"wp-block-image\"><img decoding=\"async\" src=\"https:\/\/agenciabrasil.ebc.com.br\/ebc.png?id=1646126&amp;o=node\" alt=\"\"\/><\/figure>\n\n\n\n<figure class=\"wp-block-image\"><img decoding=\"async\" src=\"https:\/\/agenciabrasil.ebc.com.br\/ebc.gif?id=1646126&amp;o=node\" alt=\"\"\/><\/figure>\n","protected":false},"excerpt":{"rendered":"<p>Lista com 23 convocadas foi anunciada nesta quinta por Arthur Elias O t\u00e9cnico Arthur Elias&hellip;<\/p>\n","protected":false},"author":2,"featured_media":21424,"comment_status":"open","ping_status":"open","sticky":false,"template":"","format":"standard","meta":{"footnotes":""},"categories":[26],"tags":[],"class_list":["post-21423","post","type-post","status-publish","format-standard","has-post-thumbnail","hentry","category-esportes"],"_links":{"self":[{"href":"https:\/\/atitudenoticias.com.br\/index.php?rest_route=\/wp\/v2\/posts\/21423","targetHints":{"allow":["GET"]}}],"collection":[{"href":"https:\/\/atitudenoticias.com.br\/index.php?rest_route=\/wp\/v2\/posts"}],"about":[{"href":"https:\/\/atitudenoticias.com.br\/index.php?rest_route=\/wp\/v2\/types\/post"}],"author":[{"embeddable":true,"href":"https:\/\/atitudenoticias.com.br\/index.php?rest_route=\/wp\/v2\/users\/2"}],"replies":[{"embeddable":true,"href":"https:\/\/atitudenoticias.com.br\/index.php?rest_route=%2Fwp%2Fv2%2Fcomments&post=21423"}],"version-history":[{"count":1,"href":"https:\/\/atitudenoticias.com.br\/index.php?rest_route=\/wp\/v2\/posts\/21423\/revisions"}],"predecessor-version":[{"id":21425,"href":"https:\/\/atitudenoticias.com.br\/index.php?rest_route=\/wp\/v2\/posts\/21423\/revisions\/21425"}],"wp:featuredmedia":[{"embeddable":true,"href":"https:\/\/atitudenoticias.com.br\/index.php?rest_route=\/wp\/v2\/media\/21424"}],"wp:attachment":[{"href":"https:\/\/atitudenoticias.com.br\/index.php?rest_route=%2Fwp%2Fv2%2Fmedia&parent=21423"}],"wp:term":[{"taxonomy":"category","embeddable":true,"href":"https:\/\/atitudenoticias.com.br\/index.php?rest_route=%2Fwp%2Fv2%2Fcategories&post=21423"},{"taxonomy":"post_tag","embeddable":true,"href":"https:\/\/atitudenoticias.com.br\/index.php?rest_route=%2Fwp%2Fv2%2Ftags&post=21423"}],"curies":[{"name":"wp","href":"https:\/\/api.w.org\/{rel}","templated":true}]}}