{"id":21438,"date":"2025-06-11T00:30:18","date_gmt":"2025-06-11T03:30:18","guid":{"rendered":"http:\/\/atitudenoticias.com.br\/?p=21438"},"modified":"2025-06-11T00:35:16","modified_gmt":"2025-06-11T03:35:16","slug":"suprema-corte-da-argentina-manda-prender-cristina-kirchner-condenacao-e-politica-diz-ex-presidente","status":"publish","type":"post","link":"https:\/\/atitudenoticias.com.br\/?p=21438","title":{"rendered":"Suprema Corte da Argentina manda prender Cristina Kirchner; condena\u00e7\u00e3o \u00e9 pol\u00edtica, diz ex-presidente"},"content":{"rendered":"\n<p class=\"has-text-align-center\"><strong><em>Ju\u00edzes rejeitaram recurso para anular condena\u00e7\u00e3o com pena de seis anos e inelegibilidade vital\u00edcia. Por ter mais de 70 anos, ex-presidente pode pedir pris\u00e3o domiciliar.<\/em><\/strong><\/p>\n\n\n\n<p>A Suprema Corte de Justi\u00e7a da Argentina determinou nesta ter\u00e7a-feira (10) a pris\u00e3o da ex-presidente <strong>Cristina Kirchner<\/strong>. Os ju\u00edzes rejeitaram um recurso que tentava anular uma condena\u00e7\u00e3o a seis anos de pris\u00e3o por corrup\u00e7\u00e3o.<\/p>\n\n\n\n<p>Com a decis\u00e3o, Cristina tem cinco dias \u00fateis para se apresentar voluntariamente para ser presa e ficar\u00e1 ineleg\u00edvel para cargos p\u00fablicos pelo resto da vida. Por ter mais de 70 anos, ela pode requerer o cumprimento da pena em regime domiciliar. <\/p>\n\n\n\n<p>A ex-presidente recebeu o resultado da decis\u00e3o na sede do Partido Justicialista, em Buenos Aires. Ap\u00f3s o an\u00fancio da Suprema Corte, a esquerdista fez um discurso para apoiadores que se aglomeraram em frente ao edif\u00edcio.<\/p>\n\n\n\n<p>Durante sua fala, Cristina afirmou que \u00e9 alvo de uma persegui\u00e7\u00e3o pol\u00edtica e disse que a senten\u00e7a j\u00e1 estava escrita. Ela tamb\u00e9m chamou os ju\u00edzes que confirmaram sua condena\u00e7\u00e3o de \u201cfantoches\u201d.<\/p>\n\n\n\n<blockquote class=\"wp-block-quote is-layout-flow wp-block-quote-is-layout-flow\">\n<p>&#8220;Esta Argentina em que vivemos hoje nunca deixa de nos surpreender&#8221;, afirmou. &#8220;N\u00e3o se confundam. [Os ju\u00edzes] s\u00e3o tr\u00eas fantoches que respondem a l\u00edderes naturais muito acima deles&#8221;, disse.<\/p>\n<\/blockquote>\n\n\n\n<p>Cristina tamb\u00e9m criticou o governo de Javier Milei e afirmou que o atual presidente est\u00e1 promovendo um desmonte em setores como economia e educa\u00e7\u00e3o. Segundo ela, sua pr\u00f3pria pris\u00e3o n\u00e3o mudar\u00e1 a situa\u00e7\u00e3o dos argentinos, mas ser\u00e1 seu &#8220;testemunho de dignidade pol\u00edtica e hist\u00f3rica&#8221;.<\/p>\n\n\n\n<p>&#8220;Podem me prender, mas as pessoas continuam recebendo sal\u00e1rios miser\u00e1veis ou perdendo o emprego, as aposentadorias v\u00e3o continuar insuficientes e n\u00e3o v\u00e3o chegar ao fim do m\u00eas, e os rem\u00e9dios est\u00e3o cada vez mais caros.&#8221;<\/p>\n\n\n\n<p>A condena\u00e7\u00e3o da ex-presidente j\u00e1 havia sido confirmada por duas inst\u00e2ncias da Justi\u00e7a argentina. Cristina, no entanto, aguardava em liberdade a an\u00e1lise do recurso apresentado \u00e0 Suprema Corte.<\/p>\n\n\n\n<p>Na segunda-feira (9), diante da possibilidade de pris\u00e3o, a ex-presidente convocou apoiadores a se mobilizarem e irem \u00e0s ruas contra a decis\u00e3o. Segundo o jornal Clar\u00edn, h\u00e1 bloqueios em rodovias que d\u00e3o acesso \u00e0 cidade de Buenos Aires.<\/p>\n\n\n\n<p>Na semana passada, Cristina havia anunciado a inten\u00e7\u00e3o de disputar as elei\u00e7\u00f5es legislativas de setembro, tentando uma vaga como deputada pela prov\u00edncia de Buenos Aires. Com a rejei\u00e7\u00e3o do recurso, ela n\u00e3o poder\u00e1 concorrer.<\/p>\n\n\n\n<p>Cristina Kirchner governou a Argentina por dois mandatos, entre 2007 e 2015. Mais tarde, foi vice-presidente durante o governo de Alberto Fern\u00e1ndez, de 2019 a 2023.<\/p>\n\n\n\n<h2 class=\"wp-block-heading\"><strong><em>O caso<\/em><\/strong>:<\/h2>\n\n\n\n<p>Cristina foi condenada por favorecer L\u00e1zaro B\u00e1ez, dono de uma empreiteira e amigo do casal Kirchner. Segundo a den\u00fancia, o empres\u00e1rio venceu 51 licita\u00e7\u00f5es para obras p\u00fablicas, muitas delas superfaturadas e sequer conclu\u00eddas.<\/p>\n\n\n\n<p>De acordo com a acusa\u00e7\u00e3o, ap\u00f3s vencer as licita\u00e7\u00f5es, B\u00e1ez repassava parte dos recursos p\u00fablicos das obras para Cristina e seu marido, N\u00e9stor Kirchner \u2014 que governou a Argentina entre 2003 e 2007 \u2014, al\u00e9m de empresas de familiares do casal.<\/p>\n\n\n\n<p>A ex-presidente foi acusada de chefiar uma organiza\u00e7\u00e3o criminosa e de conduzir uma administra\u00e7\u00e3o fraudulenta ao longo de 12 anos, per\u00edodo que inclui o governo de N\u00e9stor e os dois mandatos dela. O esquema teria causado um preju\u00edzo de US$ 1 bilh\u00e3o aos cofres p\u00fablicos.<\/p>\n\n\n\n<p>Cristina nega todas as acusa\u00e7\u00f5es e afirma que o tribunal j\u00e1 tinha a senten\u00e7a pronta desde o in\u00edcio do processo. Quando foi condenada em primeira inst\u00e2ncia, ela disse que a Justi\u00e7a agia como um \u201cpelot\u00e3o de fuzilamento\u201d.<\/p>\n\n\n\n<p>Al\u00e9m da ex-presidente, B\u00e1ez e outras duas pessoas tamb\u00e9m foram condenados a seis anos de pris\u00e3o. N\u00e9stor Kirchner morreu em 2010.<strong><em> (G1)<\/em><\/strong><\/p>\n","protected":false},"excerpt":{"rendered":"<p>Ju\u00edzes rejeitaram recurso para anular condena\u00e7\u00e3o com pena de seis anos e inelegibilidade vital\u00edcia. Por&hellip;<\/p>\n","protected":false},"author":2,"featured_media":4986,"comment_status":"open","ping_status":"open","sticky":false,"template":"","format":"standard","meta":{"footnotes":""},"categories":[28],"tags":[],"class_list":["post-21438","post","type-post","status-publish","format-standard","has-post-thumbnail","hentry","category-mundo"],"_links":{"self":[{"href":"https:\/\/atitudenoticias.com.br\/index.php?rest_route=\/wp\/v2\/posts\/21438","targetHints":{"allow":["GET"]}}],"collection":[{"href":"https:\/\/atitudenoticias.com.br\/index.php?rest_route=\/wp\/v2\/posts"}],"about":[{"href":"https:\/\/atitudenoticias.com.br\/index.php?rest_route=\/wp\/v2\/types\/post"}],"author":[{"embeddable":true,"href":"https:\/\/atitudenoticias.com.br\/index.php?rest_route=\/wp\/v2\/users\/2"}],"replies":[{"embeddable":true,"href":"https:\/\/atitudenoticias.com.br\/index.php?rest_route=%2Fwp%2Fv2%2Fcomments&post=21438"}],"version-history":[{"count":2,"href":"https:\/\/atitudenoticias.com.br\/index.php?rest_route=\/wp\/v2\/posts\/21438\/revisions"}],"predecessor-version":[{"id":21440,"href":"https:\/\/atitudenoticias.com.br\/index.php?rest_route=\/wp\/v2\/posts\/21438\/revisions\/21440"}],"wp:featuredmedia":[{"embeddable":true,"href":"https:\/\/atitudenoticias.com.br\/index.php?rest_route=\/wp\/v2\/media\/4986"}],"wp:attachment":[{"href":"https:\/\/atitudenoticias.com.br\/index.php?rest_route=%2Fwp%2Fv2%2Fmedia&parent=21438"}],"wp:term":[{"taxonomy":"category","embeddable":true,"href":"https:\/\/atitudenoticias.com.br\/index.php?rest_route=%2Fwp%2Fv2%2Fcategories&post=21438"},{"taxonomy":"post_tag","embeddable":true,"href":"https:\/\/atitudenoticias.com.br\/index.php?rest_route=%2Fwp%2Fv2%2Ftags&post=21438"}],"curies":[{"name":"wp","href":"https:\/\/api.w.org\/{rel}","templated":true}]}}