{"id":21479,"date":"2025-06-12T01:12:38","date_gmt":"2025-06-12T04:12:38","guid":{"rendered":"http:\/\/atitudenoticias.com.br\/?p=21479"},"modified":"2025-06-12T17:37:42","modified_gmt":"2025-06-12T20:37:42","slug":"30a-marcha-para-jesus-deve-ser-instrumento-de-transformacao-de-vidas-evento-devera-ser-o-maior-dos-ultimos-tempos","status":"publish","type":"post","link":"https:\/\/atitudenoticias.com.br\/?p=21479","title":{"rendered":"30\u00aa Marcha para Jesus deve ser instrumento de transforma\u00e7\u00e3o de vidas; evento dever\u00e1 ser o maior dos \u00faltimos tempos"},"content":{"rendered":"\n<p><\/p>\n\n\n\n<p>Louvor, adora\u00e7\u00e3o, ministra\u00e7\u00e3o de palestra, v\u00eddeo, apresenta\u00e7\u00e3o de coral e entrega de homenagens marcaram a sess\u00e3o solene que comemorou os 30 anos da Marcha para Jesus, na noite desta quarta-feira (11), na C\u00e2mara Municipal. O evento, que acontecer\u00e1 em Feira de Santana no dia 9 de agosto, foi celebrado pela primeira vez na Casa da Cidadania, por iniciativa do vereador Jorge Oliveira (PRD).<\/p>\n\n\n\n<figure class=\"wp-block-image\"><img decoding=\"async\" src=\"https:\/\/www.feiradesantana.ba.leg.br\/wp-content\/uploads\/2025\/06\/c0b1aada-9a57-434b-aa17-5286fb7ca70e-300x200.jpeg\" alt=\" \" class=\"wp-image-50404\"\/><\/figure>\n\n\n\n<p>Com galerias e plen\u00e1rio lotados, o autor da sess\u00e3o lembrou que esta Marcha para Jesus, especificamente, deve ser de grande propor\u00e7\u00e3o: \u201cDevemos marchar para Jesus com a consci\u00eancia de que podemos fazer a diferen\u00e7a\u201d. Seguindo os ensinamentos da B\u00edblia, \u201clivro de refer\u00eancia para a pr\u00e1tica da f\u00e9\u201d, Jorge refor\u00e7a que ele e os demais vereadores evang\u00e9licos \u201clutam, incessantemente, para que nossos princ\u00edpios sejam respeitados\u201d, e n\u00e3o tem d\u00favidas de que o evento ser\u00e1 um momento de reflex\u00e3o e f\u00e9.<\/p>\n\n\n\n<p>O ap\u00f3stolo Jos\u00e9 Ribeiro Santana, palestrante da noite, pontou que a Marcha para Jesus n\u00e3o deve ser considerada como um momento de entretenimento, e sim \u201ccomo o principal evento da cidade onde h\u00e1 engrandecimento do nome de quem est\u00e1 acima de todos: Jesus Cristo\u201d. Instrumento de transforma\u00e7\u00e3o de vida, disse o ap\u00f3stolo, na Marcha para Jesus, todos devem estar presentes com convic\u00e7\u00e3o, f\u00e9 e a certeza de que a \u201ccidade ser\u00e1 transformada pelo poder de Deus\u201d.<\/p>\n\n\n\n<figure class=\"wp-block-image\"><img decoding=\"async\" src=\"https:\/\/www.feiradesantana.ba.leg.br\/wp-content\/uploads\/2025\/06\/71ad6a27-1c87-4be2-b0fd-02bc9a064619-300x200.jpeg\" alt=\" \" class=\"wp-image-50408\"\/><\/figure>\n\n\n\n<p>Ap\u00f3s c\u00e2nticos e apresenta\u00e7\u00e3o de coral, a sess\u00e3o foi abrilhantada por entrega de placas e certificados, que congratularam personalidades evang\u00e9licas, dentre elas pastores, bispos, ap\u00f3stolos e o secret\u00e1rio de Servi\u00e7os P\u00fablicos, ex-vereador e presidente da C\u00e2mara, Justiniano Fran\u00e7a; o presidente da Casa, vereador Marcos Lima (UB), e o edil Pastor Valdemir (PP). Justiniano participou da organiza\u00e7\u00e3o da 1\u00aa Marcha para Jesus. Recordou que o evento j\u00e1 come\u00e7ou grande, e, a cada ano, cresce mais em fun\u00e7\u00e3o da repercuss\u00e3o. Lembrou que as primeiras foram a \u201coportunidade de unir as igrejas\u201d.<\/p>\n\n\n\n<p>Outro organizador do evento, Pastor Valdemir \u00e9 considerado pelo segmento evang\u00e9lico como aquele que \u201cfaz o elo entre organizadores da Marcha e o Poder P\u00fablico\u201d. Para Valdemir, o evento n\u00e3o \u00e9 de lazer, \u201cmas um marco prof\u00e9tico para que Jesus possa guardar e proteger a cidade\u201d. Para ele, n\u00e3o \u00e9 o maior, mas o mais importante evento da cidade: \u201cE, neste mandato, com muitos vereadores e secret\u00e1rios evang\u00e9licos, faremos a maior Marcha para Jesus dos \u00faltimos anos, declarou.<\/p>\n\n\n\n<figure class=\"wp-block-image\"><img decoding=\"async\" src=\"https:\/\/www.feiradesantana.ba.leg.br\/wp-content\/uploads\/2025\/06\/6a7b31c3-5887-45fd-9112-4207de04e472-300x200.jpeg\" alt=\" \" class=\"wp-image-50409\"\/><\/figure>\n\n\n\n<p>Reconhecido pela forma pac\u00edfica e ordeira como est\u00e1 conduzindo a Casa da Cidadania, o presidente Marcos Lima disse que o colega Jorge Oliveira \u201cn\u00e3o poderia deixar de ser homenageado\u201d. Agradecido, Marcos pediu esfor\u00e7o e uni\u00e3o de todos os evang\u00e9licos para que \u201ctenhamos um n\u00famero significante de participantes no evento\u201d, onde todos estar\u00e3o orando, agradecendo e glorificando o nome \u201cdo Senhor Jesus Cristo\u201d.<\/p>\n\n\n\n<figure class=\"wp-block-image\"><img decoding=\"async\" src=\"https:\/\/www.feiradesantana.ba.leg.br\/wp-content\/uploads\/2025\/06\/078fa532-a84c-463a-928a-9ed6c28d2e27-300x200.jpeg\" alt=\" \" class=\"wp-image-50490\"\/><\/figure>\n\n\n\n<h3 class=\"wp-block-heading\">ASCOM\/CMFS<\/h3>\n\n\n\n<p><\/p>\n","protected":false},"excerpt":{"rendered":"<p>Louvor, adora\u00e7\u00e3o, ministra\u00e7\u00e3o de palestra, v\u00eddeo, apresenta\u00e7\u00e3o de coral e entrega de homenagens marcaram a&hellip;<\/p>\n","protected":false},"author":2,"featured_media":21480,"comment_status":"open","ping_status":"open","sticky":false,"template":"","format":"standard","meta":{"footnotes":""},"categories":[58,30,70],"tags":[],"class_list":["post-21479","post","type-post","status-publish","format-standard","has-post-thumbnail","hentry","category-feira-de-santana","category-politica","category-religiao"],"_links":{"self":[{"href":"https:\/\/atitudenoticias.com.br\/index.php?rest_route=\/wp\/v2\/posts\/21479","targetHints":{"allow":["GET"]}}],"collection":[{"href":"https:\/\/atitudenoticias.com.br\/index.php?rest_route=\/wp\/v2\/posts"}],"about":[{"href":"https:\/\/atitudenoticias.com.br\/index.php?rest_route=\/wp\/v2\/types\/post"}],"author":[{"embeddable":true,"href":"https:\/\/atitudenoticias.com.br\/index.php?rest_route=\/wp\/v2\/users\/2"}],"replies":[{"embeddable":true,"href":"https:\/\/atitudenoticias.com.br\/index.php?rest_route=%2Fwp%2Fv2%2Fcomments&post=21479"}],"version-history":[{"count":2,"href":"https:\/\/atitudenoticias.com.br\/index.php?rest_route=\/wp\/v2\/posts\/21479\/revisions"}],"predecessor-version":[{"id":21482,"href":"https:\/\/atitudenoticias.com.br\/index.php?rest_route=\/wp\/v2\/posts\/21479\/revisions\/21482"}],"wp:featuredmedia":[{"embeddable":true,"href":"https:\/\/atitudenoticias.com.br\/index.php?rest_route=\/wp\/v2\/media\/21480"}],"wp:attachment":[{"href":"https:\/\/atitudenoticias.com.br\/index.php?rest_route=%2Fwp%2Fv2%2Fmedia&parent=21479"}],"wp:term":[{"taxonomy":"category","embeddable":true,"href":"https:\/\/atitudenoticias.com.br\/index.php?rest_route=%2Fwp%2Fv2%2Fcategories&post=21479"},{"taxonomy":"post_tag","embeddable":true,"href":"https:\/\/atitudenoticias.com.br\/index.php?rest_route=%2Fwp%2Fv2%2Ftags&post=21479"}],"curies":[{"name":"wp","href":"https:\/\/api.w.org\/{rel}","templated":true}]}}