{"id":21551,"date":"2025-06-16T17:43:42","date_gmt":"2025-06-16T20:43:42","guid":{"rendered":"http:\/\/atitudenoticias.com.br\/?p=21551"},"modified":"2025-06-16T17:46:10","modified_gmt":"2025-06-16T20:46:10","slug":"perigo-no-sao-joao-bahia-reforca-atendimento-a-vitimas-de-queimaduras","status":"publish","type":"post","link":"https:\/\/atitudenoticias.com.br\/?p=21551","title":{"rendered":"Perigo no S\u00e3o Jo\u00e3o: Bahia refor\u00e7a atendimento a v\u00edtimas de queimaduras"},"content":{"rendered":"\n<p class=\"has-text-align-center\"><strong><em>Hospitais especializados na Bahia recebem refor\u00e7os para o per\u00edodo de festejos juninos<\/em><\/strong><\/p>\n\n\n\n<p>Com tr\u00eas centros de tratamento de queimados na rede de assist\u00eancia estadual, a Bahia \u00e9 refer\u00eancia para o cuidado de pacientes v\u00edtimas de acidentes que provocam queimaduras. Os servi\u00e7os est\u00e3o instalados no Hospital Geral do Estado (HGE), em Salvador, no Hospital Regional de Santo Ant\u00f4nio de Jesus (HRSAJ) e no\u00a0Hospital do Oeste, em Barreiras.<\/p>\n\n\n\n<p>Segundo a\u00a0Secretaria da Sa\u00fade do Estado (Sesab), que administra as unidades, as tr\u00eas estar\u00e3o com equipes refor\u00e7adas durante o S\u00e3o Jo\u00e3o para garantir a assist\u00eancia em caso de necessidade.<\/p>\n\n\n\n<p>A iniciativa faz parte do pacote de a\u00e7\u00f5es de R$ 12,2 milh\u00f5es que o governo do Estado anunciou para os festejos juninos. O superintendente de Aten\u00e7\u00e3o Integral \u00e0 Sa\u00fade da Sesab, Karlos Figueredo, afirma que esta prepara\u00e7\u00e3o \u00e9 essencial para garantir a assist\u00eancia. \u201cNossa ideia \u00e9 dar tranquilidade a quem vai curtir o S\u00e3o Jo\u00e3o, assegurando atendimento para quem precisar\u201d, afirma.<\/p>\n\n\n\n<p>De acordo com a Sesab, o refor\u00e7o no atendimento se d\u00e1 principalmente por conta do hist\u00f3rico de aumento de interna\u00e7\u00f5es por queimaduras causadas por fogos de artif\u00edcio nesta \u00e9poca do ano. Os dados apresentados pela pasta apontam que o m\u00eas de junho concentram os maiores \u00edndices de interna\u00e7\u00e3o por acidentes desse tipo. Ao longo de 2024, foram 75 interna\u00e7\u00f5es, sendo 32% somente em junho. Em 2023, este m\u00eas concentrou 30% das 69 interna\u00e7\u00f5es registradas.<\/p>\n\n\n\n<p>A prepara\u00e7\u00e3o da rede de atendimento \u00e9 essencial para atender v\u00edtimas como o motorista por aplicativo Josimar Lima Rodrigues. Ele conta que, nas festas juninas de 2021, precisou ser atendido em uma unidade de sa\u00fade por conta de uma queimadura.<\/p>\n\n\n\n<p>\u201cEstava olhando algumas pessoas soltarem espadas, quando de repente uma delas veio em minha dire\u00e7\u00e3o\u201d, lembra. \u201cAinda tentei afastar, mas acabei queimando minha panturrilha. Busquei logo atendimento, fiquei com uma cicatriz e hoje evito ao m\u00e1ximo ficar em locais em que estejam soltando fogos.\u201d<\/p>\n\n\n\n<p>O m\u00e9dico Marcos Barroso, que \u00e9 coordenador do Centro de Tratamento de Queimados (CTQ) do Hospital Geral do Estado (HGE), recomenda que, em casos de queimaduras, a \u00fanica coisa que deve ser feita \u00e9 lavar o local com \u00e1gua corrente e buscar um servi\u00e7o de sa\u00fade. \u201cSolu\u00e7\u00f5es caseiras n\u00e3o devem ser utilizadas de maneira nenhuma\u201d, ressalta. \u201cPassar produtos como manteiga, pasta de dente ou borra de caf\u00e9 s\u00f3 agravar\u00e1 o ferimento.\u201d<\/p>\n\n\n\n<p>O m\u00e9dico ainda aconselha que, caso a roupa fique grudada na pele, a orienta\u00e7\u00e3o \u00e9 n\u00e3o tentar retirar. Segundo o m\u00e9dico, o ideal \u00e9 que este servi\u00e7o seja realizado em uma unidade de sa\u00fade.<\/p>\n\n\n\n<p>Quem tamb\u00e9m precisou de atendimento por conta de queimadura foi a banc\u00e1ria Monalisa Torres. Ela estava em Senhor do Bonfim, no interior baiano, quando sofreu uma queimadura ao ser atingida por uma espada. \u201cEstava assistindo algumas pessoas soltarem espada e fui atingida\u201d, conta.<\/p>\n\n\n\n<p>\u201cDemorei de lavar o local ou buscar o atendimento. Acredito que isso tenha contribu\u00eddo para aumentar a extens\u00e3o do ferimento.\u201d Ela diz que, depois desse epis\u00f3dio, passou a se proteger mais quando vai a algum lugar que tenha gente soltando espada.<\/p>\n\n\n\n<h2 class=\"wp-block-heading\">Cuidados<\/h2>\n\n\n\n<p>Tradi\u00e7\u00e3o nas festas juninas, os fogos de artif\u00edcio despertam fasc\u00ednio. \u201cNo contexto nordestino, o uso dos fogos de artif\u00edcio transcende a mera est\u00e9tica, ele cumpre uma fun\u00e7\u00e3o celebrat\u00f3ria e identit\u00e1ria, quase como um idioma pr\u00f3prio\u201d, destaca Leonardo Santolli, pesquisador de Cultura Junina. \u201cO ritual come\u00e7a, claro, com a queima das fogueiras, mas logo se desdobra em bal\u00f5es, traques, roj\u00f5es e bombas, instrumentos sonoros que, ao longo da madrugada, marcam a celebra\u00e7\u00e3o.\u201d<\/p>\n\n\n\n<p>O tenente bombeiro militar Romualdo Costa Filho, por\u00e9m, destaca que essa tradi\u00e7\u00e3o merece cuidados que devem ser observados desde a compra at\u00e9 o correto manuseio. \u201cNa compra desses artefatos, \u00e9 fundamental observar se o fabricante est\u00e1 devidamente autorizado pelo Ex\u00e9rcito Brasileiro e se os produtos possuem selo de conformidade que ateste a qualidade e a seguran\u00e7a do material\u201d, afirma. O tenente ainda chama aten\u00e7\u00e3o para o local da compra. \u201cImportante comprar em locais de venda licenciados\u201d.<\/p>\n\n\n\n<p>O tenente ainda explica que, antes de soltar os fogos, \u00e9 indispens\u00e1vel a leitura das instru\u00e7\u00f5es de uso e verifica\u00e7\u00e3o da classifica\u00e7\u00e3o de risco. \u201cNo momento de soltar os fogos, \u00e9 fundamental escolher locais abertos e livres de obst\u00e1culos, mantendo dist\u00e2ncia de pessoas, edifica\u00e7\u00f5es, ve\u00edculos e vegeta\u00e7\u00e3o\u201d, acrescenta.<\/p>\n\n\n\n<p>Costa Filho acrescenta que as fogueiras, outra tradi\u00e7\u00e3o junina, tamb\u00e9m devem ser cercadas de cuidados para se evitar queimaduras. Elas devem ser montadas apenas em locais abertos, afastadas de redes el\u00e9tricas, vegeta\u00e7\u00e3o, constru\u00e7\u00f5es e produtos inflam\u00e1veis. \u201cNunca utilize l\u00edquidos inflam\u00e1veis para acender a fogueira, pois isso aumenta consideravelmente o risco de acidentes\u201d, ressalta.<\/p>\n\n\n\n<p>\u201cNo caso de acidente que provoque fogo, a primeira a\u00e7\u00e3o deve ser tentar conter as chamas com \u00e1gua, extintor ou abafadores, desde que isso possa ser feito sem risco pessoal\u201d, pontua o tenente. \u201cSe o fogo estiver fora de controle ou as queimaduras forem graves, a orienta\u00e7\u00e3o imediata \u00e9 ligar para o Corpo de Bombeiros, no telefone 193, solicitando aux\u00edlio especializado.\u201d<\/p>\n\n\n\n<h2 class=\"wp-block-heading\">HGE \u00e9 refer\u00eancia no tratamento de queimados<\/h2>\n\n\n\n<p>O Centro de Tratamento de Queimados (CTQ) do Hospital Geral do Estado (HGE) \u00e9 uma das unidades do g\u00eanero mais equipadas no pa\u00eds. O servi\u00e7o disp\u00f5e de centro cir\u00fargico pr\u00f3prio e unidade de terapia intensiva (UTI), al\u00e9m de leitos de enfermaria adulto e pedi\u00e1trico. As instala\u00e7\u00f5es do CTQ foram projetadas especialmente para atender as necessidades dos pacientes v\u00edtimas de queimaduras. S\u00e3o cerca de 200 profissionais capacitados especificamente para o tratamento de queimaduras.<\/p>\n\n\n\n<p>\u201cTemos, no CTQ, instala\u00e7\u00f5es modernas e profissionais preparados para dar assist\u00eancia completa \u00e0s pessoas v\u00edtimas de queimadura que precisam ser internados\u201d, destaca o coordenador do CTQ do HGE, o m\u00e9dico Marcos Barroso. De acordo com ele, o centro est\u00e1 preparado para receber casos de acidentes durante o S\u00e3o Jo\u00e3o, incluindo queimaduras causadas por fogos. \u201cPossu\u00edmos tecnologia avan\u00e7ada e profissionais especializados para proporcionar um atendimento eficiente e de alta qualidade.\u201d<\/p>\n\n\n\n<figure class=\"wp-block-image\"><img decoding=\"async\" src=\"https:\/\/cdn.atarde.com.br\/img\/inline\/1330000\/724x0\/Estado-reforca-equipes-para-atendimento-a-queimado0133080603202506131739-1.webp?fallback=https%3A%2F%2Fcdn.atarde.com.br%2Fimg%2Finline%2F1330000%2FEstado-reforca-equipes-para-atendimento-a-queimado0133080603202506131739.jpg%3Fxid%3D6692879&amp;xid=6692879\" alt=\"HGE \u00e9 refer\u00eancia no tratamento de queimados\"\/><\/figure>\n\n\n\n<p>HGE \u00e9 refer\u00eancia no tratamento de queimados&nbsp;| Foto: Leonardo Rattes \/ Sa\u00fade GovBA<\/p>\n\n\n\n<p>O coordenador acrescenta que a unidade est\u00e1 equipada para atender os pacientes com cuidados especializados e abrangentes, buscando sempre os melhores resultados de recupera\u00e7\u00e3o e reabilita\u00e7\u00e3o. \u201cO destaque nacional \u00e9 reflexo do compromisso de toda equipe do HGE com a excel\u00eancia no tratamento de queimaduras e na promo\u00e7\u00e3o da sa\u00fade\u201d, completa o coordenador.<\/p>\n\n\n\n<p>O HGE tamb\u00e9m \u00e9 refer\u00eancia para o atendimento a v\u00edtimas de explos\u00e3o de bombas. Em 2024, foram 116 casos. Este ano, j\u00e1 s\u00e3o 24 registros. O m\u00e9dico cirurgi\u00e3o Marius Wert, coordenador do Servi\u00e7o de Cirurgia de M\u00e3o do HGE, alerta para os riscos com os artefatos. \u201cAs bombas devem ser acesas em alguma superf\u00edcie, sem segur\u00e1-las com as m\u00e3os\u201d, recomenda. Ele acrescenta que acidentes com bombas costumam deixar sequelas, podendo at\u00e9 causar amputa\u00e7\u00e3o da m\u00e3o.<strong><em> (ATarde)<\/em><\/strong><\/p>\n","protected":false},"excerpt":{"rendered":"<p>Hospitais especializados na Bahia recebem refor\u00e7os para o per\u00edodo de festejos juninos Com tr\u00eas centros&hellip;<\/p>\n","protected":false},"author":2,"featured_media":21552,"comment_status":"open","ping_status":"open","sticky":false,"template":"","format":"standard","meta":{"footnotes":""},"categories":[22,63,25],"tags":[],"class_list":["post-21551","post","type-post","status-publish","format-standard","has-post-thumbnail","hentry","category-bahia","category-sao-joao","category-saude"],"_links":{"self":[{"href":"https:\/\/atitudenoticias.com.br\/index.php?rest_route=\/wp\/v2\/posts\/21551","targetHints":{"allow":["GET"]}}],"collection":[{"href":"https:\/\/atitudenoticias.com.br\/index.php?rest_route=\/wp\/v2\/posts"}],"about":[{"href":"https:\/\/atitudenoticias.com.br\/index.php?rest_route=\/wp\/v2\/types\/post"}],"author":[{"embeddable":true,"href":"https:\/\/atitudenoticias.com.br\/index.php?rest_route=\/wp\/v2\/users\/2"}],"replies":[{"embeddable":true,"href":"https:\/\/atitudenoticias.com.br\/index.php?rest_route=%2Fwp%2Fv2%2Fcomments&post=21551"}],"version-history":[{"count":2,"href":"https:\/\/atitudenoticias.com.br\/index.php?rest_route=\/wp\/v2\/posts\/21551\/revisions"}],"predecessor-version":[{"id":21555,"href":"https:\/\/atitudenoticias.com.br\/index.php?rest_route=\/wp\/v2\/posts\/21551\/revisions\/21555"}],"wp:featuredmedia":[{"embeddable":true,"href":"https:\/\/atitudenoticias.com.br\/index.php?rest_route=\/wp\/v2\/media\/21552"}],"wp:attachment":[{"href":"https:\/\/atitudenoticias.com.br\/index.php?rest_route=%2Fwp%2Fv2%2Fmedia&parent=21551"}],"wp:term":[{"taxonomy":"category","embeddable":true,"href":"https:\/\/atitudenoticias.com.br\/index.php?rest_route=%2Fwp%2Fv2%2Fcategories&post=21551"},{"taxonomy":"post_tag","embeddable":true,"href":"https:\/\/atitudenoticias.com.br\/index.php?rest_route=%2Fwp%2Fv2%2Ftags&post=21551"}],"curies":[{"name":"wp","href":"https:\/\/api.w.org\/{rel}","templated":true}]}}