{"id":21571,"date":"2025-06-17T12:45:49","date_gmt":"2025-06-17T15:45:49","guid":{"rendered":"http:\/\/atitudenoticias.com.br\/?p=21571"},"modified":"2025-06-17T12:45:50","modified_gmt":"2025-06-17T15:45:50","slug":"feira-de-santana-recebera-obras-para-expansao-de-agua-e-esgoto","status":"publish","type":"post","link":"https:\/\/atitudenoticias.com.br\/?p=21571","title":{"rendered":"Feira de Santana receber\u00e1 obras para expans\u00e3o de \u00e1gua e esgoto"},"content":{"rendered":"\n<p class=\"has-text-align-center\"><em><strong>Prefeito Jos\u00e9 Ronaldo acompanha assinatura de autoriza\u00e7\u00f5es na Governadoria, em Salvador<\/strong><\/em><\/p>\n\n\n\n<p>Feira de Santana vai receber um importante conjunto de obras de infraestrutura h\u00eddrica, com foco na amplia\u00e7\u00e3o dos sistemas de abastecimento de \u00e1gua e esgotamento sanit\u00e1rio. Nesta segunda-feira (16), o prefeito Jos\u00e9 Ronaldo esteve em Salvador, onde participou de ato na Governadoria com o governador Jer\u00f4nimo Rodrigues e o presidente da Embasa, Leonardo G\u00f3es, para a assinatura da autoriza\u00e7\u00e3o de processos licitat\u00f3rios e elabora\u00e7\u00e3o de projetos em diversas localidades do munic\u00edpio.<\/p>\n\n\n\n<p>A principal interven\u00e7\u00e3o anunciada \u00e9 a implanta\u00e7\u00e3o do Sistema de Esgotamento Sanit\u00e1rio (SES) na regi\u00e3o da Avenida Art\u00eamia Pires, no bairro SIM. A obra, que ser\u00e1 executada pela Empresa Baiana de \u00c1guas e Saneamento (Embasa), prev\u00ea 13,7 quil\u00f4metros de rede coletora, beneficiando mais de 21 mil moradores. O investimento \u00e9 de R$ 20 milh\u00f5es. A iniciativa se alinha ao projeto de duplica\u00e7\u00e3o e urbaniza\u00e7\u00e3o da Art\u00eamia Pires, conduzido pela Prefeitura.<\/p>\n\n\n\n<p>\u201cSolicitamos ao Governo do Estado que o esgotamento sanit\u00e1rio fosse feito simultaneamente \u00e0 duplica\u00e7\u00e3o da avenida. N\u00e3o poder\u00edamos correr o risco de ver a via ser quebrada posteriormente para implanta\u00e7\u00e3o de esgoto. Agora, com essa autoriza\u00e7\u00e3o, vamos executar em conjunto a drenagem, sob responsabilidade da Prefeitura, e o esgoto, com a Embasa\u201d, explicou o prefeito Jos\u00e9 Ronaldo.<\/p>\n\n\n\n<p>Na mesma reuni\u00e3o, o Governo do Estado tamb\u00e9m autorizou o in\u00edcio da licita\u00e7\u00e3o para elabora\u00e7\u00e3o dos projetos de esgotamento sanit\u00e1rio dos distritos de Bonfim de Feira e Maria Quit\u00e9ria. O investimento nesta fase de planejamento ser\u00e1 de R$ 500 mil. O prefeito destacou que, embora ainda n\u00e3o se trate da execu\u00e7\u00e3o das obras, os projetos s\u00e3o etapas fundamentais. \u201cSem projeto, nenhuma obra acontece. Essa autoriza\u00e7\u00e3o j\u00e1 \u00e9 um grande avan\u00e7o\u201d, refor\u00e7ou.<\/p>\n\n\n\n<p>Outra medida importante foi a autoriza\u00e7\u00e3o para abertura de processo licitat\u00f3rio para extens\u00e3o da rede de abastecimento de \u00e1gua nas localidades de Bebedouro, Osmundo e Honorato, no distrito de Jaguara, com investimento previsto de R$ 877 mil. Ainda em Jaguara, as comunidades de Rio do Peixe, Sete Portas, Lagoa d\u2019\u00c1gua e Barra ser\u00e3o contempladas com o projeto de amplia\u00e7\u00e3o da rede, or\u00e7ado em R$ 140 mil.<\/p>\n\n\n\n<p>Essas \u00e1reas da zona rural representam, hoje, uma das \u00faltimas regi\u00f5es do munic\u00edpio que ainda n\u00e3o s\u00e3o plenamente atendidas com \u00e1gua encanada. \u201cCom essas obras, avan\u00e7amos para garantir o acesso universal \u00e0 \u00e1gua em todo o territ\u00f3rio de Feira de Santana\u201d, pontuou Jos\u00e9 Ronaldo.<\/p>\n\n\n\n<p>Durante o encontro, tamb\u00e9m foi assinado um aditivo ao contrato de concess\u00e3o dos servi\u00e7os de abastecimento de \u00e1gua e esgotamento sanit\u00e1rio do munic\u00edpio com a Embasa, prorrogando o v\u00ednculo at\u00e9 2050. A medida prev\u00ea um investimento total da ordem de R$ 1,3 bilh\u00e3o, com o objetivo de universalizar os servi\u00e7os na cidade.<\/p>\n\n\n\n<p>\u201cEsse contrato foi feito com a prefeitura para garantir a universaliza\u00e7\u00e3o do esgotamento sanit\u00e1rio e manter os atuais \u00edndices de abastecimento de \u00e1gua, que j\u00e1 alcan\u00e7am praticamente 100% da popula\u00e7\u00e3o urbana\u201d, afirmou o governador Jer\u00f4nimo Rodrigues.<\/p>\n\n\n\n<p>A secret\u00e1ria estadual de Infraestrutura H\u00eddrica e Saneamento (SIHS), Larissa Moraes, tamb\u00e9m destacou os avan\u00e7os. \u201c\u00c9 mais um passo para garantir o cumprimento do Marco Legal do Saneamento, beneficiando a Bahia e, especialmente, Feira de Santana\u201d, ressaltou.<\/p>\n\n\n\n<p>Atualmente, 616 mil pessoas s\u00e3o atendidas pela Embasa em Feira de Santana. Segundo dados da empresa, 99% da popula\u00e7\u00e3o urbana tem acesso \u00e0 \u00e1gua tratada e 64% s\u00e3o atendidos com coleta de esgoto.<\/p>\n\n\n\n<p>O prefeito Jos\u00e9 Ronaldo esteve acompanhado dos secret\u00e1rios Carlos Brito (Planejamento) e Joilton Freitas (Comunica\u00e7\u00e3o Social), do superintendente de Opera\u00e7\u00f5es e Manuten\u00e7\u00e3o, Jo\u00e3o Vianey, e do procurador geral do Munic\u00edpio, Guga Leal. <strong><em>(SECOM\/PMFS)<\/em><\/strong><\/p>\n","protected":false},"excerpt":{"rendered":"<p>Prefeito Jos\u00e9 Ronaldo acompanha assinatura de autoriza\u00e7\u00f5es na Governadoria, em Salvador Feira de Santana vai&hellip;<\/p>\n","protected":false},"author":2,"featured_media":21572,"comment_status":"open","ping_status":"open","sticky":false,"template":"","format":"standard","meta":{"footnotes":""},"categories":[58],"tags":[],"class_list":["post-21571","post","type-post","status-publish","format-standard","has-post-thumbnail","hentry","category-feira-de-santana"],"_links":{"self":[{"href":"https:\/\/atitudenoticias.com.br\/index.php?rest_route=\/wp\/v2\/posts\/21571","targetHints":{"allow":["GET"]}}],"collection":[{"href":"https:\/\/atitudenoticias.com.br\/index.php?rest_route=\/wp\/v2\/posts"}],"about":[{"href":"https:\/\/atitudenoticias.com.br\/index.php?rest_route=\/wp\/v2\/types\/post"}],"author":[{"embeddable":true,"href":"https:\/\/atitudenoticias.com.br\/index.php?rest_route=\/wp\/v2\/users\/2"}],"replies":[{"embeddable":true,"href":"https:\/\/atitudenoticias.com.br\/index.php?rest_route=%2Fwp%2Fv2%2Fcomments&post=21571"}],"version-history":[{"count":1,"href":"https:\/\/atitudenoticias.com.br\/index.php?rest_route=\/wp\/v2\/posts\/21571\/revisions"}],"predecessor-version":[{"id":21573,"href":"https:\/\/atitudenoticias.com.br\/index.php?rest_route=\/wp\/v2\/posts\/21571\/revisions\/21573"}],"wp:featuredmedia":[{"embeddable":true,"href":"https:\/\/atitudenoticias.com.br\/index.php?rest_route=\/wp\/v2\/media\/21572"}],"wp:attachment":[{"href":"https:\/\/atitudenoticias.com.br\/index.php?rest_route=%2Fwp%2Fv2%2Fmedia&parent=21571"}],"wp:term":[{"taxonomy":"category","embeddable":true,"href":"https:\/\/atitudenoticias.com.br\/index.php?rest_route=%2Fwp%2Fv2%2Fcategories&post=21571"},{"taxonomy":"post_tag","embeddable":true,"href":"https:\/\/atitudenoticias.com.br\/index.php?rest_route=%2Fwp%2Fv2%2Ftags&post=21571"}],"curies":[{"name":"wp","href":"https:\/\/api.w.org\/{rel}","templated":true}]}}