{"id":21589,"date":"2025-06-17T17:54:31","date_gmt":"2025-06-17T20:54:31","guid":{"rendered":"http:\/\/atitudenoticias.com.br\/?p=21589"},"modified":"2025-06-17T17:55:07","modified_gmt":"2025-06-17T20:55:07","slug":"governo-faz-alerta-para-quem-ainda-tem-carteira-de-identidade-antiga","status":"publish","type":"post","link":"https:\/\/atitudenoticias.com.br\/?p=21589","title":{"rendered":"Governo faz alerta para quem ainda tem carteira de identidade antiga"},"content":{"rendered":"\n<p class=\"has-text-align-center\"><em><strong>Brasileiros podem fazer nova CIN, que re\u00fane documentos pessoais, desde 2023<\/strong><\/em><\/p>\n\n\n\n<p>O governo federal emitiu um novo alerta para os brasileiros que ainda utilizam a&nbsp;<strong><a href=\"https:\/\/atarde.com.br\/?q=carteira+de+identidade&amp;d=1\" target=\"_blank\" rel=\"noreferrer noopener\">carteira de identidade<\/a>&nbsp;no modelo antigo<\/strong>.<\/p>\n\n\n\n<p>Desde 2023, est\u00e1 dispon\u00edvel em praticamente todo o pa\u00eds a&nbsp;<strong>nova Carteira de Identidade Nacional (CIN)<\/strong>, que unifica os documentos pessoais dos cidad\u00e3os por meio do n\u00famero do CPF.<\/p>\n\n\n\n<p>A mudan\u00e7a tem como objetivo acabar com problemas de duplicidade no Registro Geral (RG) e trazer mais seguran\u00e7a contra fraudes. No modelo anterior, uma mesma pessoa poderia ter diferentes n\u00fameros de RG em estados distintos, algo que agora n\u00e3o ser\u00e1 mais poss\u00edvel.<\/p>\n\n\n\n<h2 class=\"wp-block-heading\">Documento antigo tem prazo de validade<\/h2>\n\n\n\n<p>Apesar de n\u00e3o ser obrigat\u00f3ria de forma imediata, a substitui\u00e7\u00e3o da carteira antiga tem&nbsp;<strong>prazo para acontecer: at\u00e9 fevereiro de 2032<\/strong>.<\/p>\n\n\n\n<p>A partir dessa data, apenas o novo modelo da CIN ser\u00e1 considerado v\u00e1lido em todo o territ\u00f3rio nacional.<a href=\"https:\/\/atarde.com.br\/esportes\/biometria-facial-causa-filas-e-acesso-e-liberado-com-carteira-de-socio-1329468\"><\/a><\/p>\n\n\n\n<p><a href=\"https:\/\/atarde.com.br\/esportes\/biometria-facial-causa-filas-e-acesso-e-liberado-com-carteira-de-socio-1329468\"><\/a><\/p>\n\n\n\n<p>O&nbsp;<strong>governo recomenda que a troca n\u00e3o seja deixada para a \u00faltima hora<\/strong>. \u201c\u00c9 um avan\u00e7o na seguran\u00e7a dos dados e na integra\u00e7\u00e3o dos sistemas p\u00fablicos\u201d, refor\u00e7ou o Minist\u00e9rio da Gest\u00e3o e da Inova\u00e7\u00e3o em Servi\u00e7os P\u00fablicos.<\/p>\n\n\n\n<h3 class=\"wp-block-heading\">Quem pode fazer e como solicitar a carteira<\/h3>\n\n\n\n<p>Qualquer brasileiro, de qualquer idade, pode emitir o novo documento. A primeira via \u00e9 gratuita, tanto na vers\u00e3o f\u00edsica (papel) quanto na digital, dispon\u00edvel no aplicativo&nbsp;<a href=\"https:\/\/www.gov.br\/pt-br\" target=\"_blank\" rel=\"noreferrer noopener\">gov.br<\/a>.<\/p>\n\n\n\n<p>Caso a pessoa opte pela vers\u00e3o em cart\u00e3o de pl\u00e1stico (policarbonato), pode haver cobran\u00e7a de taxa, dependendo da regra de cada estado.<\/p>\n\n\n\n<p>Para solicitar, basta procurar um posto de atendimento da Secretaria de Seguran\u00e7a P\u00fablica do estado, como os que&nbsp;<a href=\"https:\/\/atarde.com.br\/salvador\/sac-amplia-horarios-para-emissao-da-nova-carteira-de-identidade-em-salvador-1314143\" target=\"_blank\" rel=\"noreferrer noopener\">existem nos SACs, na Bahia<\/a>, levando a certid\u00e3o de nascimento ou de casamento, em formato f\u00edsico ou digital.<\/p>\n\n\n\n<p>Atualmente, a CIN j\u00e1 \u00e9 emitida em 25 estados e no Distrito Federal. Somente Roraima ainda n\u00e3o iniciou a emiss\u00e3o do novo documento.<em><strong> (ATarde)<\/strong><\/em><\/p>\n","protected":false},"excerpt":{"rendered":"<p>Brasileiros podem fazer nova CIN, que re\u00fane documentos pessoais, desde 2023 O governo federal emitiu&hellip;<\/p>\n","protected":false},"author":2,"featured_media":21590,"comment_status":"open","ping_status":"open","sticky":false,"template":"","format":"standard","meta":{"footnotes":""},"categories":[62],"tags":[],"class_list":["post-21589","post","type-post","status-publish","format-standard","has-post-thumbnail","hentry","category-justica"],"_links":{"self":[{"href":"https:\/\/atitudenoticias.com.br\/index.php?rest_route=\/wp\/v2\/posts\/21589","targetHints":{"allow":["GET"]}}],"collection":[{"href":"https:\/\/atitudenoticias.com.br\/index.php?rest_route=\/wp\/v2\/posts"}],"about":[{"href":"https:\/\/atitudenoticias.com.br\/index.php?rest_route=\/wp\/v2\/types\/post"}],"author":[{"embeddable":true,"href":"https:\/\/atitudenoticias.com.br\/index.php?rest_route=\/wp\/v2\/users\/2"}],"replies":[{"embeddable":true,"href":"https:\/\/atitudenoticias.com.br\/index.php?rest_route=%2Fwp%2Fv2%2Fcomments&post=21589"}],"version-history":[{"count":1,"href":"https:\/\/atitudenoticias.com.br\/index.php?rest_route=\/wp\/v2\/posts\/21589\/revisions"}],"predecessor-version":[{"id":21591,"href":"https:\/\/atitudenoticias.com.br\/index.php?rest_route=\/wp\/v2\/posts\/21589\/revisions\/21591"}],"wp:featuredmedia":[{"embeddable":true,"href":"https:\/\/atitudenoticias.com.br\/index.php?rest_route=\/wp\/v2\/media\/21590"}],"wp:attachment":[{"href":"https:\/\/atitudenoticias.com.br\/index.php?rest_route=%2Fwp%2Fv2%2Fmedia&parent=21589"}],"wp:term":[{"taxonomy":"category","embeddable":true,"href":"https:\/\/atitudenoticias.com.br\/index.php?rest_route=%2Fwp%2Fv2%2Fcategories&post=21589"},{"taxonomy":"post_tag","embeddable":true,"href":"https:\/\/atitudenoticias.com.br\/index.php?rest_route=%2Fwp%2Fv2%2Ftags&post=21589"}],"curies":[{"name":"wp","href":"https:\/\/api.w.org\/{rel}","templated":true}]}}