{"id":21621,"date":"2025-06-20T00:36:50","date_gmt":"2025-06-20T03:36:50","guid":{"rendered":"http:\/\/atitudenoticias.com.br\/?p=21621"},"modified":"2025-06-20T00:42:48","modified_gmt":"2025-06-20T03:42:48","slug":"divulgada-a-grade-completa-do-sao-joao-no-arraia-de-feira-confira","status":"publish","type":"post","link":"https:\/\/atitudenoticias.com.br\/?p=21621","title":{"rendered":"Divulgada a grade completa do S\u00e3o Jo\u00e3o no Arrai\u00e1 de Feira; confira"},"content":{"rendered":"\n<p class=\"has-text-align-center\"><em><strong>Programa\u00e7\u00e3o de S\u00e3o Jo\u00e3o acontecer\u00e1 entre 21 e 24 em Maria Quit\u00e9ria, Tiquaru\u00e7u e Jaguara<\/strong><\/em><\/p>\n\n\n\n<p>O S\u00e3o Jo\u00e3o de S\u00e3o Jos\u00e9, no distrito de Maria Quit\u00e9ria, j\u00e1 come\u00e7a com for\u00e7a total neste s\u00e1bado&nbsp;(21). As grandes atra\u00e7\u00f5es da primeira noite s\u00e3o o cantor Daniel, um dos maiores nomes da m\u00fasica rom\u00e2ntica brasileira, e o irreverente Saulo Fernandes, que promete embalar o p\u00fablico com sua mistura de ax\u00e9, forr\u00f3 e bai\u00e3o em clima de S\u00e3o Jo\u00e3o.<\/p>\n\n\n\n<p>A festa, organizada pela Prefeitura de Feira de Santana, integra o Arrai\u00e1 de Feira e vai movimentar tamb\u00e9m os distritos de Tiquaru\u00e7u e Jaguara, com quatro dias de m\u00fasica, tradi\u00e7\u00e3o e muita anima\u00e7\u00e3o. O palco de S\u00e3o Jos\u00e9, j\u00e1 montado ao fundo da igreja cat\u00f3lica, \u00e9 um dos mais tradicionais da Bahia e recebe milhares de forrozeiros todos os anos.<\/p>\n\n\n\n<p>No s\u00e1bado&nbsp;(21), al\u00e9m de Daniel e Saulo, a noite tamb\u00e9m contar\u00e1 com shows de M\u00e1rcio Alves, Bom de Pisada e Daniel Vieira. No domingo&nbsp;(22), sobem ao palco artistas como Berg Rabelo, ex-vocalista da banda Calcinha Preta, o fen\u00f4meno Devinho Novaes, al\u00e9m de Victor Viotti e Beth Dias.<\/p>\n\n\n\n<p>Na&nbsp;segunda-feira (23), o forr\u00f3 continua com a energia contagiante de Catuaba com Amendoim, Doutor Ed, Galeguinho, e a aguardada apresenta\u00e7\u00e3o da consagrada banda Ra\u00e7a Negra, que promete embalar o p\u00fablico com seus sucessos rom\u00e2nticos. A noite ainda ter\u00e1 show da banda Flor de Jurema.<\/p>\n\n\n\n<p>J\u00e1 nos distritos de Tiquaru\u00e7u e Jaguara, a anima\u00e7\u00e3o tamb\u00e9m ser\u00e1 garantida. Em Tiquaru\u00e7u, a festa acontece nos dias 22 e 23 com Mois\u00e9s Santana, Raimundinho do Acordeon, Regi Vaqueiro, Johnny Chamego e Delirious do Olhar. Em Jaguara, a programa\u00e7\u00e3o ser\u00e1 nos dias 23 e 24, com destaque para shows de Bahia Band, Tico Menezes, Paulo Bind\u00e1, Forr\u00f3 do Z\u00e9, Mazinho Venturini, Nenen do Acordeon, Balan\u00e7o Gostoso e Amor Voraz.<\/p>\n\n\n\n<p>As majestades do S\u00e3o Jo\u00e3o 2025 tamb\u00e9m j\u00e1 foram escolhidas em Maria Quit\u00e9ria: a rainha Marcela Silva e as princesas Vit\u00f3ria R\u00e9gia e Isadora Ferraz ir\u00e3o representar a beleza e a alegria do povo feirense durante os festejos.<\/p>\n\n\n\n<p>Com estrutura completa, seguran\u00e7a refor\u00e7ada e valoriza\u00e7\u00e3o das tradi\u00e7\u00f5es culturais, o Arrai\u00e1 de Feira promete ser um dos maiores e mais animados da Bahia.<\/p>\n\n\n\n<h3 class=\"wp-block-heading\">Programa\u00e7\u00e3o de shows:<\/h3>\n\n\n\n<h4 class=\"wp-block-heading\">\ud83d\udccd&nbsp;<em>Distrito de Maria Quit\u00e9ria (S\u00e3o Jos\u00e9)<\/em><\/h4>\n\n\n\n<ul class=\"wp-block-list\">\n<li><strong>S\u00e1bado, 21\/06<\/strong><br>S\u00e3o Jos\u00e9 recebe: M\u00e1rcio Alves, Daniel, Saulo Fernandes e Bom de Pisada \u00a0<\/li>\n\n\n\n<li><strong>Domingo, 22\/06<\/strong><br>Shows com: Berg Rabelo, Devinho Novaes, Victor Viotti e Beth Dias \u00a0<\/li>\n\n\n\n<li><strong>Segunda-feira, 23\/06<\/strong><br>Atra\u00e7\u00f5es: Catuaba com Amendoim, Doutor Ed, Galeguinho, Ra\u00e7a Negra e Flor de Jurema \u00a0<\/li>\n<\/ul>\n\n\n\n<h4 class=\"wp-block-heading\">\ud83d\udccd&nbsp;<em>Distrito de Tiquaru\u00e7u<\/em><\/h4>\n\n\n\n<ul class=\"wp-block-list\">\n<li><strong>Domingo, 22\/06<\/strong><br>Forr\u00f3 garantido com: Mois\u00e9s Santana, Raimundinho do Acordeon e Regi Vaqueiro \u00a0<\/li>\n\n\n\n<li><strong>Segunda-feira, 23\/06<\/strong><br>Se apresentam: Johnny Chamego e Delirious do Olhar \u00a0<\/li>\n<\/ul>\n\n\n\n<h4 class=\"wp-block-heading\">\ud83d\udccd&nbsp;<em>Distrito de Jaguara<\/em><\/h4>\n\n\n\n<ul class=\"wp-block-list\">\n<li><strong>Segunda-feira, 23\/06<\/strong><br>Shows com: Bahia Band, Paulo Bind\u00e1, Tico Menezes e Forr\u00f3 do Z\u00e9 \u00a0<\/li>\n\n\n\n<li><strong>Ter\u00e7a-feira, 24\/06<\/strong><br>Encerrando a festa: Mazinho Venturini, Nenen do Acordeon, Balan\u00e7o Gostoso e Amor Voraz \u00a0<\/li>\n<\/ul>\n\n\n\n<p><strong><em>(SECOM\/PMFS)<\/em><\/strong><\/p>\n","protected":false},"excerpt":{"rendered":"<p>Programa\u00e7\u00e3o de S\u00e3o Jo\u00e3o acontecer\u00e1 entre 21 e 24 em Maria Quit\u00e9ria, Tiquaru\u00e7u e Jaguara&hellip;<\/p>\n","protected":false},"author":2,"featured_media":21623,"comment_status":"open","ping_status":"open","sticky":false,"template":"","format":"standard","meta":{"footnotes":""},"categories":[58,63],"tags":[],"class_list":["post-21621","post","type-post","status-publish","format-standard","has-post-thumbnail","hentry","category-feira-de-santana","category-sao-joao"],"_links":{"self":[{"href":"https:\/\/atitudenoticias.com.br\/index.php?rest_route=\/wp\/v2\/posts\/21621","targetHints":{"allow":["GET"]}}],"collection":[{"href":"https:\/\/atitudenoticias.com.br\/index.php?rest_route=\/wp\/v2\/posts"}],"about":[{"href":"https:\/\/atitudenoticias.com.br\/index.php?rest_route=\/wp\/v2\/types\/post"}],"author":[{"embeddable":true,"href":"https:\/\/atitudenoticias.com.br\/index.php?rest_route=\/wp\/v2\/users\/2"}],"replies":[{"embeddable":true,"href":"https:\/\/atitudenoticias.com.br\/index.php?rest_route=%2Fwp%2Fv2%2Fcomments&post=21621"}],"version-history":[{"count":1,"href":"https:\/\/atitudenoticias.com.br\/index.php?rest_route=\/wp\/v2\/posts\/21621\/revisions"}],"predecessor-version":[{"id":21622,"href":"https:\/\/atitudenoticias.com.br\/index.php?rest_route=\/wp\/v2\/posts\/21621\/revisions\/21622"}],"wp:featuredmedia":[{"embeddable":true,"href":"https:\/\/atitudenoticias.com.br\/index.php?rest_route=\/wp\/v2\/media\/21623"}],"wp:attachment":[{"href":"https:\/\/atitudenoticias.com.br\/index.php?rest_route=%2Fwp%2Fv2%2Fmedia&parent=21621"}],"wp:term":[{"taxonomy":"category","embeddable":true,"href":"https:\/\/atitudenoticias.com.br\/index.php?rest_route=%2Fwp%2Fv2%2Fcategories&post=21621"},{"taxonomy":"post_tag","embeddable":true,"href":"https:\/\/atitudenoticias.com.br\/index.php?rest_route=%2Fwp%2Fv2%2Ftags&post=21621"}],"curies":[{"name":"wp","href":"https:\/\/api.w.org\/{rel}","templated":true}]}}