{"id":21636,"date":"2025-06-21T10:38:12","date_gmt":"2025-06-21T13:38:12","guid":{"rendered":"http:\/\/atitudenoticias.com.br\/?p=21636"},"modified":"2025-06-23T02:08:36","modified_gmt":"2025-06-23T05:08:36","slug":"veja-cidades-da-bahia-que-mais-receberam-verba-do-governo-lula-no-sao-joao","status":"publish","type":"post","link":"https:\/\/atitudenoticias.com.br\/?p=21636","title":{"rendered":"Veja cidades da Bahia que mais receberam verba do governo Lula no S\u00e3o Jo\u00e3o"},"content":{"rendered":"\n<p class=\"has-text-align-center\"><strong><em>Dados foram baseados na Transpar\u00eancia dos Festejos Juninos do MP<\/em><\/strong><\/p>\n\n\n\n<p>Ao todo, 22 munic\u00edpios baianos<strong>\u00a0receberam recursos do governo federal<\/strong>\u00a0para a\u00a0<a href=\"https:\/\/atarde.com.br\/municipios\/com-divida-milionaria-cidade-baiana-gasta-pesado-no-sao-joao-1331242\" target=\"_blank\" rel=\"noreferrer noopener\">realiza\u00e7\u00e3o das festas de S\u00e3o Jo\u00e3o<\/a>\u00a0neste ano, conforme aponta o levantamento do Painel de Transpar\u00eancia do Minist\u00e9rio P\u00fablico da Bahia (MP-BA).<\/p>\n\n\n\n<p>Segundo dados do \u201cTransparent\u00f4metro\u201d,<strong>&nbsp;Jequi\u00e9 foi o munic\u00edpio mais contemplado, com R$ 1,5 milh\u00e3o<\/strong>. Em seguida aparecem Entre Rios (R$ 1,4 milh\u00e3o), Ilh\u00e9us (R$ 1,13 milh\u00e3o) e Casa Nova (R$ 1,1 milh\u00e3o).<\/p>\n\n\n\n<p>No total das quatro cidades, o governo do presidente Lula desembolsou R$ 5,18 milh\u00f5es para apoiar os festejos juninos no estado.<\/p>\n\n\n\n<h2 class=\"wp-block-heading\">Gastos com festejos juninos<\/h2>\n\n\n\n<p>Os munic\u00edpios baianos&nbsp;<strong>v\u00e3o gastar R$ 453 milh\u00f5es em contrata\u00e7\u00f5es de artistas para os festejos juninos em 2025<\/strong>, \u00e9 o que aponta o Transparent\u00f4metro, que pela primeira vez, todos os 417 munic\u00edpios baianos aderiram \u00e0 ferramenta.<\/p>\n\n\n\n<p>O valor representa um acr\u00e9scimo de 12% em rela\u00e7\u00e3o ao que foi gasto no ano passado, quando o total registrado dos 331 munic\u00edpios que aderiram \u00e0 iniciativa foi de R$ 404 milh\u00f5es, valor superior a 2023, quando 217 munic\u00edpios enviaram dados, informando um total de R$ 153 milh\u00f5es em contrata\u00e7\u00f5es.<\/p>\n\n\n\n<p>Na edi\u00e7\u00e3o deste ano foram contabilizadas 3.034 apresenta\u00e7\u00f5es e 1.278 artistas contratados. Por conta do feito in\u00e9dito, os prefeitos das cidades que formam a Bahia foram premiados com o \u2018Selo Transpar\u00eancia 2025\u2019, na semana passada.<\/p>\n\n\n\n<h2 class=\"wp-block-heading\">L\u00edder em gastos<\/h2>\n\n\n\n<p>Cruz das Almas \u00e9 a cidade que registrou o maior valor em contrata\u00e7\u00e3o de atra\u00e7\u00f5es para os festejos juninos em 2025 na Bahia, segundo o<a href=\"https:\/\/atarde.com.br\/?q=Painel+da+Transpar%C3%AAncia&amp;d=1\" target=\"_blank\" rel=\"noreferrer noopener\">&nbsp;Painel de Transpar\u00eancia do Minist\u00e9rio P\u00fablico baiano.<\/a><\/p>\n\n\n\n<p>De acordo com dados do &#8220;Transparent\u00f4metro&#8221;, o munic\u00edpio de 63 mil habitantes localizado no Rec\u00f4ncavo investiu R$ 9,3 milh\u00f5es no S\u00e3o Jo\u00e3o deste ano. O valor representa um acr\u00e9scimo de 50% em rela\u00e7\u00e3o ao que foi gasto em 2024, quando o investimento foi de pouco mais de R$ 6 milh\u00f5es.<\/p>\n\n\n\n<p>O S\u00e3o Jo\u00e3o de Cruz das Almas em 2025 ocorrer\u00e1 de 19 a 24 de junho. Entre as 30 atra\u00e7\u00f5es da grade est\u00e3o artistas que cobram alguns dos cach\u00eas mais caros do Brasil, como Wesley Safad\u00e3o, Simone Mendes, Nattan, Xand Avi\u00e3o, Tarc\u00edsio do Acordeon e Mari Fernandez.<\/p>\n\n\n\n<h2 class=\"wp-block-heading\">Veja o ranking das cidades que mais gastaram com festejos juninos:<\/h2>\n\n\n\n<ol class=\"wp-block-list\">\n<li>Cruz das Almas &#8211; R$ 9,29 milh\u00f5es<\/li>\n\n\n\n<li>Irec\u00ea &#8211; R$ 6,96 milh\u00f5es<\/li>\n\n\n\n<li>Santo Ant\u00f4nio de Jesus &#8211; R$ 6,35 milh\u00f5es<\/li>\n\n\n\n<li><a href=\"https:\/\/atarde.com.br\/politica\/bahia\/sem-merenda-escolar-jequie-gasta-mais-de-r-6-milhoes-com-sao-joao-1329549\" target=\"_blank\" rel=\"noreferrer noopener\">Jequi\u00e9 &#8211; R$ 6,31 milh\u00f5es<\/a><\/li>\n\n\n\n<li>Quijingue &#8211; R$ 5,25 milh\u00f5es.<\/li>\n<\/ol>\n\n\n\n<p><strong><em>(ATarde)<\/em><\/strong><\/p>\n\n\n\n<p><\/p>\n","protected":false},"excerpt":{"rendered":"<p>Dados foram baseados na Transpar\u00eancia dos Festejos Juninos do MP Ao todo, 22 munic\u00edpios baianos\u00a0receberam&hellip;<\/p>\n","protected":false},"author":2,"featured_media":21637,"comment_status":"open","ping_status":"open","sticky":false,"template":"","format":"standard","meta":{"footnotes":""},"categories":[22,63],"tags":[],"class_list":["post-21636","post","type-post","status-publish","format-standard","has-post-thumbnail","hentry","category-bahia","category-sao-joao"],"_links":{"self":[{"href":"https:\/\/atitudenoticias.com.br\/index.php?rest_route=\/wp\/v2\/posts\/21636","targetHints":{"allow":["GET"]}}],"collection":[{"href":"https:\/\/atitudenoticias.com.br\/index.php?rest_route=\/wp\/v2\/posts"}],"about":[{"href":"https:\/\/atitudenoticias.com.br\/index.php?rest_route=\/wp\/v2\/types\/post"}],"author":[{"embeddable":true,"href":"https:\/\/atitudenoticias.com.br\/index.php?rest_route=\/wp\/v2\/users\/2"}],"replies":[{"embeddable":true,"href":"https:\/\/atitudenoticias.com.br\/index.php?rest_route=%2Fwp%2Fv2%2Fcomments&post=21636"}],"version-history":[{"count":1,"href":"https:\/\/atitudenoticias.com.br\/index.php?rest_route=\/wp\/v2\/posts\/21636\/revisions"}],"predecessor-version":[{"id":21638,"href":"https:\/\/atitudenoticias.com.br\/index.php?rest_route=\/wp\/v2\/posts\/21636\/revisions\/21638"}],"wp:featuredmedia":[{"embeddable":true,"href":"https:\/\/atitudenoticias.com.br\/index.php?rest_route=\/wp\/v2\/media\/21637"}],"wp:attachment":[{"href":"https:\/\/atitudenoticias.com.br\/index.php?rest_route=%2Fwp%2Fv2%2Fmedia&parent=21636"}],"wp:term":[{"taxonomy":"category","embeddable":true,"href":"https:\/\/atitudenoticias.com.br\/index.php?rest_route=%2Fwp%2Fv2%2Fcategories&post=21636"},{"taxonomy":"post_tag","embeddable":true,"href":"https:\/\/atitudenoticias.com.br\/index.php?rest_route=%2Fwp%2Fv2%2Ftags&post=21636"}],"curies":[{"name":"wp","href":"https:\/\/api.w.org\/{rel}","templated":true}]}}