{"id":21668,"date":"2025-06-23T02:13:25","date_gmt":"2025-06-23T05:13:25","guid":{"rendered":"http:\/\/atitudenoticias.com.br\/?p=21668"},"modified":"2025-06-23T02:13:25","modified_gmt":"2025-06-23T05:13:25","slug":"distribuidoras-de-energia-alertam-sobre-riscos-de-fogueiras-e-baloes","status":"publish","type":"post","link":"https:\/\/atitudenoticias.com.br\/?p=21668","title":{"rendered":"Distribuidoras de energia alertam sobre riscos de fogueiras e bal\u00f5es"},"content":{"rendered":"\n<p class=\"has-text-align-center\"><em><strong>Itens t\u00edpicos nas festas juninas podem causar at\u00e9 apag\u00f5es el\u00e9tricos<\/strong><\/em><\/p>\n\n\n\n<p>Com a chegada das festas juninas e julinas em todo o pa\u00eds, as distribuidoras de energia fazem um alerta \u00e0 popula\u00e7\u00e3o:&nbsp;<strong>soltar bal\u00f5es \u00e9 perigoso e ilegal, podendo provocar curto-circuitos, inc\u00eandios e at\u00e9 apag\u00f5es, al\u00e9m de colocar vidas em risco<\/strong>. A pr\u00e1tica \u00e9 considerada crime ambiental, com pena de deten\u00e7\u00e3o e multa, e \u00e9 uma amea\u00e7a real \u00e0 seguran\u00e7a das pessoas e da rede el\u00e9trica.<img decoding=\"async\" src=\"https:\/\/agenciabrasil.ebc.com.br\/ebc.png?id=1647525&amp;o=node\"><img decoding=\"async\" src=\"https:\/\/agenciabrasil.ebc.com.br\/ebc.gif?id=1647525&amp;o=node\"><\/p>\n\n\n\n<p>A Associa\u00e7\u00e3o Brasileira de Distribuidores de Energia El\u00e9trica (Abradee), que representa 42 concession\u00e1rias respons\u00e1veis pelo atendimento a mais de 90 milh\u00f5es de domic\u00edlios brasileiros, refor\u00e7a que a preven\u00e7\u00e3o come\u00e7a com a\u00e7\u00f5es simples e conscientes da popula\u00e7\u00e3o.<\/p>\n\n\n\n<p>Al\u00e9m dos bal\u00f5es,<strong>&nbsp;as fogueiras acesas pr\u00f3ximas \u00e0 rede el\u00e9trica tamb\u00e9m podem danificar os cabos e causar acidentes s\u00e9rios, com risco de choques, inc\u00eandios e interrup\u00e7\u00f5es no fornecimento.<\/strong><\/p>\n\n\n\n<p>O local onde se instala as&nbsp;t\u00edpicas bandeirinhas ou enfeites tamb\u00e9m dever ser escolhido com cautela. Postes ou fios de energia n\u00e3o podem&nbsp;ser usados para este fim.<\/p>\n\n\n\n<p>O porta-voz do Corpo de Bombeiros do Estado do Rio de Janeiro, major F\u00e1bio&nbsp;Contreiras, destaca que os bal\u00f5es s\u00e3o respons\u00e1veis por in\u00fameros inc\u00eandios nos centros urbanos e nas florestas, causando perdas materiais, destruindo a vegeta\u00e7\u00e3o.<\/p>\n\n\n\n<p>\u201cOs bal\u00f5es tamb\u00e9m representam um grande perigo para a avia\u00e7\u00e3o. O risco de colis\u00e3o ou de suc\u00e7\u00e3o pelas turbinas das aeronaves \u00e9 real. Nessa situa\u00e7\u00e3o, a chance de um acidente a\u00e9reo \u00e9 muito alta\u201d, disse Contreiras.<\/p>\n\n\n\n<p>Segundo o presidente da Abradee, Marcos Madureira, esse per\u00edodo marcado por celebra\u00e7\u00f5es tradicionais tamb\u00e9m \u00e9 momento de aten\u00e7\u00e3o e reflex\u00e3o sobre algumas pr\u00e1ticas que colocam em risco pessoas e a rede el\u00e9trica.<\/p>\n\n\n\n<p>\u201cComportamentos de risco, como soltar bal\u00f5es ou montar fogueiras perto dos postes, podem trazer consequ\u00eancias graves e at\u00e9 irrevers\u00edveis\u201d, destaca Madureira.<\/p>\n\n\n\n<p>A popula\u00e7\u00e3o pode acessar mais dicas e informa\u00e7\u00f5es sobre como se proteger e evitar acidentes com a rede el\u00e9trica em\u00a0<a href=\"https:\/\/campanhadeseguranca.abradee.org.br\/\" target=\"_blank\" rel=\"noreferrer noopener\">site da Abradee<\/a>.<em><strong> (EBC)<\/strong><\/em><\/p>\n","protected":false},"excerpt":{"rendered":"<p>Itens t\u00edpicos nas festas juninas podem causar at\u00e9 apag\u00f5es el\u00e9tricos Com a chegada das festas&hellip;<\/p>\n","protected":false},"author":2,"featured_media":21669,"comment_status":"open","ping_status":"open","sticky":false,"template":"","format":"standard","meta":{"footnotes":""},"categories":[63],"tags":[],"class_list":["post-21668","post","type-post","status-publish","format-standard","has-post-thumbnail","hentry","category-sao-joao"],"_links":{"self":[{"href":"https:\/\/atitudenoticias.com.br\/index.php?rest_route=\/wp\/v2\/posts\/21668","targetHints":{"allow":["GET"]}}],"collection":[{"href":"https:\/\/atitudenoticias.com.br\/index.php?rest_route=\/wp\/v2\/posts"}],"about":[{"href":"https:\/\/atitudenoticias.com.br\/index.php?rest_route=\/wp\/v2\/types\/post"}],"author":[{"embeddable":true,"href":"https:\/\/atitudenoticias.com.br\/index.php?rest_route=\/wp\/v2\/users\/2"}],"replies":[{"embeddable":true,"href":"https:\/\/atitudenoticias.com.br\/index.php?rest_route=%2Fwp%2Fv2%2Fcomments&post=21668"}],"version-history":[{"count":1,"href":"https:\/\/atitudenoticias.com.br\/index.php?rest_route=\/wp\/v2\/posts\/21668\/revisions"}],"predecessor-version":[{"id":21670,"href":"https:\/\/atitudenoticias.com.br\/index.php?rest_route=\/wp\/v2\/posts\/21668\/revisions\/21670"}],"wp:featuredmedia":[{"embeddable":true,"href":"https:\/\/atitudenoticias.com.br\/index.php?rest_route=\/wp\/v2\/media\/21669"}],"wp:attachment":[{"href":"https:\/\/atitudenoticias.com.br\/index.php?rest_route=%2Fwp%2Fv2%2Fmedia&parent=21668"}],"wp:term":[{"taxonomy":"category","embeddable":true,"href":"https:\/\/atitudenoticias.com.br\/index.php?rest_route=%2Fwp%2Fv2%2Fcategories&post=21668"},{"taxonomy":"post_tag","embeddable":true,"href":"https:\/\/atitudenoticias.com.br\/index.php?rest_route=%2Fwp%2Fv2%2Ftags&post=21668"}],"curies":[{"name":"wp","href":"https:\/\/api.w.org\/{rel}","templated":true}]}}