{"id":21696,"date":"2025-06-25T23:51:07","date_gmt":"2025-06-26T02:51:07","guid":{"rendered":"http:\/\/atitudenoticias.com.br\/?p=21696"},"modified":"2025-06-26T01:37:38","modified_gmt":"2025-06-26T04:37:38","slug":"sao-joao-passou-por-feira-com-alegria-sao-pedro-esta-chegando-com-animacao","status":"publish","type":"post","link":"https:\/\/atitudenoticias.com.br\/?p=21696","title":{"rendered":"S\u00e3o Jo\u00e3o passou por Feira com alegria; S\u00e3o Pedro est\u00e1 chegando com anima\u00e7\u00e3o"},"content":{"rendered":"\n<p class=\"has-text-align-center\"><em><strong>O fole come\u00e7a a roncar a partir desta sexta-feira, dia 27, at\u00e9 o dia 29<\/strong><\/em><\/p>\n\n\n\n<p>O Arrai\u00e1 de Feira est\u00e1 sendo desmontado nos distritos onde ocorreram as comemora\u00e7\u00f5es do S\u00e3o Jo\u00e3o, para ser reconstru\u00eddo em Humildes, Ja\u00edba, Bonfim da Feira e no povoado de Morrinhos, em Jaguara, onde ser\u00e3o realizados os festejos em homenagem a S\u00e3o Pedro. Ser\u00e1 o segundo tempo das festas juninas no munic\u00edpio.<\/p>\n\n\n\n<p>O forr\u00f3, o arrocha e outros ritmos regionais v\u00e3o aquecer os casais \u2014 e tamb\u00e9m os dan\u00e7arinos solo, se assim preferirem \u2014 nos quatro polos anunciados pelo munic\u00edpio. O objetivo \u00e9 consolidar Feira como centro de atra\u00e7\u00e3o das festividades juninas.<\/p>\n\n\n\n<p>O fole come\u00e7a a roncar a partir desta sexta-feira, dia 27, at\u00e9 o dia 29 \u2014 neste caso, apenas em Humildes, onde acontece um dos festejos mais tradicionais e participativos de toda a regi\u00e3o. Nas demais localidades, o forr\u00f3 ser\u00e1 realizado nos dias 27 e 28.<\/p>\n\n\n\n<p>Nomes conhecidos da m\u00fasica nacional se apresentar\u00e3o nos arrai\u00e1s, como Elba Ramalho, Dorgival Dantas, Nadson, o Ferinha, Gatinha Manhosa, Toque Dez, Targino Gondim, Lairton e Zezo, todos contratados para o S\u00e3o Pedro.<\/p>\n\n\n\n<p>S\u00e3o ritmos para todos os gostos, que contribuem decisivamente para a consolida\u00e7\u00e3o do S\u00e3o Pedro de Feira de Santana como um dos melhores festejos do interior nordestino, destacando-se tanto em qualidade quanto na quantidade de arrai\u00e1s montados.<\/p>\n\n\n\n<p>Os palcos e demais estruturas est\u00e3o em pleno processo de montagem. Mas, segundo a Secretaria de Cultura, Esporte e Lazer, tudo estar\u00e1 pronto para receber os artistas e os milhares de forrozeiros que seguir\u00e3o na maratona iniciada no S\u00e3o Jo\u00e3o.<\/p>\n\n\n\n<p>A Prefeitura de Feira de Santana, que patrocina os eventos organizados pela Secel, garantir\u00e1 transporte p\u00fablico coletivo em hor\u00e1rios e com quantidade de ve\u00edculos suficientes para atender \u00e0 demanda, que tradicionalmente aumenta neste per\u00edodo \u2014 especialmente \u00e0 noite.<\/p>\n\n\n\n<p>Tamb\u00e9m ser\u00e1 refor\u00e7ado o atendimento nas unidades de sa\u00fade e na limpeza p\u00fablica dos arrai\u00e1s \u2014 sem descuidar das ruas e resid\u00eancias dos distritos. Agentes da SMT controlar\u00e3o o tr\u00e2nsito nas localidades, e guardas civis municipais far\u00e3o parte da for\u00e7a de seguran\u00e7a onde as festas ser\u00e3o realizadas.<em><strong> (SECOM\/PMFS)<\/strong><\/em><\/p>\n","protected":false},"excerpt":{"rendered":"<p>O fole come\u00e7a a roncar a partir desta sexta-feira, dia 27, at\u00e9 o dia 29&hellip;<\/p>\n","protected":false},"author":2,"featured_media":21697,"comment_status":"open","ping_status":"open","sticky":false,"template":"","format":"standard","meta":{"footnotes":""},"categories":[58,63],"tags":[],"class_list":["post-21696","post","type-post","status-publish","format-standard","has-post-thumbnail","hentry","category-feira-de-santana","category-sao-joao"],"_links":{"self":[{"href":"https:\/\/atitudenoticias.com.br\/index.php?rest_route=\/wp\/v2\/posts\/21696","targetHints":{"allow":["GET"]}}],"collection":[{"href":"https:\/\/atitudenoticias.com.br\/index.php?rest_route=\/wp\/v2\/posts"}],"about":[{"href":"https:\/\/atitudenoticias.com.br\/index.php?rest_route=\/wp\/v2\/types\/post"}],"author":[{"embeddable":true,"href":"https:\/\/atitudenoticias.com.br\/index.php?rest_route=\/wp\/v2\/users\/2"}],"replies":[{"embeddable":true,"href":"https:\/\/atitudenoticias.com.br\/index.php?rest_route=%2Fwp%2Fv2%2Fcomments&post=21696"}],"version-history":[{"count":2,"href":"https:\/\/atitudenoticias.com.br\/index.php?rest_route=\/wp\/v2\/posts\/21696\/revisions"}],"predecessor-version":[{"id":21719,"href":"https:\/\/atitudenoticias.com.br\/index.php?rest_route=\/wp\/v2\/posts\/21696\/revisions\/21719"}],"wp:featuredmedia":[{"embeddable":true,"href":"https:\/\/atitudenoticias.com.br\/index.php?rest_route=\/wp\/v2\/media\/21697"}],"wp:attachment":[{"href":"https:\/\/atitudenoticias.com.br\/index.php?rest_route=%2Fwp%2Fv2%2Fmedia&parent=21696"}],"wp:term":[{"taxonomy":"category","embeddable":true,"href":"https:\/\/atitudenoticias.com.br\/index.php?rest_route=%2Fwp%2Fv2%2Fcategories&post=21696"},{"taxonomy":"post_tag","embeddable":true,"href":"https:\/\/atitudenoticias.com.br\/index.php?rest_route=%2Fwp%2Fv2%2Ftags&post=21696"}],"curies":[{"name":"wp","href":"https:\/\/api.w.org\/{rel}","templated":true}]}}