{"id":21699,"date":"2025-06-26T00:15:40","date_gmt":"2025-06-26T03:15:40","guid":{"rendered":"http:\/\/atitudenoticias.com.br\/?p=21699"},"modified":"2025-06-26T00:15:40","modified_gmt":"2025-06-26T03:15:40","slug":"com-movimentacao-de-ate-r-40-milhoes-84-cidades-baianas-terao-sao-pedro-ate-meados-de-julho","status":"publish","type":"post","link":"https:\/\/atitudenoticias.com.br\/?p=21699","title":{"rendered":"Com movimenta\u00e7\u00e3o de at\u00e9 R$ 40 milh\u00f5es, 84 cidades baianas ter\u00e3o S\u00e3o Pedro at\u00e9 meados de julho"},"content":{"rendered":"\n<p class=\"has-text-align-center\"><strong><em>A maioria dos festejos agora \u00e9 para o santo celebrado no dia 29, mas h\u00e1 tamb\u00e9m comemora\u00e7\u00f5es de S\u00e3o Jo\u00e3o; veja a lista<\/em><\/strong><\/p>\n\n\n\n<p>Se voc\u00ea n\u00e3o conseguiu curtir o S\u00e3o Jo\u00e3o ou \u00e9 do time daquelas pessoas que acreditam que festa junina nunca \u00e9 demais, saiba que ainda pode ter uma chance. Isso porque as comemora\u00e7\u00f5es n\u00e3o acabaram: a partir deste fim de semana, pelo menos 84 cidades baianas ter\u00e3o festas de S\u00e3o Pedro e arrai\u00e1s que seguem at\u00e9 meados de julho.<\/p>\n\n\n\n<p id=\"paragrafo-ut6bwr91xt\">Enquanto algumas j\u00e1 se consolidaram como datas tradicionais dos munic\u00edpios, outros festejos foram criados estrategicamente nos \u00faltimos anos para fomentar calend\u00e1rios de eventos sem concorrer com destinos que promovem festas de S\u00e3o Jo\u00e3o. Com atra\u00e7\u00f5es de renome e visitantes de outras cidades, quem decide pelo S\u00e3o Pedro ou por um S\u00e3o Jo\u00e3o tardio aponta o mesmo saldo: o impacto econ\u00f4mico relevante. Em alguns casos, a movimenta\u00e7\u00e3o chega a R$40 milh\u00f5es durante os dias de festa.<\/p>\n\n\n\n<p id=\"paragrafo-72x5bm448e\">A lista com as 84 cidades foi catalogada pelo CORREIO, com base no Painel de Transpar\u00eancia dos Festejos Juninos na Bahia, organizado pelo Minist\u00e9rio P\u00fablico do Estado, e em an\u00fancios nos sites e nas redes sociais das prefeituras. Os eventos se estendem at\u00e9 o fim da primeira quinzena de julho, mas muitos come\u00e7am j\u00e1 agora.<\/p>\n\n\n\n<p id=\"paragrafo-1hb8npiw1v\">Em geral, a programa\u00e7\u00e3o dos munic\u00edpios inclui nomes locais e regionais, mas tamb\u00e9m grandes figuras da m\u00fasica nacional. Alguns exemplos s\u00e3o Wesley Safad\u00e3o, que tem shows em Oliveira dos Brejinhos no domingo e em Bom Jesus da Lapa na segunda (30); Simone Mendes, que estar\u00e1 em Eun\u00e1polis tamb\u00e9m na segunda, e Bell Marques, que se apresenta em Itaparica (segunda), Pau Brasil (dia 5), Ibirapitanga (dia 6) e Ribeira do Pombal (dia 9).<\/p>\n\n\n\n<p id=\"paragrafo-0p6wrw1y1y\">Em Ca\u00e9m, no Centro-Norte baiano, o S\u00e3o Pedro come\u00e7ou por iniciativa de um grupo de estudantes, na \u00e9poca formandos, que decidiu celebrar a data na pra\u00e7a. \u201cA festa foi criando forma e o munic\u00edpio assumiu. Agora, por noite, a gente bota de 10 a 12 mil pessoas\u201d, conta o prefeito Arnaldo Oliveira. A celebra\u00e7\u00e3o vai acontecer na pr\u00f3xima semana, entre os dias 4 e 6 de julho porque, segundo o prefeito, deixar o evento mais longe do S\u00e3o Jo\u00e3o facilita a contrata\u00e7\u00e3o de estruturas.<\/p>\n\n\n\n<p id=\"paragrafo-9tpni5ftjo\">A grade inclui artistas como Targino Gondim, Silvano Sales e Matheuzinho do Acordeon na sexta-feira e Devinho Novaes no s\u00e1bado. No domingo, a festa \u00e9 encerrada com o Bloco Visita \u00e0s Vi\u00favas, que tem a tradi\u00e7\u00e3o de sair com um minitrio visitando as casas das vi\u00favas da cidade. Al\u00e9m de ser padroeiro dos pescadores, S\u00e3o Pedro \u00e9 considerado o santo das vi\u00favas e vi\u00favos.<\/p>\n\n\n\n<p id=\"paragrafo-1hmaaybl1h\">\u201cCuido muito do feedback das pessoas, para melhorar de um ano para o outro, e considero que temos o melhor S\u00e3o Pedro da nossa regi\u00e3o da Chapada do Piemonte. \u00c9 uma grade de artistas para agradar todos os gostos, mas a gente preza muito pelo forr\u00f3 nordestino. At\u00e9 a decora\u00e7\u00e3o, a gente tem a tradi\u00e7\u00e3o de buscar muito o hist\u00f3rico da cidade, com temas bem regionais\u201d.<\/p>\n\n\n\n<p id=\"paragrafo-y0j58z73en\"><strong>P\u00fablico<\/strong><\/p>\n\n\n\n<p id=\"paragrafo-tsqvcmfr2b\">A maior parte do p\u00fablico \u00e9 de pessoas que v\u00eam de cidades pr\u00f3ximas, a exemplo de Jacobina, Sa\u00fade, Capim Grosso, Serrol\u00e2ndia e os pr\u00f3prios nativos de Ca\u00e9m que moram em outras localidades. O prefeito estima que os tr\u00eas dias de festa movimentam cerca de R$2 milh\u00f5es na economia da cidade de pouco mais de 10 mil habitantes.<\/p>\n\n\n\n<p id=\"paragrafo-4830izjnl3\">\u201cN\u00e3o tem mais casa para alugar, foram mais de 50 alugadas. \u00c9 uma cidade pequena, ent\u00e3o 50 casas t\u00eam um impacto, assim como restaurantes, pousadas e barraqueiros. A gente se preocupa muito com a seguran\u00e7a e, em todos esses anos, nunca teve nenhuma ocorr\u00eancia que possa criar um impacto negativo\u201d, explica. Para a edi\u00e7\u00e3o deste ano, a prefeitura contratou um sistema de videomonitoramento com c\u00e2meras nas estradas da cidade e no circuito.<\/p>\n\n\n\n<p id=\"paragrafo-chrdco1uo4\">Em Prado, no Extremo Sul baiano, haver\u00e1 festejos de S\u00e3o Pedro com ben\u00e7\u00e3o aos pescadores, desfile de barcos e shows com atra\u00e7\u00f5es locais e regionais entre sexta e domingo. No entanto, a cidade ainda ter\u00e1 seu S\u00e3o Jo\u00e3o entre os dias 3 e 6 de julho. De acordo com a administra\u00e7\u00e3o municipal, a programa\u00e7\u00e3o foi pensada para fam\u00edlias. Entre os nomes, h\u00e1 artistas como Nadson, Thiago Aquino e Saia Rodada.<\/p>\n\n\n\n<p id=\"paragrafo-vqn8omgelz\">\u201cOs festejos juninos em Prado v\u00e3o muito al\u00e9m da tradi\u00e7\u00e3o cultural. Eles movimentam a economia local, fortalecem o com\u00e9rcio, geram empregos tempor\u00e1rios e impulsionam o turismo em toda a cidade. Cada arraial, cada apresenta\u00e7\u00e3o e cada detalhe da nossa festa aquece a rede de hospedagem, os bares, restaurantes e servi\u00e7os, mostrando que o S\u00e3o Jo\u00e3o \u00e9, sim, uma grande for\u00e7a para o desenvolvimento do nosso munic\u00edpio&#8221;, diz a secret\u00e1ria municipal de turismo, Iracema Ribeiro.<\/p>\n\n\n\n<p id=\"paragrafo-mwidyosndv\"><strong>Sustent\u00e1vel<\/strong><\/p>\n\n\n\n<p id=\"paragrafo-ljsh090bk9\">J\u00e1 o Ita Pedro, o S\u00e3o Pedro de Itabuna, ter\u00e1 in\u00edcio nesta quinta-feira (26) e segue at\u00e9 domingo (29), dia do santo. A primeira edi\u00e7\u00e3o do evento foi em 2022, porque, at\u00e9 ent\u00e3o, a cidade n\u00e3o tinha uma festa pr\u00f3pria do per\u00edodo. O atual prefeito, Augusto Castro, adotou a pauta como uma promessa de campanha, segundo o presidente da Funda\u00e7\u00e3o Itabunense de Cultura e Cidadania (Ficc), Aldo Rebou\u00e7as.<\/p>\n\n\n\n<p id=\"paragrafo-v0btbns6np\">\u201cA gente entendia que o Ita Pedro seria um propulsor econ\u00f4mico muito grande, tendo em vista a localiza\u00e7\u00e3o estrat\u00e9gica do munic\u00edpio, que \u00e9 cortado por BRs e BAs. A gente pensou no S\u00e3o Pedro porque poucas cidades faziam a festa na regi\u00e3o. S\u00e3o Jo\u00e3o \u00e9 uma data que tem mais concorr\u00eancia\u201d, explica. Naquele primeiro ano, 80 mil pessoas compareceram.<\/p>\n\n\n\n<p id=\"paragrafo-5n812ov9xq\">No ano passado, apenas a noite de s\u00e1bado recebeu um p\u00fablico de 140 mil participantes, calculado pelo sistema de reconhecimento facial da Secretaria da Seguran\u00e7a P\u00fablica do Estado. Ao fim dos quatro dias, foram 400 mil pessoas. Segundo Rebou\u00e7as, a expectativa deste ano \u00e9 ultrapassar esse n\u00famero \u201ctranquilamente\u201d.<\/p>\n\n\n\n<p id=\"paragrafo-harw3h7b0t\">\u201cA rede hoteleira teve ocupa\u00e7\u00e3o de 100%, al\u00e9m de pessoas alugando suas casas, uma coisa que nunca existiu em Itabuna. O com\u00e9rcio estava aquecido e toda a cadeia econ\u00f4mica foi impulsionada\u201d.<\/p>\n\n\n\n<p id=\"paragrafo-g53ezmm3en\">No Ita Pedro, de acordo com o presidente da Ficc, h\u00e1 tamb\u00e9m uma preocupa\u00e7\u00e3o em seguir a Agenda 2030 da Organiza\u00e7\u00e3o das Na\u00e7\u00f5es Unidas, que \u00e9 um plano estrat\u00e9gico para o desenvolvimento sustent\u00e1vel. Foram desenvolvidas medidas no \u00e2mbito ambiental em conjunto com o evento.<\/p>\n\n\n\n<p id=\"paragrafo-deim8lwcl2\">\u201cTinha um lix\u00e3o hist\u00f3rico, insalubre, e a prefeitura profissionalizou e fundou uma associa\u00e7\u00e3o de catadores. Antes, eram pessoas que n\u00e3o tinham nenhuma orienta\u00e7\u00e3o profissional e, agora, participam de todos os eventos municipais. A gente consegue destinar os res\u00edduos a um descarte apropriado e tamb\u00e9m para reciclagem. Nesse per\u00edodo (do Ita Pedro), elas coletaram mais de cinco toneladas. Para elas, \u00e9 quase como um 14\u00ba sal\u00e1rio\u201d, conta.<\/p>\n\n\n\n<p id=\"paragrafo-54vakcsqay\">Das 36 atra\u00e7\u00f5es, aproximadamente metade delas \u00e9 de artistas da pr\u00f3pria cidade ou da regi\u00e3o. H\u00e1, al\u00e9m desses, artistas conhecidos nacionalmente, como Solange Almeida, a dupla Henrique e Juliano e Natanzinho Lima. De acordo com Rebou\u00e7as, essa combina\u00e7\u00e3o \u00e9 poss\u00edvel porque a estrutura montada permite ter at\u00e9 nove atra\u00e7\u00f5es por noite na Arena Z\u00e9 Cachoeira, montada no bairro de S\u00e3o Caetano.<\/p>\n\n\n\n<p id=\"paragrafo-kwkpiuf9pv\">A tranquilidade e o aspecto familiar do S\u00e3o Pedro em Heli\u00f3polis, no Nordeste baiano, s\u00e3o alguns dos pontos que atraem a cidade como destino, na avalia\u00e7\u00e3o da enfermeira aposentada Maria V\u00e2nia Carvalho, 64 anos. Ela se acostumou a passar as f\u00e9rias na cidade desde a adolesc\u00eancia, quando sua irm\u00e3 mais velha se mudou para l\u00e1.<\/p>\n\n\n\n<p id=\"paragrafo-9y7050p2ju\">\u201cNa \u00e9poca, todas as cidades comemoravam o S\u00e3o Jo\u00e3o e as atra\u00e7\u00f5es maiores iam para l\u00e1. No S\u00e3o Pedro, eles conseguiam trazer artistas mais famosos mais facilmente. Eu sempre estava por l\u00e1 e sempre gostei\u201d, conta.<\/p>\n\n\n\n<p id=\"paragrafo-3d9a61pxfv\">Este ano, a festa ser\u00e1 nos dias 11, 12 e 13 de julho e contar\u00e1 com nomes como Solange Almeida, Alcimar Monteiro e Oh Pol\u00eamico. Maria V\u00e2nia pretende ir no dia 10 e voltar no dia 15.<\/p>\n\n\n\n<p id=\"paragrafo-4zja0rejym\">\u201c\u00c9 um lugar relativamente pequeno e \u00e9 muito fam\u00edlia. Eu conhe\u00e7o todo mundo. \u00c9 uma cidade muito alegre, que a gente se sente bem l\u00e1. O forr\u00f3 \u00e9 na rua da casa da minha irm\u00e3. Se voc\u00ea n\u00e3o quiser sair de casa, consegue assistir tudo ainda assim\u201d, conta.<\/p>\n\n\n\n<h2 class=\"wp-block-heading\" id=\"intertitulo-bfwux9jgv9\">Conhe\u00e7a 84 cidades que ter\u00e3o festas de S\u00e3o Pedro at\u00e9 meados de julho<\/h2>\n\n\n\n<ol class=\"wp-block-list\">\n<li>Aba\u00edra\u00a0<\/li>\n\n\n\n<li>Alcoba\u00e7a\u00a0<\/li>\n\n\n\n<li>Almadina<\/li>\n\n\n\n<li>Am\u00e9lia Rodrigues<\/li>\n\n\n\n<li>Ant\u00f4nio Cardoso\u00a0<\/li>\n\n\n\n<li>Araci<\/li>\n\n\n\n<li>Banza\u00ea<\/li>\n\n\n\n<li>Barra do Cho\u00e7a\u00a0<\/li>\n\n\n\n<li>Barro Alto<\/li>\n\n\n\n<li>Barrocas<\/li>\n\n\n\n<li>Belo Campo<\/li>\n\n\n\n<li>Bom Jesus da Lapa<\/li>\n\n\n\n<li>Boninal<\/li>\n\n\n\n<li>Brumado<\/li>\n\n\n\n<li>Casa Nova<\/li>\n\n\n\n<li>Ca\u00e9m<\/li>\n\n\n\n<li>Cora\u00e7\u00e3o de Maria<\/li>\n\n\n\n<li>Cotegipe<\/li>\n\n\n\n<li>Dias D\u2019\u00c1vila\u00a0<\/li>\n\n\n\n<li>Eun\u00e1polis\u00a0<\/li>\n\n\n\n<li>Feira da Mata<\/li>\n\n\n\n<li>Feira de Santana (nos distritos)<\/li>\n\n\n\n<li>Gavi\u00e3o<\/li>\n\n\n\n<li>Gl\u00f3ria<\/li>\n\n\n\n<li>Governador Mangabeira<\/li>\n\n\n\n<li>Heli\u00f3polis\u00a0<\/li>\n\n\n\n<li>Ia\u00e7u<\/li>\n\n\n\n<li>Ibicoara<\/li>\n\n\n\n<li>Ibirapitanga<\/li>\n\n\n\n<li>Igapor\u00e3\u00a0<\/li>\n\n\n\n<li>Igua\u00ed\u00a0<\/li>\n\n\n\n<li>Ipecaet\u00e1<\/li>\n\n\n\n<li>Ipia\u00fa<\/li>\n\n\n\n<li>Iramaia<\/li>\n\n\n\n<li>Irar\u00e1\u00a0<\/li>\n\n\n\n<li>Irec\u00ea<\/li>\n\n\n\n<li>Itabuna<\/li>\n\n\n\n<li>Itagi<\/li>\n\n\n\n<li>Itaparica\u00a0<\/li>\n\n\n\n<li>Itapetinga<\/li>\n\n\n\n<li>Itatim<\/li>\n\n\n\n<li>Itiru\u00e7u<\/li>\n\n\n\n<li>Iti\u00faba<\/li>\n\n\n\n<li>Iui\u00fa<\/li>\n\n\n\n<li>Jacaraci<\/li>\n\n\n\n<li>Jaguarari<\/li>\n\n\n\n<li>Jiquiri\u00e7\u00e1\u00a0<\/li>\n\n\n\n<li>Len\u00e7\u00f3is<\/li>\n\n\n\n<li>Livramento de Nossa Senhora<\/li>\n\n\n\n<li>Lu\u00eds Eduardo Magalh\u00e3es<\/li>\n\n\n\n<li>Macajuba<\/li>\n\n\n\n<li>Macarani<\/li>\n\n\n\n<li>Mairi<\/li>\n\n\n\n<li>Manoel Vitorino<\/li>\n\n\n\n<li>Mara\u00fa<\/li>\n\n\n\n<li>Marcion\u00edlio Souza<\/li>\n\n\n\n<li>Monte Santo<\/li>\n\n\n\n<li>Morpar\u00e1\u00a0<\/li>\n\n\n\n<li>Mulungu do Morro<\/li>\n\n\n\n<li>Nova Reden\u00e7\u00e3o<\/li>\n\n\n\n<li>Nova Soure<\/li>\n\n\n\n<li>Olindina\u00a0<\/li>\n\n\n\n<li>Oliveira dos Brejinhos<\/li>\n\n\n\n<li>Ouri\u00e7angas<\/li>\n\n\n\n<li>Paripiranga<\/li>\n\n\n\n<li>Paulo Afonso<\/li>\n\n\n\n<li>P\u00e9 de Serra<\/li>\n\n\n\n<li>Pintadas\u00a0<\/li>\n\n\n\n<li>Planalto<\/li>\n\n\n\n<li>Prado<\/li>\n\n\n\n<li>Presidente Tancredo Neves<\/li>\n\n\n\n<li>Retirol\u00e2ndia<\/li>\n\n\n\n<li>Ribeira do Amparo<\/li>\n\n\n\n<li>Rio do Pires<\/li>\n\n\n\n<li>Rio Real<\/li>\n\n\n\n<li>Santa Br\u00edgida<\/li>\n\n\n\n<li>Santa Cruz da Vit\u00f3ria<\/li>\n\n\n\n<li>Serra Preta<\/li>\n\n\n\n<li>Tapiramut\u00e1<\/li>\n\n\n\n<li>Teixeira de Freitas<\/li>\n\n\n\n<li>Tremedal\u00a0<\/li>\n\n\n\n<li>Uru\u00e7uca\u00a0<\/li>\n\n\n\n<li>Valen\u00e7a<\/li>\n\n\n\n<li>Wenceslau Guimar\u00e3es\u00a0<\/li>\n<\/ol>\n\n\n\n<p><strong><em>(Por: Thais Borges\/Correio24hs)<\/em><\/strong><\/p>\n","protected":false},"excerpt":{"rendered":"<p>A maioria dos festejos agora \u00e9 para o santo celebrado no dia 29, mas h\u00e1&hellip;<\/p>\n","protected":false},"author":2,"featured_media":21700,"comment_status":"open","ping_status":"open","sticky":false,"template":"","format":"standard","meta":{"footnotes":""},"categories":[22,63],"tags":[],"class_list":["post-21699","post","type-post","status-publish","format-standard","has-post-thumbnail","hentry","category-bahia","category-sao-joao"],"_links":{"self":[{"href":"https:\/\/atitudenoticias.com.br\/index.php?rest_route=\/wp\/v2\/posts\/21699","targetHints":{"allow":["GET"]}}],"collection":[{"href":"https:\/\/atitudenoticias.com.br\/index.php?rest_route=\/wp\/v2\/posts"}],"about":[{"href":"https:\/\/atitudenoticias.com.br\/index.php?rest_route=\/wp\/v2\/types\/post"}],"author":[{"embeddable":true,"href":"https:\/\/atitudenoticias.com.br\/index.php?rest_route=\/wp\/v2\/users\/2"}],"replies":[{"embeddable":true,"href":"https:\/\/atitudenoticias.com.br\/index.php?rest_route=%2Fwp%2Fv2%2Fcomments&post=21699"}],"version-history":[{"count":1,"href":"https:\/\/atitudenoticias.com.br\/index.php?rest_route=\/wp\/v2\/posts\/21699\/revisions"}],"predecessor-version":[{"id":21701,"href":"https:\/\/atitudenoticias.com.br\/index.php?rest_route=\/wp\/v2\/posts\/21699\/revisions\/21701"}],"wp:featuredmedia":[{"embeddable":true,"href":"https:\/\/atitudenoticias.com.br\/index.php?rest_route=\/wp\/v2\/media\/21700"}],"wp:attachment":[{"href":"https:\/\/atitudenoticias.com.br\/index.php?rest_route=%2Fwp%2Fv2%2Fmedia&parent=21699"}],"wp:term":[{"taxonomy":"category","embeddable":true,"href":"https:\/\/atitudenoticias.com.br\/index.php?rest_route=%2Fwp%2Fv2%2Fcategories&post=21699"},{"taxonomy":"post_tag","embeddable":true,"href":"https:\/\/atitudenoticias.com.br\/index.php?rest_route=%2Fwp%2Fv2%2Ftags&post=21699"}],"curies":[{"name":"wp","href":"https:\/\/api.w.org\/{rel}","templated":true}]}}