{"id":21720,"date":"2025-06-26T17:29:47","date_gmt":"2025-06-26T20:29:47","guid":{"rendered":"http:\/\/atitudenoticias.com.br\/?p=21720"},"modified":"2025-06-26T17:29:47","modified_gmt":"2025-06-26T20:29:47","slug":"feira-de-santana-se-transforma-na-capital-do-sao-pedro-neste-final-de-semana-confira-as-atracoes","status":"publish","type":"post","link":"https:\/\/atitudenoticias.com.br\/?p=21720","title":{"rendered":"Feira de Santana se transforma na capital do S\u00e3o Pedro neste final de semana; confira as atra\u00e7\u00f5es"},"content":{"rendered":"\n<p class=\"has-text-align-center\"><em><strong>Principal palco dos festejos de S\u00e3o Pedro no munic\u00edpio, o distrito de Humildes ter\u00e1 forr\u00f3 para todos os gostos<\/strong><\/em><\/p>\n\n\n\n<p>Todos os caminhos levam a Feira de Santana neste final de semana com a programa\u00e7\u00e3o do maior festejo de S\u00e3o Pedro da regi\u00e3o. Elba Ramalho, Zezo, Menina Faceira, Toque Dez, Targino Gondim, Nadson O Ferinha e muitos outros est\u00e3o confirmados na grade de atra\u00e7\u00f5es anunciada pela Prefeitura para animar a festa nos distritos de Humildes, Bonfim de Feira e Ja\u00edba.<\/p>\n\n\n\n<p>Principal palco dos festejos de S\u00e3o Pedro no munic\u00edpio, o distrito de Humildes ter\u00e1 forr\u00f3 para todos os gostos durante tr\u00eas dias, de 27 a 29 deste m\u00eas. A abertura, nesta sexta-feira (27), ser\u00e1 com show de Lua Cheia, a partir das 20h. Em seguida, sobe ao palco o cantor Dorgival Dantas, conhecido como &#8220;O Poeta&#8221;, por manter uma linha de composi\u00e7\u00f5es majoritariamente voltadas ao amor. Logo depois, ser\u00e1 a vez da banda Toque Dez, a mais contratada durante os festejos de S\u00e3o Jo\u00e3o na Bahia. Encerram a noite Serest\u00e3o do Lopes e Capim Molhado, esta \u00faltima se apresentando por volta das 2h.<\/p>\n\n\n\n<p>A anima\u00e7\u00e3o das tradi\u00e7\u00f5es juninas continua em Humildes no s\u00e1bado (28), com a apresenta\u00e7\u00e3o de quadrilhas, das 19h \u00e0s 20h. O primeiro show da noite ser\u00e1 de Diego Alisson, \u00e0s 20h, seguido por Xamego da Thay. Os festejos esquentam ainda mais \u00e0 meia-noite, com a apresenta\u00e7\u00e3o de Elba Ramalho, um dos maiores nomes da m\u00fasica brasileira. Em seguida, Targino Gondim sobe ao palco por volta das 2h, e Z\u00e9 Hon\u00f3rio encerra a noite.<\/p>\n\n\n\n<p>O \u00faltimo dia do S\u00e3o Pedro de Humildes, no domingo (29), tamb\u00e9m come\u00e7a com apresenta\u00e7\u00e3o de quadrilhas, das 19h \u00e0s 20h. Em seguida, \u00cdtalo J\u00fanior abre a programa\u00e7\u00e3o, preparando o clima para Lairton, que se apresenta \u00e0s 22h. O t\u00e3o esperado show de Zezo acontece \u00e0 meia-noite. Logo depois, Nadson O Ferinha sobe ao palco, \u00e0s 2h, e Jo\u00e3o Almeida encerra a programa\u00e7\u00e3o.<\/p>\n\n\n\n<p><strong>Bonfim de Feira<\/strong><\/p>\n\n\n\n<p>As comemora\u00e7\u00f5es do S\u00e3o Pedro movimentam o distrito de Bonfim de Feira durante duas noites. No dia 27, o cantor feirense Asa Filho abre a programa\u00e7\u00e3o \u00e0s 20h, aquecendo o p\u00fablico para a apresenta\u00e7\u00e3o de Alcymar Monteiro, que promete muita anima\u00e7\u00e3o com sucessos como &#8220;Nem Olhou Pra Mim&#8221;, &#8220;Bota Fogo no Forr\u00f3&#8221;, &#8220;Rosa dos Ventos&#8221;, &#8220;A Dona do Forr\u00f3&#8221;, &#8220;Morena Linda&#8221;, &#8220;Momentos de Felicidade&#8221;, &#8220;Arrai\u00e1 da Capit\u00e1&#8221;, &#8220;Tarde Demais&#8221;, &#8220;Lindo Lago do Amor&#8221;, entre muitos outros que marcaram \u00e9poca. A noite ser\u00e1 encerrada com os shows de Luxo e Ostenta\u00e7\u00e3o e, em seguida, Bete Nascimento.<\/p>\n\n\n\n<p>No s\u00e1bado (28), a festa continua a partir das 20h, com show da banda Acaraj\u00e9 com Camar\u00e3o. Logo ap\u00f3s, se apresentam Fran\u00e7a, Lara Am\u00e9lia e Tiachika.<\/p>\n\n\n\n<p><strong>Ja\u00edba<\/strong><\/p>\n\n\n\n<p>Para quem for curtir o S\u00e3o Pedro no distrito de Ja\u00edba, anima\u00e7\u00e3o \u00e9 o que n\u00e3o vai faltar durante duas noites. No dia 27, a programa\u00e7\u00e3o come\u00e7a com Menina Faceira, \u00e0s 20h. Depois, se apresentam Trio Nordestino, Sandro de Castro, Rock Salles e Arquivo Nordestino, com shows at\u00e9 o amanhecer.<\/p>\n\n\n\n<p>No dia 28, a festa continua a partir das 20h com Igor Rei da Farra. Em seguida, se apresentam Gatinha Manhosa, Filomena Bagaceira, Breg\u00e3o Du Valle e, por fim, Novilha de Prata, encerrando a noite \u00e0s 5h da madrugada.<strong>Morrinhos<\/strong>A<strong>&nbsp;<\/strong>programa\u00e7\u00e3o do S\u00e3o Pedro tamb\u00e9m contar\u00e1 com shows no povoado de Morrinhos, no distrito de Jaguara. A grade est\u00e1 sendo finalizada em ser\u00e1 divulgada em breve pela Prefeitura.<\/p>\n\n\n\n<hr class=\"wp-block-separator has-alpha-channel-opacity\"\/>\n\n\n\n<h3 class=\"wp-block-heading\">\ud83c\udfa4&nbsp;<strong>GRADE DE ATRA\u00c7\u00d5ES &#8211; S\u00c3O PEDRO 2025 EM FEIRA DE SANTANA<\/strong><\/h3>\n\n\n\n<hr class=\"wp-block-separator has-alpha-channel-opacity\"\/>\n\n\n\n<h2 class=\"wp-block-heading\">\ud83d\udccd&nbsp;<strong>Distrito de Humildes<\/strong><\/h2>\n\n\n\n<h3 class=\"wp-block-heading\">\ud83d\uddd3&nbsp;<strong>Sexta-feira &#8211; 27\/06<\/strong><\/h3>\n\n\n\n<ul class=\"wp-block-list\">\n<li>20h &#8211; Lua Cheia<\/li>\n\n\n\n<li>Dorgival Dantas<\/li>\n\n\n\n<li>Toque Dez<\/li>\n\n\n\n<li>Serest\u00e3o do Lopes<\/li>\n\n\n\n<li>Capim Molhado (por volta das 2h)<\/li>\n<\/ul>\n\n\n\n<h3 class=\"wp-block-heading\">\ud83d\uddd3&nbsp;<strong>S\u00e1bado &#8211; 28\/06<\/strong><\/h3>\n\n\n\n<ul class=\"wp-block-list\">\n<li>19h \u00e0s 20h &#8211; Apresenta\u00e7\u00e3o de quadrilhas<\/li>\n\n\n\n<li>20h &#8211; Diego Alisson<\/li>\n\n\n\n<li>Xamego da Thay<\/li>\n\n\n\n<li>00h &#8211; Elba Ramalho<\/li>\n\n\n\n<li>02h &#8211; Targino Gondim<\/li>\n\n\n\n<li>Z\u00e9 Hon\u00f3rio (encerramento)<\/li>\n<\/ul>\n\n\n\n<h3 class=\"wp-block-heading\">\ud83d\uddd3&nbsp;<strong>Domingo &#8211; 29\/06<\/strong><\/h3>\n\n\n\n<ul class=\"wp-block-list\">\n<li>19h \u00e0s 20h &#8211; Apresenta\u00e7\u00e3o de quadrilhas<\/li>\n\n\n\n<li>\u00cdtalo J\u00fanior<\/li>\n\n\n\n<li>22h &#8211; Lairton<\/li>\n\n\n\n<li>00h &#8211; Zezo<\/li>\n\n\n\n<li>02h &#8211; Nadson O Ferinha<\/li>\n\n\n\n<li>Jo\u00e3o Almeida (encerramento)<\/li>\n<\/ul>\n\n\n\n<hr class=\"wp-block-separator has-alpha-channel-opacity\"\/>\n\n\n\n<h2 class=\"wp-block-heading\">\ud83d\udccd&nbsp;<strong>Distrito de Bonfim de Feira<\/strong><\/h2>\n\n\n\n<h3 class=\"wp-block-heading\">\ud83d\uddd3&nbsp;<strong>Sexta-feira &#8211; 27\/06<\/strong><\/h3>\n\n\n\n<ul class=\"wp-block-list\">\n<li>20h &#8211; Asa Filho<\/li>\n\n\n\n<li>Alcymar Monteiro<\/li>\n\n\n\n<li>Luxo e Ostenta\u00e7\u00e3o<\/li>\n\n\n\n<li>Bete Nascimento<\/li>\n<\/ul>\n\n\n\n<h3 class=\"wp-block-heading\">\ud83d\uddd3&nbsp;<strong>S\u00e1bado &#8211; 28\/06<\/strong><\/h3>\n\n\n\n<ul class=\"wp-block-list\">\n<li>20h &#8211; Acaraj\u00e9 com Camar\u00e3o<\/li>\n\n\n\n<li>Fran\u00e7a<\/li>\n\n\n\n<li>Lara Am\u00e9lia<\/li>\n\n\n\n<li>Tiachika<\/li>\n<\/ul>\n\n\n\n<hr class=\"wp-block-separator has-alpha-channel-opacity\"\/>\n\n\n\n<h2 class=\"wp-block-heading\">\ud83d\udccd&nbsp;<strong>Distrito de Ja\u00edba<\/strong><\/h2>\n\n\n\n<h3 class=\"wp-block-heading\">\ud83d\uddd3&nbsp;<strong>Sexta-feira &#8211; 27\/06<\/strong><\/h3>\n\n\n\n<ul class=\"wp-block-list\">\n<li>20h &#8211; Menina Faceira<\/li>\n\n\n\n<li>Trio Nordestino<\/li>\n\n\n\n<li>Sandro de Castro<\/li>\n\n\n\n<li>Rock Salles<\/li>\n\n\n\n<li>Arquivo Nordestino<\/li>\n<\/ul>\n\n\n\n<h3 class=\"wp-block-heading\">\ud83d\uddd3&nbsp;<strong>S\u00e1bado &#8211; 28\/06<\/strong><\/h3>\n\n\n\n<ul class=\"wp-block-list\">\n<li>20h &#8211; Igor Rei da Farra<\/li>\n\n\n\n<li>Gatinha Manhosa<\/li>\n\n\n\n<li>Filomena Bagaceira<\/li>\n\n\n\n<li>Breg\u00e3o Du Valle<\/li>\n\n\n\n<li>Novilha de Prata (at\u00e9 as 5h)<\/li>\n<\/ul>\n","protected":false},"excerpt":{"rendered":"<p>Principal palco dos festejos de S\u00e3o Pedro no munic\u00edpio, o distrito de Humildes ter\u00e1 forr\u00f3&hellip;<\/p>\n","protected":false},"author":2,"featured_media":21721,"comment_status":"open","ping_status":"open","sticky":false,"template":"","format":"standard","meta":{"footnotes":""},"categories":[58,35,63],"tags":[],"class_list":["post-21720","post","type-post","status-publish","format-standard","has-post-thumbnail","hentry","category-feira-de-santana","category-musica","category-sao-joao"],"_links":{"self":[{"href":"https:\/\/atitudenoticias.com.br\/index.php?rest_route=\/wp\/v2\/posts\/21720","targetHints":{"allow":["GET"]}}],"collection":[{"href":"https:\/\/atitudenoticias.com.br\/index.php?rest_route=\/wp\/v2\/posts"}],"about":[{"href":"https:\/\/atitudenoticias.com.br\/index.php?rest_route=\/wp\/v2\/types\/post"}],"author":[{"embeddable":true,"href":"https:\/\/atitudenoticias.com.br\/index.php?rest_route=\/wp\/v2\/users\/2"}],"replies":[{"embeddable":true,"href":"https:\/\/atitudenoticias.com.br\/index.php?rest_route=%2Fwp%2Fv2%2Fcomments&post=21720"}],"version-history":[{"count":1,"href":"https:\/\/atitudenoticias.com.br\/index.php?rest_route=\/wp\/v2\/posts\/21720\/revisions"}],"predecessor-version":[{"id":21722,"href":"https:\/\/atitudenoticias.com.br\/index.php?rest_route=\/wp\/v2\/posts\/21720\/revisions\/21722"}],"wp:featuredmedia":[{"embeddable":true,"href":"https:\/\/atitudenoticias.com.br\/index.php?rest_route=\/wp\/v2\/media\/21721"}],"wp:attachment":[{"href":"https:\/\/atitudenoticias.com.br\/index.php?rest_route=%2Fwp%2Fv2%2Fmedia&parent=21720"}],"wp:term":[{"taxonomy":"category","embeddable":true,"href":"https:\/\/atitudenoticias.com.br\/index.php?rest_route=%2Fwp%2Fv2%2Fcategories&post=21720"},{"taxonomy":"post_tag","embeddable":true,"href":"https:\/\/atitudenoticias.com.br\/index.php?rest_route=%2Fwp%2Fv2%2Ftags&post=21720"}],"curies":[{"name":"wp","href":"https:\/\/api.w.org\/{rel}","templated":true}]}}