{"id":21761,"date":"2025-07-01T12:39:57","date_gmt":"2025-07-01T15:39:57","guid":{"rendered":"http:\/\/atitudenoticias.com.br\/?p=21761"},"modified":"2025-07-01T17:13:57","modified_gmt":"2025-07-01T20:13:57","slug":"aldeia-hippie-vira-o-paraiso-do-trafico-moradores-sao-obrigados-a-esconder-armas-e-hospedar-traficantes","status":"publish","type":"post","link":"https:\/\/atitudenoticias.com.br\/?p=21761","title":{"rendered":"Aldeia Hippie vira o &#8216;Para\u00edso do Tr\u00e1fico&#8217;: moradores s\u00e3o obrigados a esconder armas e hospedar traficantes"},"content":{"rendered":"\n<p>Fac\u00e7\u00e3o est\u00e1 na regi\u00e3o h\u00e1 cinco anos e usa a aldeia como ponto estrat\u00e9gico para apoio log\u00edstico<\/p>\n\n\n\n<p>Entre as dunas que separam o mar do Rio Capivara, est\u00e1 um espa\u00e7o para quem buscava um estilo de vida mais sustent\u00e1vel e que existe desde a d\u00e9cada de 60 em Arembepe, no Litoral Norte. Isso porque os bons ventos que traziam o turismo, agora viraram apenas tormenta. A Aldeia Hippie, que em seu auge j\u00e1 recebeu personalidades como Janis Joplin e Mick Jagger, hoje \u00e9\u00a0<a href=\"https:\/\/www.correio24horas.com.br\/bahia\/comunidade-feita-de-bunker-pelo-cv-na-linha-verde-vira-alvo-de-operacao-0625\" target=\"_blank\" rel=\"noreferrer noopener\">ref\u00fagio do Comando Vermelho (CV)<\/a>, onde os traficantes obrigam os moradores a esconderem armas e a hosped\u00e1-los.<\/p>\n\n\n\n<p id=\"paragrafo-e688r5zfem\">Arembepe est\u00e1 a cerca de 30 km de Salvador e a Aldeia Hippie surgiu nas d\u00e9cadas de 1960 e 1970, quando jovens idealistas buscavam liberdade e uma vida mais simples. No entanto, a aldeia, composta por cerca de 40 chal\u00e9s e que ficou conhecida por ser um dos centros mais importantes do movimento hippie no Brasil, tem sido o ref\u00fagio para o CV h\u00e1 pelo menos cinco anos, segundo o delegado Ant\u00f4nio Sena, titular da DH de Cama\u00e7ari.<\/p>\n\n\n\n<p id=\"paragrafo-n256syauo8\">\u201cE desde ent\u00e3o, vinham obrigando os moradores a esconder armas e drogas. Quem se recusava era amea\u00e7ado. Algumas pessoas deixaram o local com medo\u201d, declara o delegado. Sena aponta outro agravante: os donos de pousadas eram obrigados a hospedar traficantes. \u201cObrigavam a dar guarida, principalmente quando a pol\u00edcia fazia opera\u00e7\u00e3o l\u00e1. Coagiam, amea\u00e7ando de morte\u201d, diz o delegado.<\/p>\n\n\n\n<p id=\"paragrafo-w26jtxryf2\">As investiga\u00e7\u00f5es na regi\u00e3o come\u00e7aram desde 2023, com o triplo homic\u00eddio. As v\u00edtimas foram sequestradas na Pra\u00e7a de Arembepe e levadas para a localidade de Parque Real, em Serra Verde, em Cama\u00e7ari. \u201cEles foram levados e mortos porque acreditavam (CV) que os tr\u00eas tinham liga\u00e7\u00e3o com o outro grupo\u201d, relata o delegado sobre o Bonde do Maluco (BDM) que o ocupa a metade da localidade de Emiss\u00e1rio de Arembepe. Com a perman\u00eancia do tr\u00e1fico, a regi\u00e3o registrou dezenas de homic\u00eddios.<\/p>\n\n\n\n<p id=\"paragrafo-u9gmdldrtn\">A reportagem conversou com dois moradores, que vivem do turismo na aldeia. Ambos foram un\u00e2nimes em relatar como o tr\u00e1fico imp\u00f4s mais que o medo. Trouxe preju\u00edzo para a comunidade. &#8220;N\u00e3o vem mais ningu\u00e9m visitar a gente. Quem \u00e9 daqui, da Bahia, n\u00e3o vem mais. Foi forte. Quando vem, \u00e9 um desavisado&#8221;, diz um artes\u00e3o sobre a fama recente do local. &#8220;Sem exagero, perdemos 90% do turismo&#8221;, emenda outro. A reportagem procurou a diretoria de comunica\u00e7\u00e3o da Prefeitura de Cama\u00e7ari na quinta, 26, e&nbsp; sexta, 27, mas ningu\u00e9m respondeu.&nbsp;<\/p>\n\n\n\n<p>Para o CV, a regi\u00e3o \u00e9 estrat\u00e9gica. \u201c\u00c9 uma regi\u00e3o de charco numa mata; por isso, \u00e9 de dif\u00edcil acesso. Outro local onde eles se escondem \u00e9 a Morada Ecol\u00f3gica, um local de mata fechada, que \u00e9 pr\u00f3xima \u00e0 Aldeia Hippie. De l\u00e1, eles conseguem monitorar os passos da pol\u00edcia, mas a gente n\u00e3o consegue v\u00ea-los. Por isso usamos os drones na opera\u00e7\u00e3o\u201d, declara Sena, fazendo refer\u00eancia \u00e0 opera\u00e7\u00e3o no \u00faltimo dia 13.<\/p>\n\n\n\n<p id=\"paragrafo-lb67ovu9n8\"><strong>Opera\u00e7\u00e3o<\/strong><\/p>\n\n\n\n<p id=\"paragrafo-l4p1wa20n4\">No dia 13 de junho, a Pol\u00edcia Civil fez uma megaopera\u00e7\u00e3o contra o tr\u00e1fico de drogas em Arembepe. A a\u00e7\u00e3o teve como alvo a Aldeia Hippie e o Emiss\u00e1rio e alcan\u00e7ou seis integrantes do CV \u2013 quatro deles entraram em confronto com policiais, foram baleados e n\u00e3o resistiram. Outros dois traficantes tiveram os mandados de pris\u00e3o cumpridos durante a a\u00e7\u00e3o batizada como \u2018Capit\u00e3es da Areia\u2019. Entre os mortos est\u00e1 Jackson Santana da Silva, o \u2018Babidi\u2019, uma das lideran\u00e7as. Ap\u00f3s o \u00f3bito, um \u2018toque de recolher\u2019 foi imposto no com\u00e9rcio local pelos traficantes.<\/p>\n\n\n\n<p id=\"paragrafo-zrbaj0prfp\">Em um dos casos de pris\u00e3o, uma ocorr\u00eancia com ref\u00e9m foi registrada na tentativa de fuga. Um dos alvos do mandado de pris\u00e3o preventiva recebeu a equipe policial a tiros, houve confronto e, ap\u00f3s ferido, o criminoso tomou uma mulher como ref\u00e9m em um im\u00f3vel. Policiais da Coordena\u00e7\u00e3o de Opera\u00e7\u00f5es e Recursos Especiais (Core) fizeram a negocia\u00e7\u00e3o e o criminoso se entregou, libertando a ref\u00e9m.&nbsp;&nbsp;<\/p>\n\n\n\n<p id=\"paragrafo-8k7cw69mbm\">Durante as a\u00e7\u00f5es, que tamb\u00e9m cumpriram 21 mandados de busca e apreens\u00e3o, foram apreendidos uma granada, dois rev\u00f3lveres, uma espingarda, tr\u00eas pistolas com seletor de rajada, carregadores alongados e em caracol, drogas, embalagens e equipamentos utilizados no tr\u00e1fico de entorpecentes.<\/p>\n\n\n\n<p id=\"paragrafo-g4dqme06q8\">Entre os crimes investigados est\u00e3o os homic\u00eddios dos irm\u00e3os percussionistas do grupo&nbsp;<a href=\"https:\/\/www.correio24horas.com.br\/minha-bahia\/jovens-mortos-em-ataque-no-emissario-de-arembepe-eram-musicos-do-male-debale-1024\" target=\"_blank\" rel=\"noreferrer noopener\">Mal\u00ea Debal\u00ea, Gustavo Natividade, de 15 anos, e Daniel Natividade dos Santos, de 21, assassinados em outubro de 2024<\/a>. Como informado pelo Correio em reportagem anterior, os jovens artistas foram mortos ap\u00f3s posarem para uma foto com sinal associado a uma fac\u00e7\u00e3o.<\/p>\n\n\n\n<p id=\"paragrafo-c56o5oroqj\">Outro crime atribu\u00eddo ao grupo \u00e9 a morte de Victor Guilherme Pereira de Souza, ocorrido na madrugada de 17 de abril, na regi\u00e3o de Galo Assanhado, em Areias. A v\u00edtima foi executada em uma a\u00e7\u00e3o coordenada por cerca de vinte homens armados. O caso est\u00e1 relacionado \u00e0 disputa entre grupos criminosos pelo dom\u00ednio do tr\u00e1fico de drogas na regi\u00e3o.<\/p>\n\n\n\n<p id=\"paragrafo-u36d8rwnz9\">Segundo informa\u00e7\u00f5es da pol\u00edcia, um inqu\u00e9rito policial identificou a utiliza\u00e7\u00e3o do Emiss\u00e1rio e da Aldeia como ponto estrat\u00e9gico para apoio log\u00edstico.<\/p>\n\n\n\n<p id=\"paragrafo-eesqox0sx1\"><strong>Luxo<\/strong><\/p>\n\n\n\n<p id=\"paragrafo-ykpcuqqk6c\">\u2018Babidi\u2019 \u00e9 irm\u00e3o de Djavan Santos Concei\u00e7\u00e3o, o \u2018Edcity\u2019, o ent\u00e3o l\u00edder do grupo.&nbsp; &#8216;Edcity&#8217; foi preso em novembro do ano passado, durante a Opera\u00e7\u00e3o Nexus realizada em Cuiab\u00e1, pelas For\u00e7as Integradas de Combate ao Crime Organizado (Ficco) da Bahia e do Mato Grosso.<\/p>\n\n\n\n<p id=\"paragrafo-hy7ydat70m\">Ele passava por empres\u00e1rio, morava em uma casa de luxo, em bairro nobre, e mantinha rotina de alto padr\u00e3o na capital mato-grossense. De l\u00e1, ele determinava a execu\u00e7\u00e3o de rivais e abandono de corpos em Lauro de Freitas e Cama\u00e7ari.<\/p>\n\n\n\n<p id=\"paragrafo-of3i3udh63\">As investiga\u00e7\u00f5es apontam tamb\u00e9m que Djavan era respons\u00e1vel pelo envio de fuzis, pistolas, carregadores, muni\u00e7\u00f5es e drogas para a Bahia. Todo o material il\u00edcito era negociado na Bol\u00edvia. Ele era procurado por homic\u00eddios, tr\u00e1fico de drogas e armas, corrup\u00e7\u00e3o de menores, lavagem de dinheiro, falsidade ideol\u00f3gica, uso de documento falso e associa\u00e7\u00e3o criminosa. <strong><em>(Correios24hs)<\/em><\/strong><\/p>\n\n\n\n<p><\/p>\n","protected":false},"excerpt":{"rendered":"<p>Fac\u00e7\u00e3o est\u00e1 na regi\u00e3o h\u00e1 cinco anos e usa a aldeia como ponto estrat\u00e9gico para&hellip;<\/p>\n","protected":false},"author":2,"featured_media":21762,"comment_status":"open","ping_status":"open","sticky":false,"template":"","format":"standard","meta":{"footnotes":""},"categories":[22,60],"tags":[],"class_list":["post-21761","post","type-post","status-publish","format-standard","has-post-thumbnail","hentry","category-bahia","category-policia"],"_links":{"self":[{"href":"https:\/\/atitudenoticias.com.br\/index.php?rest_route=\/wp\/v2\/posts\/21761","targetHints":{"allow":["GET"]}}],"collection":[{"href":"https:\/\/atitudenoticias.com.br\/index.php?rest_route=\/wp\/v2\/posts"}],"about":[{"href":"https:\/\/atitudenoticias.com.br\/index.php?rest_route=\/wp\/v2\/types\/post"}],"author":[{"embeddable":true,"href":"https:\/\/atitudenoticias.com.br\/index.php?rest_route=\/wp\/v2\/users\/2"}],"replies":[{"embeddable":true,"href":"https:\/\/atitudenoticias.com.br\/index.php?rest_route=%2Fwp%2Fv2%2Fcomments&post=21761"}],"version-history":[{"count":1,"href":"https:\/\/atitudenoticias.com.br\/index.php?rest_route=\/wp\/v2\/posts\/21761\/revisions"}],"predecessor-version":[{"id":21763,"href":"https:\/\/atitudenoticias.com.br\/index.php?rest_route=\/wp\/v2\/posts\/21761\/revisions\/21763"}],"wp:featuredmedia":[{"embeddable":true,"href":"https:\/\/atitudenoticias.com.br\/index.php?rest_route=\/wp\/v2\/media\/21762"}],"wp:attachment":[{"href":"https:\/\/atitudenoticias.com.br\/index.php?rest_route=%2Fwp%2Fv2%2Fmedia&parent=21761"}],"wp:term":[{"taxonomy":"category","embeddable":true,"href":"https:\/\/atitudenoticias.com.br\/index.php?rest_route=%2Fwp%2Fv2%2Fcategories&post=21761"},{"taxonomy":"post_tag","embeddable":true,"href":"https:\/\/atitudenoticias.com.br\/index.php?rest_route=%2Fwp%2Fv2%2Ftags&post=21761"}],"curies":[{"name":"wp","href":"https:\/\/api.w.org\/{rel}","templated":true}]}}