{"id":21764,"date":"2025-06-30T17:09:06","date_gmt":"2025-06-30T20:09:06","guid":{"rendered":"http:\/\/atitudenoticias.com.br\/?p=21764"},"modified":"2025-06-30T17:09:07","modified_gmt":"2025-06-30T20:09:07","slug":"com-r-7-milhoes-em-circulacao-periodo-junino-reforca-feira-de-santana-como-polo-economico-e-turistico-regional","status":"publish","type":"post","link":"https:\/\/atitudenoticias.com.br\/?p=21764","title":{"rendered":"Com R$ 7 milh\u00f5es em circula\u00e7\u00e3o, per\u00edodo junino refor\u00e7a Feira de Santana como polo econ\u00f4mico e tur\u00edstico regional"},"content":{"rendered":"\n<p class=\"has-text-align-center\"><em><strong>Com destaque para os setores de hospedagem, alimenta\u00e7\u00e3o, transportes, com\u00e9rcio, combust\u00edveis e servi\u00e7os diversos<\/strong><\/em><\/p>\n\n\n\n<p>O per\u00edodo junino de 2025 resultou em uma movimenta\u00e7\u00e3o estimada de R$ 7 milh\u00f5es na economia de Feira de Santana, segundo levantamento da Secretaria Municipal de Trabalho, Turismo e Desenvolvimento Econ\u00f4mico (Settdec). Os n\u00fameros refor\u00e7am o papel da cidade como um dos principais polos de atra\u00e7\u00e3o tur\u00edstica e log\u00edstica durante as festas de S\u00e3o Jo\u00e3o na Bahia.<\/p>\n\n\n\n<p>A celebra\u00e7\u00e3o movimentou uma cadeia diversificada de setores, com destaque para hospedagem, alimenta\u00e7\u00e3o, transportes, com\u00e9rcio, combust\u00edveis e servi\u00e7os diversos. O setor hoteleiro, por exemplo, alcan\u00e7ou taxa de ocupa\u00e7\u00e3o pr\u00f3xima a 90%, \u00edndice que n\u00e3o apenas evidencia o volume de visitantes, como tamb\u00e9m sinaliza o impacto crescente das festas juninas como vetor de desenvolvimento econ\u00f4mico.<\/p>\n\n\n\n<p>Mesmo sem operar voos comerciais regulares, o aeroporto local registrou uma expressiva movimenta\u00e7\u00e3o. A chegada de artistas por aeronaves particulares posicionou o terminal como ponto estrat\u00e9gico de desembarque durante o ciclo junino. A infraestrutura de transporte complementar, com frota ampliada de t\u00e1xis e servi\u00e7os por aplicativo, foi essencial para atender \u00e0 demanda em toda cidade.&nbsp;<\/p>\n\n\n\n<p>De acordo com a secret\u00e1ria M\u00e1rcia Ferreira, titular da Settdec, os resultados s\u00e3o reflexo direto de uma atua\u00e7\u00e3o integrada do poder p\u00fablico com o setor produtivo. \u201cA prepara\u00e7\u00e3o para o S\u00e3o Jo\u00e3o, S\u00e3o Pedro e todas festas deste per\u00edodo envolveu planejamento, apoio a empreendedores, a\u00e7\u00f5es de capacita\u00e7\u00e3o e articula\u00e7\u00e3o com comerciantes e prestadores de servi\u00e7o. Nosso papel foi criar as condi\u00e7\u00f5es para que a festa gerasse impactos econ\u00f4micos duradouros\u201d, afirmou.&nbsp;<\/p>\n\n\n\n<p>A secretaria coordenou uma s\u00e9rie de a\u00e7\u00f5es pr\u00e9vias ao evento, como na organiza\u00e7\u00e3o de feiras tem\u00e1ticas em pontos estrat\u00e9gicos da cidade, como no Arrai\u00e1 do Com\u00e9rcio, Mercado de Arte Popular, al\u00e9m das a\u00e7\u00f5es realizadas nos distritos. A estrat\u00e9gia, segundo M\u00e1rcia, foi pensada para ampliar a circula\u00e7\u00e3o de renda, estimular o consumo local e fortalecer os la\u00e7os entre cultura e economia. Essas iniciativas tamb\u00e9m contribu\u00edram para o fortalecimento do ecossistema tur\u00edstico de Feira de Santana, promovendo a integra\u00e7\u00e3o entre diferentes setores como com\u00e9rcio, servi\u00e7os, artesanato e gastronomia e posicionando a cidade como destino cultural relevante no per\u00edodo junino.<\/p>\n\n\n\n<p>Al\u00e9m do setor privado, os equipamentos p\u00fablicos e as estruturas de apoio tamb\u00e9m tiveram participa\u00e7\u00e3o decisiva para viabilizar a log\u00edstica da festa. A cidade conta com malha vi\u00e1ria estruturada, rede de servi\u00e7os essenciais e capacidade de recep\u00e7\u00e3o compat\u00edvel com grandes eventos, caracter\u00edsticas que sustentam o posicionamento de Feira de Santana como um hub regional durante os festejos juninos.&nbsp;&nbsp;<\/p>\n\n\n\n<p>A movimenta\u00e7\u00e3o financeira expressiva tamb\u00e9m impacta positivamente os indicadores de empregabilidade, com gera\u00e7\u00e3o de postos tempor\u00e1rios e est\u00edmulo \u00e0 formaliza\u00e7\u00e3o de atividades econ\u00f4micas durante o per\u00edodo festivo. A secretaria M\u00e1rcia Ferreira&nbsp; avalia que os resultados confirmam a voca\u00e7\u00e3o da cidade para receber eventos e devem orientar o planejamento de novas a\u00e7\u00f5es para os pr\u00f3ximos ciclos.<\/p>\n\n\n\n<p>Vale destacar que essa estimativa considera apenas a movimenta\u00e7\u00e3o do setor privado, como bares, restaurantes, hot\u00e9is, com\u00e9rcio e servi\u00e7os. Os dados n\u00e3o incluem os investimentos ou despesas do setor p\u00fablico. O que ser\u00e1 consolidado em outra oportunidade<em><strong>. (SECOM\/PMFS)<\/strong><\/em><\/p>\n\n\n\n<p><\/p>\n","protected":false},"excerpt":{"rendered":"<p>Com destaque para os setores de hospedagem, alimenta\u00e7\u00e3o, transportes, com\u00e9rcio, combust\u00edveis e servi\u00e7os diversos O&hellip;<\/p>\n","protected":false},"author":2,"featured_media":21765,"comment_status":"open","ping_status":"open","sticky":false,"template":"","format":"standard","meta":{"footnotes":""},"categories":[58,63],"tags":[],"class_list":["post-21764","post","type-post","status-publish","format-standard","has-post-thumbnail","hentry","category-feira-de-santana","category-sao-joao"],"_links":{"self":[{"href":"https:\/\/atitudenoticias.com.br\/index.php?rest_route=\/wp\/v2\/posts\/21764","targetHints":{"allow":["GET"]}}],"collection":[{"href":"https:\/\/atitudenoticias.com.br\/index.php?rest_route=\/wp\/v2\/posts"}],"about":[{"href":"https:\/\/atitudenoticias.com.br\/index.php?rest_route=\/wp\/v2\/types\/post"}],"author":[{"embeddable":true,"href":"https:\/\/atitudenoticias.com.br\/index.php?rest_route=\/wp\/v2\/users\/2"}],"replies":[{"embeddable":true,"href":"https:\/\/atitudenoticias.com.br\/index.php?rest_route=%2Fwp%2Fv2%2Fcomments&post=21764"}],"version-history":[{"count":1,"href":"https:\/\/atitudenoticias.com.br\/index.php?rest_route=\/wp\/v2\/posts\/21764\/revisions"}],"predecessor-version":[{"id":21766,"href":"https:\/\/atitudenoticias.com.br\/index.php?rest_route=\/wp\/v2\/posts\/21764\/revisions\/21766"}],"wp:featuredmedia":[{"embeddable":true,"href":"https:\/\/atitudenoticias.com.br\/index.php?rest_route=\/wp\/v2\/media\/21765"}],"wp:attachment":[{"href":"https:\/\/atitudenoticias.com.br\/index.php?rest_route=%2Fwp%2Fv2%2Fmedia&parent=21764"}],"wp:term":[{"taxonomy":"category","embeddable":true,"href":"https:\/\/atitudenoticias.com.br\/index.php?rest_route=%2Fwp%2Fv2%2Fcategories&post=21764"},{"taxonomy":"post_tag","embeddable":true,"href":"https:\/\/atitudenoticias.com.br\/index.php?rest_route=%2Fwp%2Fv2%2Ftags&post=21764"}],"curies":[{"name":"wp","href":"https:\/\/api.w.org\/{rel}","templated":true}]}}