{"id":21893,"date":"2025-07-10T18:16:15","date_gmt":"2025-07-10T21:16:15","guid":{"rendered":"http:\/\/atitudenoticias.com.br\/?p=21893"},"modified":"2025-07-10T18:17:30","modified_gmt":"2025-07-10T21:17:30","slug":"maria-quiteria-acontece-13-de-julho-o-bye-bye-sao-joao","status":"publish","type":"post","link":"https:\/\/atitudenoticias.com.br\/?p=21893","title":{"rendered":"Maria Quit\u00e9ria: Acontece 13 de julho o Bye Bye S\u00e3o Jo\u00e3o"},"content":{"rendered":"\n<p><\/p>\n\n\n\n<p><em>Acontece num domingo, dia 13 de julho de 2025, a terceira edi\u00e7\u00e3o do Bye Bye S\u00e3o Jo\u00e3o no distrito de Maria Quit\u00e9ria, em sua sede, em S\u00e3o Jos\u00e9. Evento que re\u00fane milhares de pessoas e que possui uma vasta programa\u00e7\u00e3o musical. Denominado de a ressaca do S\u00e3o Jo\u00e3o, por ser o \u00faltimo evento junino em Feira de Santana, \u00e9 uma oportunidade de grande participa\u00e7\u00e3o popular.<\/em><\/p>\n\n\n\n<p><em>O deputado estadual Binho Galinha, o grande incentivador e apoiador do evento, informa que esse ser\u00e1 o maior em participa\u00e7\u00e3o do povo das suas edi\u00e7\u00f5es. \u201cVejo o Bye Bye S\u00e3o Jo\u00e3o cada dia crescendo mais, e o povo mais presente. Vamos ter um grande dia de festa em S\u00e3o Jos\u00e9\u201d, disse Binho Galinha que aproveitou para agradecer ao Governo do Estado, a Prefeitura Municipal de Feira de Santana, Policia Militar, Policia Civil e Corpo de Bombeiros pelo apoio \u00e0 festa<\/em>.<\/p>\n","protected":false},"excerpt":{"rendered":"<p>Acontece num domingo, dia 13 de julho de 2025, a terceira edi\u00e7\u00e3o do Bye Bye&hellip;<\/p>\n","protected":false},"author":2,"featured_media":21895,"comment_status":"open","ping_status":"open","sticky":false,"template":"","format":"standard","meta":{"footnotes":""},"categories":[35,63],"tags":[],"class_list":["post-21893","post","type-post","status-publish","format-standard","has-post-thumbnail","hentry","category-musica","category-sao-joao"],"_links":{"self":[{"href":"https:\/\/atitudenoticias.com.br\/index.php?rest_route=\/wp\/v2\/posts\/21893","targetHints":{"allow":["GET"]}}],"collection":[{"href":"https:\/\/atitudenoticias.com.br\/index.php?rest_route=\/wp\/v2\/posts"}],"about":[{"href":"https:\/\/atitudenoticias.com.br\/index.php?rest_route=\/wp\/v2\/types\/post"}],"author":[{"embeddable":true,"href":"https:\/\/atitudenoticias.com.br\/index.php?rest_route=\/wp\/v2\/users\/2"}],"replies":[{"embeddable":true,"href":"https:\/\/atitudenoticias.com.br\/index.php?rest_route=%2Fwp%2Fv2%2Fcomments&post=21893"}],"version-history":[{"count":1,"href":"https:\/\/atitudenoticias.com.br\/index.php?rest_route=\/wp\/v2\/posts\/21893\/revisions"}],"predecessor-version":[{"id":21896,"href":"https:\/\/atitudenoticias.com.br\/index.php?rest_route=\/wp\/v2\/posts\/21893\/revisions\/21896"}],"wp:featuredmedia":[{"embeddable":true,"href":"https:\/\/atitudenoticias.com.br\/index.php?rest_route=\/wp\/v2\/media\/21895"}],"wp:attachment":[{"href":"https:\/\/atitudenoticias.com.br\/index.php?rest_route=%2Fwp%2Fv2%2Fmedia&parent=21893"}],"wp:term":[{"taxonomy":"category","embeddable":true,"href":"https:\/\/atitudenoticias.com.br\/index.php?rest_route=%2Fwp%2Fv2%2Fcategories&post=21893"},{"taxonomy":"post_tag","embeddable":true,"href":"https:\/\/atitudenoticias.com.br\/index.php?rest_route=%2Fwp%2Fv2%2Ftags&post=21893"}],"curies":[{"name":"wp","href":"https:\/\/api.w.org\/{rel}","templated":true}]}}