{"id":21941,"date":"2025-07-15T00:48:24","date_gmt":"2025-07-15T03:48:24","guid":{"rendered":"http:\/\/atitudenoticias.com.br\/?p=21941"},"modified":"2025-07-15T00:48:24","modified_gmt":"2025-07-15T03:48:24","slug":"lula-regulamenta-a-lei-de-reciprocidade-comercial","status":"publish","type":"post","link":"https:\/\/atitudenoticias.com.br\/?p=21941","title":{"rendered":"Lula regulamenta a Lei de Reciprocidade Comercial"},"content":{"rendered":"\n<p class=\"has-text-align-center\"><strong><em>Decreto permite governo responder ao tarifa\u00e7o dos EUA<\/em><\/strong><\/p>\n\n\n\n<p>O<strong>\u00a0presidente Luiz In\u00e1cio Lula da Silva assinou nesta segunda-feira (14) o decreto que regulamenta a<\/strong> Lei da Reciprocidade Comercial. A informa\u00e7\u00e3o foi confirmada pelo ministro-chefe da Casa Civil, Rui Costa, em declara\u00e7\u00e3o \u00e0 imprensa ap\u00f3s um evento no Pal\u00e1cio do Planalto.<img decoding=\"async\" src=\"https:\/\/agenciabrasil.ebc.com.br\/ebc.png?id=1650814&amp;o=node\"><img decoding=\"async\" src=\"https:\/\/agenciabrasil.ebc.com.br\/ebc.gif?id=1650814&amp;o=node\"><\/p>\n\n\n\n<p>O&nbsp;<strong>teor do decreto ser\u00e1 publicado em edi\u00e7\u00e3o regular do Di\u00e1rio Oficial da Uni\u00e3o (DOU<\/strong>).<\/p>\n\n\n\n<p>A\u00a0<strong>norma autoriza o governo brasileiro a adotar medidas comerciais contra pa\u00edses que imponham barreiras unilaterais aos produtos do Brasil no mercado globa<\/strong>l. A medida poder\u00e1 ser usada para responder \u00e0 imposi\u00e7\u00e3o de tarifa de 50% sobre todas as exporta\u00e7\u00f5es brasileiras para os Estados Unidos (EUA), a partir do dia 1\u00ba de agosto, conforme anunciado na semana passada pelo presidente norte-americano, Donald Trump. \u00a0<\/p>\n\n\n\n<p>Segundo Rui Costa, o&nbsp;<strong>decreto n\u00e3o menciona especificamente nenhum pa\u00eds e estabelece os mecanismos necess\u00e1rios para dar cumprimento \u00e0 lei.<\/strong><\/p>\n\n\n\n<blockquote class=\"wp-block-quote is-layout-flow wp-block-quote-is-layout-flow\">\n<p>&nbsp;&#8220;A denomina\u00e7\u00e3o &#8216;reciprocidade&#8217; pode responder de um formato tamb\u00e9m r\u00e1pido, se outro pa\u00eds fizer medidas semelhantes a essa que foi anunciada pelos Estados Unidos&#8221;, explicou.<\/p>\n<\/blockquote>\n\n\n\n<h2 class=\"wp-block-heading\">Hist\u00f3rico<\/h2>\n\n\n\n<p>Aprovada em mar\u00e7o pelo Congresso Nacional e sancionada em abril, a <a href=\"https:\/\/agenciabrasil.ebc.com.br\/economia\/noticia\/2025-04\/lei-da-reciprociadade-comercial-entra-em-vigor-nesta-segunda-feira\" target=\"_blank\" rel=\"noreferrer noopener\">nova lei\u00a0<\/a>\u00e9 justamente uma resposta \u00e0 escalada da guerra comercial desencadeada por Donald Trump contra dezenas de\u00a0pa\u00edses. \u00a0<\/p>\n\n\n\n<p>No caso do Brasil, a tarifa inicialmente imposta pelos EUA foi de 10% sobre todos os produtos exportados para o mercado norte-americano. A exce\u00e7\u00e3o nessa margem de tarifas s\u00e3o o a\u00e7o e o alum\u00ednio, cuja sobretaxa imposta pelos norte-americanos est\u00e1 em 25%, afetando de forma significativa empresas brasileiras, que constituem os terceiros maiores exportadores desses metais para os norte-americanos.<\/p>\n\n\n\n<p>A&nbsp;<strong>Lei da Reciprocidade Comercial estabelece crit\u00e9rios para respostas a a\u00e7\u00f5es, pol\u00edticas ou pr\u00e1ticas unilaterais de pa\u00eds ou bloco econ\u00f4mico que &#8220;impactem negativamente a competitividade internacional brasileira&#8221;<\/strong>.<\/p>\n\n\n\n<p>A norma valer\u00e1 para pa\u00edses ou blocos que &#8220;interfiram nas escolhas leg\u00edtimas e soberanas do Brasil&#8221;.<\/p>\n\n\n\n<p>No Artigo 3\u00ba do texto, por exemplo, fica autorizado o Conselho Estrat\u00e9gico da C\u00e2mara de Com\u00e9rcio Exterior (Camex), ligado ao Executivo, a &#8220;adotar contramedidas na forma de restri\u00e7\u00e3o \u00e0s importa\u00e7\u00f5es de bens e servi\u00e7os&#8221;, prevendo ainda medidas de negocia\u00e7\u00e3o entre as partes antes de qualquer decis\u00e3o.<\/p>\n\n\n\n<h2 class=\"wp-block-heading\">Comit\u00ea de emerg\u00eancia<\/h2>\n\n\n\n<p>Para discutir como reagir \u00e0s tarifas dos EUA, o governo tamb\u00e9m instalou um comit\u00ea de trabalho interministerial, com participa\u00e7\u00e3o de setores empresariais da ind\u00fastria e do agroneg\u00f3cio.<\/p>\n\n\n\n<p>As primeiras reuni\u00f5es do colegiado ocorrer\u00e3o nesta ter\u00e7a-feira (15), sob lideran\u00e7a do vice-presidente Geraldo Alckmin. <strong><em>(EBC)<\/em><\/strong><\/p>\n","protected":false},"excerpt":{"rendered":"<p>Decreto permite governo responder ao tarifa\u00e7o dos EUA O\u00a0presidente Luiz In\u00e1cio Lula da Silva assinou&hellip;<\/p>\n","protected":false},"author":2,"featured_media":17246,"comment_status":"open","ping_status":"open","sticky":false,"template":"","format":"standard","meta":{"footnotes":""},"categories":[20,56],"tags":[],"class_list":["post-21941","post","type-post","status-publish","format-standard","has-post-thumbnail","hentry","category-brasil","category-economia"],"_links":{"self":[{"href":"https:\/\/atitudenoticias.com.br\/index.php?rest_route=\/wp\/v2\/posts\/21941","targetHints":{"allow":["GET"]}}],"collection":[{"href":"https:\/\/atitudenoticias.com.br\/index.php?rest_route=\/wp\/v2\/posts"}],"about":[{"href":"https:\/\/atitudenoticias.com.br\/index.php?rest_route=\/wp\/v2\/types\/post"}],"author":[{"embeddable":true,"href":"https:\/\/atitudenoticias.com.br\/index.php?rest_route=\/wp\/v2\/users\/2"}],"replies":[{"embeddable":true,"href":"https:\/\/atitudenoticias.com.br\/index.php?rest_route=%2Fwp%2Fv2%2Fcomments&post=21941"}],"version-history":[{"count":1,"href":"https:\/\/atitudenoticias.com.br\/index.php?rest_route=\/wp\/v2\/posts\/21941\/revisions"}],"predecessor-version":[{"id":21942,"href":"https:\/\/atitudenoticias.com.br\/index.php?rest_route=\/wp\/v2\/posts\/21941\/revisions\/21942"}],"wp:featuredmedia":[{"embeddable":true,"href":"https:\/\/atitudenoticias.com.br\/index.php?rest_route=\/wp\/v2\/media\/17246"}],"wp:attachment":[{"href":"https:\/\/atitudenoticias.com.br\/index.php?rest_route=%2Fwp%2Fv2%2Fmedia&parent=21941"}],"wp:term":[{"taxonomy":"category","embeddable":true,"href":"https:\/\/atitudenoticias.com.br\/index.php?rest_route=%2Fwp%2Fv2%2Fcategories&post=21941"},{"taxonomy":"post_tag","embeddable":true,"href":"https:\/\/atitudenoticias.com.br\/index.php?rest_route=%2Fwp%2Fv2%2Ftags&post=21941"}],"curies":[{"name":"wp","href":"https:\/\/api.w.org\/{rel}","templated":true}]}}