{"id":22123,"date":"2025-07-30T17:13:06","date_gmt":"2025-07-30T20:13:06","guid":{"rendered":"http:\/\/atitudenoticias.com.br\/?p=22123"},"modified":"2025-07-30T17:13:06","modified_gmt":"2025-07-30T20:13:06","slug":"jose-ronaldo-anuncia-mais-dois-restaurantes-populares-durante-seminario-estadual-de-seguranca-alimentar","status":"publish","type":"post","link":"https:\/\/atitudenoticias.com.br\/?p=22123","title":{"rendered":"Jos\u00e9 Ronaldo anuncia mais dois restaurantes populares durante Semin\u00e1rio Estadual de Seguran\u00e7a Alimentar"},"content":{"rendered":"\n<p class=\"has-text-align-center\"><em><strong>Durante dois dias o evento re\u00fane representantes de cerca de 150 munic\u00edpios baianos no Centro de Conven\u00e7\u00f5es<\/strong><\/em><\/p>\n\n\n\n<p>O munic\u00edpio de Feira de Santana vai passar a contar, no pr\u00f3ximo ano, com mais dois Restaurantes Populares, com pre\u00e7os subsidiados pelo Munic\u00edpio para atender \u00e0 popula\u00e7\u00e3o de baixa renda. A novidade foi anunciada pelo prefeito Jos\u00e9 Ronaldo de Carvalho na manh\u00e3 desta quarta-feira (30), durante a abertura do I Semin\u00e1rio Estadual do Sistema de Seguran\u00e7a Alimentar e Nutricional, com a presen\u00e7a do governador Jer\u00f4nimo Rodrigues, e que durante dois dias re\u00fane representantes de cerca de 150 munic\u00edpios baianos no Centro de Conven\u00e7\u00f5es.<\/p>\n\n\n\n<p>O prefeito Jos\u00e9 Ronaldo, que esteve acompanhado do secret\u00e1rio de Comunica\u00e7\u00e3o, Joilton Freitas, destacou a preocupa\u00e7\u00e3o do Governo Municipal em promover a\u00e7\u00f5es de enfrentamento \u00e0s desigualdades sociais e, sobretudo, promover a garantia de direitos e a seguran\u00e7a alimentar. E observou que, devido ao sucesso do primeiro Restaurante Popular, implantado em sua gest\u00e3o, com a oferta de 1.500 refei\u00e7\u00f5es por dia, a administra\u00e7\u00e3o municipal pretende implantar mais duas unidades no pr\u00f3ximo ano, ampliando assim a capacidade di\u00e1ria para quase 5 mil refei\u00e7\u00f5es de qualidade nutricional para quem mais precisa.<\/p>\n\n\n\n<p>Durante o I Semin\u00e1rio Estadual do Sistema de Seguran\u00e7a Alimentar e Nutricional, o governador Jer\u00f4nimo Rodrigues distribuiu 40 kits de hortali\u00e7as urbanas e periurbanas a prefeitos da regi\u00e3o e lan\u00e7ou o 3\u00ba Plano Estadual de Seguran\u00e7a Alimentar e Nutricional.<\/p>\n\n\n\n<p>O evento prossegue at\u00e9 a tarde desta quinta-feira (31). No primeiro dia, al\u00e9m dos pronunciamentos do prefeito Jos\u00e9 Ronaldo e do governador, houve tamb\u00e9m a realiza\u00e7\u00e3o de uma palestra magna com o tema \u201cConstruindo as intersetorialidades e participa\u00e7\u00e3o social para um SISAN Vivo que garanta direitos\u201d e, no per\u00edodo da tarde, um painel sobre \u201cConcep\u00e7\u00e3o, panorama e funcionamento dos componentes do Sistema de Seguran\u00e7a Alimentar e Nutricional (SISAN) no Brasil e na Bahia\u201d. A programa\u00e7\u00e3o segue na quinta-feira (31) com mais um painel e oficinas tem\u00e1ticas. <em><strong>(SECOM\/PMFS)<\/strong><\/em><\/p>\n\n\n\n<p><\/p>\n","protected":false},"excerpt":{"rendered":"<p>Durante dois dias o evento re\u00fane representantes de cerca de 150 munic\u00edpios baianos no Centro&hellip;<\/p>\n","protected":false},"author":2,"featured_media":22124,"comment_status":"open","ping_status":"open","sticky":false,"template":"","format":"standard","meta":{"footnotes":""},"categories":[58],"tags":[],"class_list":["post-22123","post","type-post","status-publish","format-standard","has-post-thumbnail","hentry","category-feira-de-santana"],"_links":{"self":[{"href":"https:\/\/atitudenoticias.com.br\/index.php?rest_route=\/wp\/v2\/posts\/22123","targetHints":{"allow":["GET"]}}],"collection":[{"href":"https:\/\/atitudenoticias.com.br\/index.php?rest_route=\/wp\/v2\/posts"}],"about":[{"href":"https:\/\/atitudenoticias.com.br\/index.php?rest_route=\/wp\/v2\/types\/post"}],"author":[{"embeddable":true,"href":"https:\/\/atitudenoticias.com.br\/index.php?rest_route=\/wp\/v2\/users\/2"}],"replies":[{"embeddable":true,"href":"https:\/\/atitudenoticias.com.br\/index.php?rest_route=%2Fwp%2Fv2%2Fcomments&post=22123"}],"version-history":[{"count":1,"href":"https:\/\/atitudenoticias.com.br\/index.php?rest_route=\/wp\/v2\/posts\/22123\/revisions"}],"predecessor-version":[{"id":22125,"href":"https:\/\/atitudenoticias.com.br\/index.php?rest_route=\/wp\/v2\/posts\/22123\/revisions\/22125"}],"wp:featuredmedia":[{"embeddable":true,"href":"https:\/\/atitudenoticias.com.br\/index.php?rest_route=\/wp\/v2\/media\/22124"}],"wp:attachment":[{"href":"https:\/\/atitudenoticias.com.br\/index.php?rest_route=%2Fwp%2Fv2%2Fmedia&parent=22123"}],"wp:term":[{"taxonomy":"category","embeddable":true,"href":"https:\/\/atitudenoticias.com.br\/index.php?rest_route=%2Fwp%2Fv2%2Fcategories&post=22123"},{"taxonomy":"post_tag","embeddable":true,"href":"https:\/\/atitudenoticias.com.br\/index.php?rest_route=%2Fwp%2Fv2%2Ftags&post=22123"}],"curies":[{"name":"wp","href":"https:\/\/api.w.org\/{rel}","templated":true}]}}