{"id":22126,"date":"2025-07-30T17:18:18","date_gmt":"2025-07-30T20:18:18","guid":{"rendered":"http:\/\/atitudenoticias.com.br\/?p=22126"},"modified":"2025-07-30T17:18:18","modified_gmt":"2025-07-30T20:18:18","slug":"entrega-de-65-novas-viaturas-em-feira-de-santana-amplia-capacidade-operacional-da-policia-militar-em-municipios-da-regiao","status":"publish","type":"post","link":"https:\/\/atitudenoticias.com.br\/?p=22126","title":{"rendered":"Entrega de 65 novas viaturas em Feira de Santana amplia capacidade operacional da Pol\u00edcia Militar em munic\u00edpios da regi\u00e3o"},"content":{"rendered":"\n<p class=\"has-text-align-center\"><strong><em>Feira de Santana recebeu o maior n\u00famero de unidades, com 23 viaturas. Alagoinhas foi contemplada com cinco ve\u00edculos.<\/em><\/strong><\/p>\n\n\n\n<p>A seguran\u00e7a p\u00fablica ganhou refor\u00e7o nesta quarta-feira (30), com a entrega de 65 novas viaturas \u00e0 Pol\u00edcia Militar durante cerim\u00f4nia realizada na Avenida Presidente Dutra, em Feira de Santana. Os ve\u00edculos, modelos SUV e caminhonetes, ser\u00e3o destinados a munic\u00edpios que comp\u00f5em a Regi\u00e3o Leste da Bahia, sob a jurisdi\u00e7\u00e3o do Comando de Policiamento Regional Leste (CPR-L), incluindo cidades como Alagoinhas, Santo Est\u00eav\u00e3o, Concei\u00e7\u00e3o do Jacu\u00edpe, Catu, entre outras. A aquisi\u00e7\u00e3o dos ve\u00edculos, que representa um investimento de cerca de R$ 18 milh\u00f5es, atender\u00e1 36 munic\u00edpios da regi\u00e3o.<\/p>\n\n\n\n<p>Durante a entrega, o governador Jer\u00f4nimo Rodrigues destacou a import\u00e2ncia da a\u00e7\u00e3o como parte de uma pol\u00edtica p\u00fablica que busca n\u00e3o apenas ampliar, mas qualificar a presen\u00e7a da seguran\u00e7a nos territ\u00f3rios. \u201cRefor\u00e7ar a frota da Pol\u00edcia Militar \u00e9 garantir que nossos agentes tenham melhores condi\u00e7\u00f5es de trabalho e, sobretudo, que a popula\u00e7\u00e3o se sinta mais protegida. Seguran\u00e7a p\u00fablica se faz com presen\u00e7a, estrutura e valoriza\u00e7\u00e3o dos profissionais\u201d, afirmou.<\/p>\n\n\n\n<p>Feira de Santana recebeu o maior n\u00famero de unidades, com 23 viaturas. Alagoinhas foi contemplada com cinco ve\u00edculos. Tamb\u00e9m foram beneficiados Esplanada (3), Catu (2), Concei\u00e7\u00e3o do Jacu\u00edpe (2), Conde (2), Cora\u00e7\u00e3o de Maria (2), Irar\u00e1 (2) e Rio Real (2). Com uma viatura cada, completam a lista os munic\u00edpios de Acajutiba, Am\u00e9lia Rodrigues, Anguera, Ant\u00f4nio Cardoso, Apor\u00e1, Aramari, \u00c1gua Fria, Ara\u00e7\u00e1s, Cardeal da Silva, Concei\u00e7\u00e3o da Feira, Cris\u00f3polis, Entre Rios, Inhambupe, Ipecaet\u00e1, Itapicuru, Janda\u00edra, Olindina, Ouri\u00e7angas, Pedr\u00e3o, Santa B\u00e1rbara, Santan\u00f3polis, S\u00e1tiro Dias, S\u00e3o Gon\u00e7alo dos Campos, Tanquinho, Teodoro Sampaio e Terra Nova.<\/p>\n\n\n\n<p><strong>Investimento fortalece estrutura e reduz criminalidade<\/strong><\/p>\n\n\n\n<p>O secret\u00e1rio da Seguran\u00e7a P\u00fablica, Marcelo Werner, explicou que \u201ccom as 65 viaturas entregues hoje, chegamos a 700 ve\u00edculos renovados somente neste ano de 2025, e ainda temos previs\u00e3o de novos lotes para outras regi\u00f5es do estado. Esse investimento amplia a capacidade operacional da PM, que j\u00e1 conta com o refor\u00e7o de cerca de 4 mil novos policiais nos \u00faltimos dois anos. At\u00e9 o fim do ano, mais 2 mil tomar\u00e3o posse, e outras 1.800 vagas j\u00e1 est\u00e3o garantidas com o in\u00edcio do curso de forma\u00e7\u00e3o da terceira turma. Estamos falando de um esfor\u00e7o conjunto que envolve moderniza\u00e7\u00e3o de frota, aquisi\u00e7\u00e3o de equipamentos como coletes e armamentos, al\u00e9m da valoriza\u00e7\u00e3o profissional.\u201d<\/p>\n\n\n\n<p>Ainda segundo Werner, os resultados desse refor\u00e7o j\u00e1 podem ser sentidos em munic\u00edpios como Feira de Santana. \u201cSomente no primeiro semestre de 2025, tivemos uma redu\u00e7\u00e3o de quase 30% nas mortes violentas na cidade em compara\u00e7\u00e3o ao ano anterior. Esse resultado \u00e9 fruto de opera\u00e7\u00f5es integradas entre as pol\u00edcias Militar e Civil, com apoio das for\u00e7as federais, e a\u00e7\u00f5es de intelig\u00eancia que ampliaram a apreens\u00e3o de armas, drogas e pris\u00f5es de foragidos, inclusive com uso de reconhecimento facial. Tamb\u00e9m estamos atuando com pol\u00edticas de preven\u00e7\u00e3o, como o Bahia pela Paz, que lan\u00e7ou dois coletivos voltados \u00e0 juventude. Combater o crime exige tecnologia, integra\u00e7\u00e3o e presen\u00e7a do Estado.\u201d<\/p>\n\n\n\n<p>Moradores da regi\u00e3o tamb\u00e9m acompanharam o evento e celebraram a entrega. O encanador Pedro Abreu comentou: \u201cA gente se sente mais seguro quando v\u00ea a pol\u00edcia mais equipada.\u201d J\u00e1 Maria das Gra\u00e7as Oliveira, moradora de Concei\u00e7\u00e3o de Feira, refor\u00e7ou: \u201c\u00c9 uma resposta do governo aos nossos pedidos.\u201d<\/p>\n\n\n\n<p>O prefeito de Feira de Santana, Jos\u00e9 Ronaldo, destacou a import\u00e2ncia da iniciativa para toda a regi\u00e3o. \u201cAs viaturas s\u00e3o muito bem-vindas, pois chegam para servir ao povo. Elas n\u00e3o s\u00e3o destinadas apenas a Feira de Santana, mas a toda a regi\u00e3o, sendo distribu\u00eddas entre diversos munic\u00edpios. H\u00e1 um desejo muito grande por mais seguran\u00e7a p\u00fablica em Feira e em toda a regi\u00e3o, e todos n\u00f3s queremos acompanhar de perto esse processo na \u00e1rea da seguran\u00e7a.\u201d <em><strong>(GOVBA)<\/strong><\/em><\/p>\n","protected":false},"excerpt":{"rendered":"<p>Feira de Santana recebeu o maior n\u00famero de unidades, com 23 viaturas. Alagoinhas foi contemplada&hellip;<\/p>\n","protected":false},"author":2,"featured_media":22127,"comment_status":"open","ping_status":"open","sticky":false,"template":"","format":"standard","meta":{"footnotes":""},"categories":[22,60],"tags":[],"class_list":["post-22126","post","type-post","status-publish","format-standard","has-post-thumbnail","hentry","category-bahia","category-policia"],"_links":{"self":[{"href":"https:\/\/atitudenoticias.com.br\/index.php?rest_route=\/wp\/v2\/posts\/22126","targetHints":{"allow":["GET"]}}],"collection":[{"href":"https:\/\/atitudenoticias.com.br\/index.php?rest_route=\/wp\/v2\/posts"}],"about":[{"href":"https:\/\/atitudenoticias.com.br\/index.php?rest_route=\/wp\/v2\/types\/post"}],"author":[{"embeddable":true,"href":"https:\/\/atitudenoticias.com.br\/index.php?rest_route=\/wp\/v2\/users\/2"}],"replies":[{"embeddable":true,"href":"https:\/\/atitudenoticias.com.br\/index.php?rest_route=%2Fwp%2Fv2%2Fcomments&post=22126"}],"version-history":[{"count":1,"href":"https:\/\/atitudenoticias.com.br\/index.php?rest_route=\/wp\/v2\/posts\/22126\/revisions"}],"predecessor-version":[{"id":22128,"href":"https:\/\/atitudenoticias.com.br\/index.php?rest_route=\/wp\/v2\/posts\/22126\/revisions\/22128"}],"wp:featuredmedia":[{"embeddable":true,"href":"https:\/\/atitudenoticias.com.br\/index.php?rest_route=\/wp\/v2\/media\/22127"}],"wp:attachment":[{"href":"https:\/\/atitudenoticias.com.br\/index.php?rest_route=%2Fwp%2Fv2%2Fmedia&parent=22126"}],"wp:term":[{"taxonomy":"category","embeddable":true,"href":"https:\/\/atitudenoticias.com.br\/index.php?rest_route=%2Fwp%2Fv2%2Fcategories&post=22126"},{"taxonomy":"post_tag","embeddable":true,"href":"https:\/\/atitudenoticias.com.br\/index.php?rest_route=%2Fwp%2Fv2%2Ftags&post=22126"}],"curies":[{"name":"wp","href":"https:\/\/api.w.org\/{rel}","templated":true}]}}