{"id":2215,"date":"2022-06-15T02:00:09","date_gmt":"2022-06-15T02:00:09","guid":{"rendered":"http:\/\/atitudenoticias.com.br\/?p=2215"},"modified":"2022-06-16T02:49:21","modified_gmt":"2022-06-16T02:49:21","slug":"escolas-de-barreiras-suspendem-aulas-presenciais-apos-casos-de-covid-19","status":"publish","type":"post","link":"https:\/\/atitudenoticias.com.br\/?p=2215","title":{"rendered":"Escolas de Barreiras suspendem aulas presenciais ap\u00f3s casos de covid-19"},"content":{"rendered":"\n<p class=\"wp-block-paragraph\">Quatro escolas da cidade de Barreiras, localizada no oeste da Bahia, tiveram suas aulas presenciais suspensas depois que alunos e funcion\u00e1rios testaram positivo para a covid-19. As unidades de ensino fazem parte das redes estadual e privada.<\/p>\n\n\n\n<p class=\"wp-block-paragraph\">A Secretaria de Educa\u00e7\u00e3o do Estado&nbsp;da Bahia (Sec-BA) informou que as aulas nos Col\u00e9gios Estaduais El Shadai e Herculano Faria ocorrer\u00e3o de forma remota, de 13 a 15 de junho. Em fun\u00e7\u00e3o do recesso junino, as aulas presenciais ser\u00e3o retomadas no dia 4 de julho. A Sec destacou que as escolas passar\u00e3o por desinfec\u00e7\u00e3o.<\/p>\n\n\n\n<p class=\"wp-block-paragraph\">Segundo a TV Oeste, os casos mais graves da covid-19 foram registrados nas unidades da rede particular. Em uma das escolas, pelo menos oito funcion\u00e1rios e mais de 20 alunos foram contaminados. Em outra unidade de ensino da rede privada, os alunos foram transferidos para aulas remotas por cinco dias.<\/p>\n\n\n\n<p class=\"wp-block-paragraph\">Ao CORREIO, a Secretaria de Sa\u00fade de Barreiras&nbsp;informou que segue monitorando o quadro epidemiol\u00f3gico do munic\u00edpio, que at\u00e9 o momento n\u00e3o apresenta aumento nas interna\u00e7\u00f5es. A prefeitura ressaltou que se for necess\u00e1rio medidas adicionais ser\u00e3o tomadas para conter a dissemina\u00e7\u00e3o do v\u00edrus.&nbsp;<\/p>\n\n\n\n<p class=\"wp-block-paragraph\">Em duas semanas, houve um aumento de\u00a0787%\u00a0no n\u00famero de\u00a0casos ativos da covid-19 em Barreiras. O \u00faltimo\u00a0boletim epidemiol\u00f3gico da cidade, publicado na segunda-feira (14), mostra que a cidade possui 260 casos ativos da doen\u00e7a, sendo que no dia 30 de maio o munic\u00edpio tinha 33. A prefeitura informou que ainda n\u00e3o possui\u00a0indicativo que mostre se a demanda nos hospitais aumentou.\u00a0 (Correio24hs)<\/p>\n","protected":false},"excerpt":{"rendered":"<p>Quatro escolas da cidade de Barreiras, localizada no oeste da Bahia, tiveram suas aulas presenciais&hellip;<\/p>\n","protected":false},"author":2,"featured_media":2216,"comment_status":"open","ping_status":"open","sticky":false,"template":"","format":"standard","meta":{"footnotes":""},"categories":[64,66],"tags":[],"class_list":["post-2215","post","type-post","status-publish","format-standard","has-post-thumbnail","hentry","category-covid-19","category-municipios"],"_links":{"self":[{"href":"https:\/\/atitudenoticias.com.br\/index.php?rest_route=\/wp\/v2\/posts\/2215","targetHints":{"allow":["GET"]}}],"collection":[{"href":"https:\/\/atitudenoticias.com.br\/index.php?rest_route=\/wp\/v2\/posts"}],"about":[{"href":"https:\/\/atitudenoticias.com.br\/index.php?rest_route=\/wp\/v2\/types\/post"}],"author":[{"embeddable":true,"href":"https:\/\/atitudenoticias.com.br\/index.php?rest_route=\/wp\/v2\/users\/2"}],"replies":[{"embeddable":true,"href":"https:\/\/atitudenoticias.com.br\/index.php?rest_route=%2Fwp%2Fv2%2Fcomments&post=2215"}],"version-history":[{"count":1,"href":"https:\/\/atitudenoticias.com.br\/index.php?rest_route=\/wp\/v2\/posts\/2215\/revisions"}],"predecessor-version":[{"id":2217,"href":"https:\/\/atitudenoticias.com.br\/index.php?rest_route=\/wp\/v2\/posts\/2215\/revisions\/2217"}],"wp:featuredmedia":[{"embeddable":true,"href":"https:\/\/atitudenoticias.com.br\/index.php?rest_route=\/wp\/v2\/media\/2216"}],"wp:attachment":[{"href":"https:\/\/atitudenoticias.com.br\/index.php?rest_route=%2Fwp%2Fv2%2Fmedia&parent=2215"}],"wp:term":[{"taxonomy":"category","embeddable":true,"href":"https:\/\/atitudenoticias.com.br\/index.php?rest_route=%2Fwp%2Fv2%2Fcategories&post=2215"},{"taxonomy":"post_tag","embeddable":true,"href":"https:\/\/atitudenoticias.com.br\/index.php?rest_route=%2Fwp%2Fv2%2Ftags&post=2215"}],"curies":[{"name":"wp","href":"https:\/\/api.w.org\/{rel}","templated":true}]}}