{"id":22474,"date":"2025-08-31T23:45:19","date_gmt":"2025-09-01T02:45:19","guid":{"rendered":"http:\/\/atitudenoticias.com.br\/?p=22474"},"modified":"2025-09-02T00:26:40","modified_gmt":"2025-09-02T03:26:40","slug":"profissionais-de-imprensa-terao-espaco-moderno-e-funcional-para-cobertura-da-expofeira-2025","status":"publish","type":"post","link":"https:\/\/atitudenoticias.com.br\/?p=22474","title":{"rendered":"Profissionais de imprensa ter\u00e3o espa\u00e7o moderno e funcional para cobertura da Expofeira 2025"},"content":{"rendered":"\n<p class=\"has-text-align-center\"><em><strong>A estrutura ser\u00e1 equipada para garantir o conforto e a efici\u00eancia dos jornalistas que atuar\u00e3o na cobertura do evento<\/strong><\/em><\/p>\n\n\n\n<p>Na tarde desta sexta-feira (29), o secret\u00e1rio municipal de Comunica\u00e7\u00e3o Social, Joilton Freitas, realizou uma visita t\u00e9cnica ao Parque de Exposi\u00e7\u00e3o Jo\u00e3o Martins da Silva, que ser\u00e1 o palco da 46\u00aa Exposi\u00e7\u00e3o Agropecu\u00e1ria de Feira de Santana (Expofeira 2025). A visita teve como principal objetivo a vistoria do espa\u00e7o que ser\u00e1 destinado \u00e0 Sala de Imprensa, local onde jornalistas e comunicadores poder\u00e3o realizar a cobertura do evento.<\/p>\n\n\n\n<p>A Sala de Imprensa, que contar\u00e1 com 12&#215;6 metros, est\u00e1 sendo preparada para acomodar profissionais de 15 ve\u00edculos de comunica\u00e7\u00e3o da cidade. A estrutura ser\u00e1 equipada para garantir o conforto e a efici\u00eancia dos jornalistas que atuar\u00e3o na cobertura do evento. Al\u00e9m disso, o local servir\u00e1 como ponto de apoio para a transmiss\u00e3o ao vivo da TV Feira e para os membros da Secretaria de Comunica\u00e7\u00e3o Social.<\/p>\n\n\n\n<p>&#8220;Estamos trabalhando para garantir que a cobertura da Expofeira seja feita com a m\u00e1xima qualidade. A Sala de Imprensa ser\u00e1 um espa\u00e7o moderno e funcional, onde a imprensa ter\u00e1 toda a infraestrutura necess\u00e1ria para realizar o seu trabalho&#8221;, destacou o secret\u00e1rio Joilton Freitas.<\/p>\n\n\n\n<p>A visita t\u00e9cnica tamb\u00e9m contou com a presen\u00e7a do secret\u00e1rio de Agricultura, Silvaney Ara\u00fajo, e de membros da comiss\u00e3o organizadora da Expofeira. A iniciativa refor\u00e7a o compromisso da Secretaria de Comunica\u00e7\u00e3o Social em proporcionar uma cobertura jornal\u00edstica de alto n\u00edvel, destacando a import\u00e2ncia do evento para a cidade e para a regi\u00e3o.<\/p>\n\n\n\n<p>A 46\u00aa Expofeira acontece de 7 a 14 de setembro no Parque de Exposi\u00e7\u00e3o Jo\u00e3o Martins da Silva.<strong><em> (SECOM\/PMFS)<\/em><\/strong><\/p>\n\n\n\n<p><\/p>\n","protected":false},"excerpt":{"rendered":"<p>A estrutura ser\u00e1 equipada para garantir o conforto e a efici\u00eancia dos jornalistas que atuar\u00e3o&hellip;<\/p>\n","protected":false},"author":2,"featured_media":22475,"comment_status":"open","ping_status":"open","sticky":false,"template":"","format":"standard","meta":{"footnotes":""},"categories":[76,58],"tags":[],"class_list":["post-22474","post","type-post","status-publish","format-standard","has-post-thumbnail","hentry","category-agronegocios","category-feira-de-santana"],"_links":{"self":[{"href":"https:\/\/atitudenoticias.com.br\/index.php?rest_route=\/wp\/v2\/posts\/22474","targetHints":{"allow":["GET"]}}],"collection":[{"href":"https:\/\/atitudenoticias.com.br\/index.php?rest_route=\/wp\/v2\/posts"}],"about":[{"href":"https:\/\/atitudenoticias.com.br\/index.php?rest_route=\/wp\/v2\/types\/post"}],"author":[{"embeddable":true,"href":"https:\/\/atitudenoticias.com.br\/index.php?rest_route=\/wp\/v2\/users\/2"}],"replies":[{"embeddable":true,"href":"https:\/\/atitudenoticias.com.br\/index.php?rest_route=%2Fwp%2Fv2%2Fcomments&post=22474"}],"version-history":[{"count":1,"href":"https:\/\/atitudenoticias.com.br\/index.php?rest_route=\/wp\/v2\/posts\/22474\/revisions"}],"predecessor-version":[{"id":22476,"href":"https:\/\/atitudenoticias.com.br\/index.php?rest_route=\/wp\/v2\/posts\/22474\/revisions\/22476"}],"wp:featuredmedia":[{"embeddable":true,"href":"https:\/\/atitudenoticias.com.br\/index.php?rest_route=\/wp\/v2\/media\/22475"}],"wp:attachment":[{"href":"https:\/\/atitudenoticias.com.br\/index.php?rest_route=%2Fwp%2Fv2%2Fmedia&parent=22474"}],"wp:term":[{"taxonomy":"category","embeddable":true,"href":"https:\/\/atitudenoticias.com.br\/index.php?rest_route=%2Fwp%2Fv2%2Fcategories&post=22474"},{"taxonomy":"post_tag","embeddable":true,"href":"https:\/\/atitudenoticias.com.br\/index.php?rest_route=%2Fwp%2Fv2%2Ftags&post=22474"}],"curies":[{"name":"wp","href":"https:\/\/api.w.org\/{rel}","templated":true}]}}