{"id":22503,"date":"2025-09-02T00:41:01","date_gmt":"2025-09-02T03:41:01","guid":{"rendered":"http:\/\/atitudenoticias.com.br\/?p=22503"},"modified":"2025-09-02T00:42:08","modified_gmt":"2025-09-02T03:42:08","slug":"setembro-amarelo-psicologa-destaca-importancia-de-falar-de-prevencao-ao-suicidio","status":"publish","type":"post","link":"https:\/\/atitudenoticias.com.br\/?p=22503","title":{"rendered":"Setembro Amarelo: psic\u00f3loga destaca import\u00e2ncia de falar de preven\u00e7\u00e3o ao suic\u00eddio"},"content":{"rendered":"\n<p class=\"has-text-align-center\"><strong><em>A cada 46 minutos um brasileiro tira a pr\u00f3pria vida. No mundo, s\u00e3o registrados cerca de 800 mil suic\u00eddios anuais<\/em><\/strong><\/p>\n\n\n\n<p>Falar sobre suic\u00eddio, embora ainda seja um tabu, \u00e9 uma das formas de evitar que esse ato de extremo desespero aconte\u00e7a. Uma das a\u00e7\u00f5es preventivas ligadas ao problema, que ganha proje\u00e7\u00e3o e engajamento cada vez maior anualmente \u00e9 o Setembro Amarelo: m\u00eas de conscientiza\u00e7\u00e3o e preven\u00e7\u00e3o ao suic\u00eddio.<\/p>\n\n\n\n<p>A campanha Setembro Amarelo, que est\u00e1 ganhando cada vez mais for\u00e7a nas redes sociais, tem o intuito de alertar a popula\u00e7\u00e3o sobre os casos recorrentes de suic\u00eddio no Brasil e no mundo. Os dados s\u00e3o alarmantes. Segundo os dados da Organiza\u00e7\u00e3o Mundial da Sa\u00fade (OMS), no Brasil, cerca de 12 mil pessoas tiram a pr\u00f3pria vida por ano.<br>&nbsp;<\/p>\n\n\n\n<p>A cada 46 minutos um brasileiro tira a pr\u00f3pria vida. No mundo, s\u00e3o registrados cerca de 800 mil suic\u00eddios anuais. Trata-se de uma realidade alarmante, com n\u00fameros crescentes, principalmente entre os jovens. O suic\u00eddio \u00e9 a quarta maior causa de morte entre pessoas de 15 a 29 anos, tendo a depress\u00e3o como um dos principais fatores desencadeantes, segundo especialistas. No entanto, a OMS afirma que o suic\u00eddio tem preven\u00e7\u00e3o em 90% dos casos.<\/p>\n\n\n\n<p>Segundo a psic\u00f3loga Bianca Reis, \u201cDurante muito tempo se acreditou que falar de suic\u00eddio levaria as pessoas a pensar em tirar a pr\u00f3pria vida, o que \u00e9 na verdade um grande mito. Quando temos um problema de sa\u00fade, precisamos falar sobre ele\u201d.<\/p>\n\n\n\n<p>E embora j\u00e1 tenha sido comprovado o contr\u00e1rio, existe um mito que crian\u00e7as n\u00e3o t\u00eam problemas e isso precisa ser desmistificado. N\u00e3o existe uma idade espec\u00edfica em que o problema possa se manifestar, acomete desde crian\u00e7as e adolescentes at\u00e9 idosos.<\/p>\n\n\n\n<p>\u201cCrian\u00e7as n\u00e3o pagam boletos, mas elas podem estar pagando altos pre\u00e7os por aqui estarem existindo. Por isso, idea\u00e7\u00f5es suicidas n\u00e3o se manifestam apenas na adolesc\u00eancia, na idade adulta e na velhice, mas tamb\u00e9m na inf\u00e2ncia\u201d, acrescenta Bianca Reis.<\/p>\n\n\n\n<p>A especialista destaca ainda que esse \u00e9 um problema grave que afeta pessoas em diferentes momentos da vida e, por esse motivo, \u00e9 um assunto que merece sempre nossa aten\u00e7\u00e3o e n\u00e3o apenas no m\u00eas de setembro.<\/p>\n\n\n\n<p><em><strong>(Tribuna da Bahia)<\/strong><\/em><\/p>\n\n\n\n<p id=\"paragrafo-5g84xua001\"><\/p>\n","protected":false},"excerpt":{"rendered":"<p>A cada 46 minutos um brasileiro tira a pr\u00f3pria vida. No mundo, s\u00e3o registrados cerca&hellip;<\/p>\n","protected":false},"author":2,"featured_media":12229,"comment_status":"open","ping_status":"open","sticky":false,"template":"","format":"standard","meta":{"footnotes":""},"categories":[25],"tags":[],"class_list":["post-22503","post","type-post","status-publish","format-standard","has-post-thumbnail","hentry","category-saude"],"_links":{"self":[{"href":"https:\/\/atitudenoticias.com.br\/index.php?rest_route=\/wp\/v2\/posts\/22503","targetHints":{"allow":["GET"]}}],"collection":[{"href":"https:\/\/atitudenoticias.com.br\/index.php?rest_route=\/wp\/v2\/posts"}],"about":[{"href":"https:\/\/atitudenoticias.com.br\/index.php?rest_route=\/wp\/v2\/types\/post"}],"author":[{"embeddable":true,"href":"https:\/\/atitudenoticias.com.br\/index.php?rest_route=\/wp\/v2\/users\/2"}],"replies":[{"embeddable":true,"href":"https:\/\/atitudenoticias.com.br\/index.php?rest_route=%2Fwp%2Fv2%2Fcomments&post=22503"}],"version-history":[{"count":1,"href":"https:\/\/atitudenoticias.com.br\/index.php?rest_route=\/wp\/v2\/posts\/22503\/revisions"}],"predecessor-version":[{"id":22504,"href":"https:\/\/atitudenoticias.com.br\/index.php?rest_route=\/wp\/v2\/posts\/22503\/revisions\/22504"}],"wp:featuredmedia":[{"embeddable":true,"href":"https:\/\/atitudenoticias.com.br\/index.php?rest_route=\/wp\/v2\/media\/12229"}],"wp:attachment":[{"href":"https:\/\/atitudenoticias.com.br\/index.php?rest_route=%2Fwp%2Fv2%2Fmedia&parent=22503"}],"wp:term":[{"taxonomy":"category","embeddable":true,"href":"https:\/\/atitudenoticias.com.br\/index.php?rest_route=%2Fwp%2Fv2%2Fcategories&post=22503"},{"taxonomy":"post_tag","embeddable":true,"href":"https:\/\/atitudenoticias.com.br\/index.php?rest_route=%2Fwp%2Fv2%2Ftags&post=22503"}],"curies":[{"name":"wp","href":"https:\/\/api.w.org\/{rel}","templated":true}]}}