{"id":2258,"date":"2022-06-16T02:16:12","date_gmt":"2022-06-16T02:16:12","guid":{"rendered":"http:\/\/atitudenoticias.com.br\/?p=2258"},"modified":"2022-06-16T02:25:27","modified_gmt":"2022-06-16T02:25:27","slug":"deputado-baiano-e-vaiado-apos-citar-lula-em-evento","status":"publish","type":"post","link":"https:\/\/atitudenoticias.com.br\/?p=2258","title":{"rendered":"Deputado baiano \u00e9 vaiado ap\u00f3s citar Lula em evento"},"content":{"rendered":"\n<p class=\"has-medium-font-size wp-block-paragraph\"><strong><em>Rosemberg Pinto esteve presente na festa em comemora\u00e7\u00e3o aos 76 anos de Itarantim<\/em><\/strong><\/p>\n\n\n\n<p class=\"wp-block-paragraph\">O deputado estadual,&nbsp;<a href=\"https:\/\/www.bnews.com.br\/tags\/rosemberg-pinto\" rel=\"noreferrer noopener\" target=\"_blank\">Rosemberg Pinto<\/a>&nbsp;(PT), foi vaiado ap\u00f3s mencionar o nome do pr\u00e9-candidato \u00e0 Presid\u00eancia da Rep\u00fablica,&nbsp;<a href=\"https:\/\/www.bnews.com.br\/tags\/lula\" rel=\"noreferrer noopener\" target=\"_blank\">Luiz In\u00e1cio Lula da Silva<\/a>&nbsp;(PT), em discurso durante as celebra\u00e7\u00f5es pelos 76 anos da cidade de Itarantim, no sudoeste da Bahia, que come\u00e7aram nesta ter\u00e7a-feira (14).<\/p>\n\n\n\n<p class=\"wp-block-paragraph\">Segundo o parlamentar, o melhor presente que o munic\u00edpio poderia receber nos 76 anos de emancipa\u00e7\u00e3o pol\u00edtica &#8220;\u00e9 trazer de volta o melhor presidente do Brasil, Luiz In\u00e1cio Lula da Silva&#8221;. O petista foi alvo de vaias logo em seguida. (BNews)<\/p>\n\n\n\n<p class=\"wp-block-paragraph\"><\/p>\n","protected":false},"excerpt":{"rendered":"<p>Rosemberg Pinto esteve presente na festa em comemora\u00e7\u00e3o aos 76 anos de Itarantim O deputado&hellip;<\/p>\n","protected":false},"author":2,"featured_media":2259,"comment_status":"open","ping_status":"open","sticky":false,"template":"","format":"standard","meta":{"footnotes":""},"categories":[27,66],"tags":[],"class_list":["post-2258","post","type-post","status-publish","format-standard","has-post-thumbnail","hentry","category-eleicoes","category-municipios"],"_links":{"self":[{"href":"https:\/\/atitudenoticias.com.br\/index.php?rest_route=\/wp\/v2\/posts\/2258","targetHints":{"allow":["GET"]}}],"collection":[{"href":"https:\/\/atitudenoticias.com.br\/index.php?rest_route=\/wp\/v2\/posts"}],"about":[{"href":"https:\/\/atitudenoticias.com.br\/index.php?rest_route=\/wp\/v2\/types\/post"}],"author":[{"embeddable":true,"href":"https:\/\/atitudenoticias.com.br\/index.php?rest_route=\/wp\/v2\/users\/2"}],"replies":[{"embeddable":true,"href":"https:\/\/atitudenoticias.com.br\/index.php?rest_route=%2Fwp%2Fv2%2Fcomments&post=2258"}],"version-history":[{"count":1,"href":"https:\/\/atitudenoticias.com.br\/index.php?rest_route=\/wp\/v2\/posts\/2258\/revisions"}],"predecessor-version":[{"id":2260,"href":"https:\/\/atitudenoticias.com.br\/index.php?rest_route=\/wp\/v2\/posts\/2258\/revisions\/2260"}],"wp:featuredmedia":[{"embeddable":true,"href":"https:\/\/atitudenoticias.com.br\/index.php?rest_route=\/wp\/v2\/media\/2259"}],"wp:attachment":[{"href":"https:\/\/atitudenoticias.com.br\/index.php?rest_route=%2Fwp%2Fv2%2Fmedia&parent=2258"}],"wp:term":[{"taxonomy":"category","embeddable":true,"href":"https:\/\/atitudenoticias.com.br\/index.php?rest_route=%2Fwp%2Fv2%2Fcategories&post=2258"},{"taxonomy":"post_tag","embeddable":true,"href":"https:\/\/atitudenoticias.com.br\/index.php?rest_route=%2Fwp%2Fv2%2Ftags&post=2258"}],"curies":[{"name":"wp","href":"https:\/\/api.w.org\/{rel}","templated":true}]}}