{"id":22645,"date":"2025-09-14T17:17:27","date_gmt":"2025-09-14T20:17:27","guid":{"rendered":"http:\/\/atitudenoticias.com.br\/?p=22645"},"modified":"2025-09-15T17:17:48","modified_gmt":"2025-09-15T20:17:48","slug":"expofeira-2025-parque-de-exposicao-recebeu-um-dos-maiores-publicos-da-sua-historia","status":"publish","type":"post","link":"https:\/\/atitudenoticias.com.br\/?p=22645","title":{"rendered":"Expofeira 2025: Parque de Exposi\u00e7\u00e3o recebeu um dos maiores p\u00fablicos da sua hist\u00f3ria"},"content":{"rendered":"\n<p class=\"has-text-align-center\"><em><strong>Tradicionalmente, o domingo \u00e9 o dia no qual os pais levam seus filhos, principalmente as crian\u00e7as, para ver os animais<\/strong><\/em><\/p>\n\n\n\n<p class=\"has-text-align-left\">O Parque de Exposi\u00e7\u00e3o Jo\u00e3o Martins da Silva recebeu, neste domingo, data do encerramento da 46\u00aa Exposi\u00e7\u00e3o Agropecu\u00e1ria de Feira de Santana, um dos maiores p\u00fablicos da sua hist\u00f3ria recente.<\/p>\n\n\n\n<p>Tradicionalmente, o domingo \u00e9 o dia no qual os pais levam seus filhos, principalmente as crian\u00e7as, para ver os animais. \u201cA gente traz as crian\u00e7as que se divertem e a gente brinca junto\u201d, disse Edson Machado, que levou os filhos Helena, 2, e Augusto, 7, ao parque pela primeira vez.<\/p>\n\n\n\n<p>Ele elogiou a organiza\u00e7\u00e3o da Expofeira, detalhe que, na opini\u00e3o dele, foi decisivo para que as pessoas voltassem a frequentar o parque. \u201cAs pessoas falavam umas para as outras que tudo aqui estava muito bom.\u201d<\/p>\n\n\n\n<p>Em alguns pontos, o vai e vem chegou a reter o fluxo por alguns momentos. As crian\u00e7as, que foram levadas ao parque em grande quantidade, se divertiram. Andaram de p\u00f4nei, conheceram bovinos e cavalos.<\/p>\n\n\n\n<p>N\u00e3o foram poucos os que perderam o medo e montaram no touro nelore com guzer\u00e1, o manso Brilhoso, que, aos dez anos, pesa mais de 800 quilos, para serem fotografados. A lembran\u00e7a custou R$ 10 aos pais, que registraram o momento em celulares.<\/p>\n\n\n\n<p>Adultos e crian\u00e7as se amontoaram em frente a uma baia m\u00f3vel para ver um filhote de p\u00f4nei, que parecia ser menor do que um carneiro. Outras dezenas de fotografias foram tiradas.<\/p>\n\n\n\n<p>As ruas do equipamento, principalmente as localizadas no lado norte, foram tomadas por visitantes desde as primeiras horas da manh\u00e3. O dia de sol aberto contribuiu para que as pessoas fossem passar o domingo no Parque de Exposi\u00e7\u00e3o.<\/p>\n\n\n\n<p>Naquela \u00e1rea foi montado o Caminho da Ro\u00e7a, o palco onde os shows foram realizados, barracas de bebidas e comidas, e o parque de divers\u00f5es.<\/p>\n\n\n\n<p>O prefeito Jos\u00e9 Ronaldo de Carvalho disse que um dos pap\u00e9is da Expofeira \u00e9 oferecer uma op\u00e7\u00e3o de lazer para os feirenses. \u201cNeste ano, acredito que tivemos uma das maiores participa\u00e7\u00f5es populares dos tempos recentes. Pela quantidade, acredito que todos se divertiram.\u201d<\/p>\n\n\n\n<p class=\"has-text-align-left\">O secret\u00e1rio de Agricultura, Silvaney Ara\u00fajo, disse que a quantidade de visitantes superou as expectativas. \u201cOs feirenses acreditaram na volta do potencial da Expofeira. O evento correspondeu \u00e0 expectativa de todos.\u201d <em><strong>(SECOM\/PMFS)<\/strong><\/em><br><\/p>\n","protected":false},"excerpt":{"rendered":"<p>Tradicionalmente, o domingo \u00e9 o dia no qual os pais levam seus filhos, principalmente as&hellip;<\/p>\n","protected":false},"author":2,"featured_media":22646,"comment_status":"open","ping_status":"open","sticky":false,"template":"","format":"standard","meta":{"footnotes":""},"categories":[76,58],"tags":[],"class_list":["post-22645","post","type-post","status-publish","format-standard","has-post-thumbnail","hentry","category-agronegocios","category-feira-de-santana"],"_links":{"self":[{"href":"https:\/\/atitudenoticias.com.br\/index.php?rest_route=\/wp\/v2\/posts\/22645","targetHints":{"allow":["GET"]}}],"collection":[{"href":"https:\/\/atitudenoticias.com.br\/index.php?rest_route=\/wp\/v2\/posts"}],"about":[{"href":"https:\/\/atitudenoticias.com.br\/index.php?rest_route=\/wp\/v2\/types\/post"}],"author":[{"embeddable":true,"href":"https:\/\/atitudenoticias.com.br\/index.php?rest_route=\/wp\/v2\/users\/2"}],"replies":[{"embeddable":true,"href":"https:\/\/atitudenoticias.com.br\/index.php?rest_route=%2Fwp%2Fv2%2Fcomments&post=22645"}],"version-history":[{"count":1,"href":"https:\/\/atitudenoticias.com.br\/index.php?rest_route=\/wp\/v2\/posts\/22645\/revisions"}],"predecessor-version":[{"id":22647,"href":"https:\/\/atitudenoticias.com.br\/index.php?rest_route=\/wp\/v2\/posts\/22645\/revisions\/22647"}],"wp:featuredmedia":[{"embeddable":true,"href":"https:\/\/atitudenoticias.com.br\/index.php?rest_route=\/wp\/v2\/media\/22646"}],"wp:attachment":[{"href":"https:\/\/atitudenoticias.com.br\/index.php?rest_route=%2Fwp%2Fv2%2Fmedia&parent=22645"}],"wp:term":[{"taxonomy":"category","embeddable":true,"href":"https:\/\/atitudenoticias.com.br\/index.php?rest_route=%2Fwp%2Fv2%2Fcategories&post=22645"},{"taxonomy":"post_tag","embeddable":true,"href":"https:\/\/atitudenoticias.com.br\/index.php?rest_route=%2Fwp%2Fv2%2Ftags&post=22645"}],"curies":[{"name":"wp","href":"https:\/\/api.w.org\/{rel}","templated":true}]}}