{"id":22815,"date":"2025-09-26T18:30:25","date_gmt":"2025-09-26T21:30:25","guid":{"rendered":"http:\/\/atitudenoticias.com.br\/?p=22815"},"modified":"2025-09-26T18:30:27","modified_gmt":"2025-09-26T21:30:27","slug":"responsavel-por-imovel-abandonado-nao-deve-ter-reducao-de-multa-e-honorario-ao-quitar-debito-com-municipio-adverte-vereador-pedro-americo","status":"publish","type":"post","link":"https:\/\/atitudenoticias.com.br\/?p=22815","title":{"rendered":"Respons\u00e1vel por im\u00f3vel abandonado n\u00e3o deve ter redu\u00e7\u00e3o de multa e honor\u00e1rio ao quitar d\u00e9bito com Munic\u00edpio, adverte vereador Pedro Am\u00e9rico"},"content":{"rendered":"\n<p><\/p>\n\n\n\n<p>\u201cN\u00e3o se trata de uma isen\u00e7\u00e3o qualquer, mas de algo de suma import\u00e2ncia, pois se h\u00e1 d\u00e9bitos a serem recebidos, \u00e9 melhor que sejam retirados juros, multas e honor\u00e1rios advocat\u00edcios para tentar receb\u00ea-los da melhor forma\u201d. A afirma\u00e7\u00e3o \u00e9 do vereador Pedro Am\u00e9rico (Cidadania), ao comentar o projeto de autoria do Poder Executivo, aprovado em segunda vota\u00e7\u00e3o pela C\u00e2mara, propondo benef\u00edcios para que contribuinte em atraso com impostos junto \u00e0 Prefeitura, possa quit\u00e1-los. A mat\u00e9ria vai seguir agora para a san\u00e7\u00e3o do prefeito Jos\u00e9 Ronaldo. Segundo ele, se trata do maior programa de condi\u00e7\u00f5es especiais de quita\u00e7\u00e3o de d\u00e9bitos fiscais proposto pelo Munic\u00edpio. \u201cExiste um grande n\u00famero de pessoas e empresas que devem \u00e0 Prefeitura. Alguns desses d\u00e9bitos j\u00e1 est\u00e3o, inclusive, na justi\u00e7a\u201d, disse o vereador, favor\u00e1vel \u00e0 medida.<\/p>\n\n\n\n<p>\u201cEvidentemente, defendo a redu\u00e7\u00e3o de multas, juros e honor\u00e1rios advocat\u00edcios para quita\u00e7\u00e3o de d\u00e9bitos antigos e com valores altos\u201d, disse o vereador, que, no entanto, faz uma ressalva: que o benef\u00edcio n\u00e3o alcance pessoas que deixam seus terrenos e casas abandonadas, em diversos bairros da cidade, \u201cenchendo de lixo, servindo de pontos para usu\u00e1rios de drogas e prolifera\u00e7\u00e3o de insetos\u201d.<\/p>\n\n\n\n<p>Nesse sentido, chamou a aten\u00e7\u00e3o do presidente da C\u00e2mara Municipal, Marcos Lima (Uni\u00e3o), e do presidente da Comiss\u00e3o de Constitui\u00e7\u00e3o e Justi\u00e7a (CCJR) da Casa, Marcus Carvalhal (PL), para a lei complementar municipal n\u00b0 147\/2024, que trata sobre o IPTU progressivo.<\/p>\n\n\n\n<p>Para Pedro Am\u00e9rico , os respons\u00e1veis pelo problema precisam ser punidos, pois est\u00e3o travando o desenvolvimento da cidade. \u201cA lei citada impede a isen\u00e7\u00e3o dessas pessoas. Ent\u00e3o precisamos, de fato, saber a fun\u00e7\u00e3o real e social da propriedade\u201d, ressaltou. Pediu que seja enviado um of\u00edcio ao prefeito Jos\u00e9 Ronaldo e ao secret\u00e1rio da Fazenda, Expedito Eloy, sobre a lei que estabelece que pessoas respons\u00e1veis por terrenos abandonados n\u00e3o podem ter isen\u00e7\u00e3o, \u201cpois n\u00e3o podemos alimentar o mau exemplo\u201d.<em><strong> (ASCOM\/CMFS)<\/strong><\/em><\/p>\n","protected":false},"excerpt":{"rendered":"<p>\u201cN\u00e3o se trata de uma isen\u00e7\u00e3o qualquer, mas de algo de suma import\u00e2ncia, pois se&hellip;<\/p>\n","protected":false},"author":2,"featured_media":1642,"comment_status":"open","ping_status":"open","sticky":false,"template":"","format":"standard","meta":{"footnotes":""},"categories":[30],"tags":[],"class_list":["post-22815","post","type-post","status-publish","format-standard","has-post-thumbnail","hentry","category-politica"],"_links":{"self":[{"href":"https:\/\/atitudenoticias.com.br\/index.php?rest_route=\/wp\/v2\/posts\/22815","targetHints":{"allow":["GET"]}}],"collection":[{"href":"https:\/\/atitudenoticias.com.br\/index.php?rest_route=\/wp\/v2\/posts"}],"about":[{"href":"https:\/\/atitudenoticias.com.br\/index.php?rest_route=\/wp\/v2\/types\/post"}],"author":[{"embeddable":true,"href":"https:\/\/atitudenoticias.com.br\/index.php?rest_route=\/wp\/v2\/users\/2"}],"replies":[{"embeddable":true,"href":"https:\/\/atitudenoticias.com.br\/index.php?rest_route=%2Fwp%2Fv2%2Fcomments&post=22815"}],"version-history":[{"count":1,"href":"https:\/\/atitudenoticias.com.br\/index.php?rest_route=\/wp\/v2\/posts\/22815\/revisions"}],"predecessor-version":[{"id":22816,"href":"https:\/\/atitudenoticias.com.br\/index.php?rest_route=\/wp\/v2\/posts\/22815\/revisions\/22816"}],"wp:featuredmedia":[{"embeddable":true,"href":"https:\/\/atitudenoticias.com.br\/index.php?rest_route=\/wp\/v2\/media\/1642"}],"wp:attachment":[{"href":"https:\/\/atitudenoticias.com.br\/index.php?rest_route=%2Fwp%2Fv2%2Fmedia&parent=22815"}],"wp:term":[{"taxonomy":"category","embeddable":true,"href":"https:\/\/atitudenoticias.com.br\/index.php?rest_route=%2Fwp%2Fv2%2Fcategories&post=22815"},{"taxonomy":"post_tag","embeddable":true,"href":"https:\/\/atitudenoticias.com.br\/index.php?rest_route=%2Fwp%2Fv2%2Ftags&post=22815"}],"curies":[{"name":"wp","href":"https:\/\/api.w.org\/{rel}","templated":true}]}}