{"id":22830,"date":"2025-09-26T18:29:00","date_gmt":"2025-09-26T21:29:00","guid":{"rendered":"http:\/\/atitudenoticias.com.br\/?p=22830"},"modified":"2025-09-26T18:29:01","modified_gmt":"2025-09-26T21:29:01","slug":"bahia-pesca-beneficia-mais-de-10-mil-familias-com-recorde-de-alevinos","status":"publish","type":"post","link":"https:\/\/atitudenoticias.com.br\/?p=22830","title":{"rendered":"Bahia Pesca beneficia mais de 10 mil fam\u00edlias com recorde de alevinos"},"content":{"rendered":"\n<p class=\"has-text-align-center\"><strong><em>Empresa completa 43 anos de funda\u00e7\u00e3o no pr\u00f3ximo domingo, 28, e torna-se refer\u00eancia nacional<\/em><\/strong><\/p>\n\n\n\n<p>A Bahia Pesca<strong><a href=\"https:\/\/atarde.com.br\/?q=Bahia+Pesca&amp;d=1\" target=\"_blank\" rel=\"noreferrer noopener\">,<\/a>\u00a0<\/strong>\u00f3rg\u00e3o vinculado \u00e0 Secretaria Estadual de Agricultura, Pecu\u00e1ria, Irriga\u00e7\u00e3o, Pesca e Aquicultura (SEAGRI), completa 43 anos de funda\u00e7\u00e3o no pr\u00f3ximo domingo, 28, com uma trajet\u00f3ria de renova\u00e7\u00e3o e crescimento. A empresa se consolida como refer\u00eancia nacional na promo\u00e7\u00e3o de pol\u00edticas p\u00fablicas voltadas para o desenvolvimento sustent\u00e1vel da pesca e da aquicultura.<\/p>\n\n\n\n<p>A moderniza\u00e7\u00e3o do setor possibilitou um investimento recorde na doa\u00e7\u00e3o e produ\u00e7\u00e3o de alevinos que beneficiam \u00e0s fam\u00edlias de psicicultores baianos. Confira os n\u00fameros alcan\u00e7ados pela Bahia Pesca nos \u00faltimos dois anos:<\/p>\n\n\n\n<ul class=\"wp-block-list\">\n<li>Em 2023,\u00a0<strong>9.709 fam\u00edlias de piscicultores<\/strong>\u00a0foram beneficiadas com as doa\u00e7\u00f5es de mais de\u00a0<strong>5,5 milh\u00f5es de alevinos;<\/strong><\/li>\n\n\n\n<li>Em 2024, foram\u00a0<strong>10.774 fam\u00edlias beneficiadas<\/strong>\u00a0com os\u00a0<strong>8,5 milh\u00f5es de alevinos<\/strong>\u00a0doados pela empresa.<\/li>\n<\/ul>\n\n\n\n<p>A expectativa \u00e9 que em 2025 a Bahia Pesca mantenha o patamar de crescimento, j\u00e1 que somente de janeiro a agosto deste ano j\u00e1 foram contabilizados&nbsp;<strong>5,5 milh\u00f5es de alevinos<\/strong>&nbsp;distribu\u00eddos para&nbsp;<strong>6.824 produtores.<\/strong><\/p>\n\n\n\n<p>O trabalho da Bahia Pesca ainda vai al\u00e9m da produ\u00e7\u00e3o, fomentando oportunidades, emprego e inclus\u00e3o social por meio de projetos estruturantes:<\/p>\n\n\n\n<ul class=\"wp-block-list\">\n<li>O projeto\u00a0<strong>&#8220;Elas \u00e0 Frente da Pesca&#8221;<\/strong>\u00a0promove a inclus\u00e3o socioprodutiva de marisqueiras e pescadoras mediante a agrega\u00e7\u00e3o de valor \u00e0 produ\u00e7\u00e3o<\/li>\n\n\n\n<li>O\u00a0<strong>&#8220;Projeto F\u00eanix&#8221;<\/strong>\u00a0usa unidades de piscicultura em pres\u00eddios estaduais como ferramenta de ressocializa\u00e7\u00e3o de internos.<\/li>\n\n\n\n<li>O\u00a0<strong>projeto &#8220;Pu\u00e7\u00e1&#8221;<\/strong>\u00a0com foco no repovoamento do caranguejo e do guaiamun nos manguezais e na educa\u00e7\u00e3o ambiental das comunidades atendidas.<\/li>\n<\/ul>\n\n\n\n<p>Para conhecer mais de perto as demandas do setor produtivo, a empresa desenvolveu o Censo Estrutural da Piscicultura, que j\u00e1 mapeou os gargalos e as demandas de tr\u00eas dos principais polos de piscicultura do Estado, por meio de&nbsp;territ\u00f3rios de identidade:<\/p>\n\n\n\n<ul class=\"wp-block-list\">\n<li>Itaparica (Paulo Afonso e Gl\u00f3ria);<\/li>\n\n\n\n<li>Sert\u00e3o do S\u00e3o Francisco (Sobradinho e Casa Nova);<\/li>\n\n\n\n<li>Bacia do Rio Grande (Barreiras, Correntina, S\u00e3o Desid\u00e9rio).<\/li>\n<\/ul>\n\n\n\n<p>Este modelo de gest\u00e3o que defende o desenvolvimento sustent\u00e1vel atrav\u00e9s do equil\u00edbrio entre os pilares ambiental, social e econ\u00f4mico interligados, confere \u00e0 Bahia Pesca o prest\u00edgio indispens\u00e1vel \u00e0 realiza\u00e7\u00e3o de acordos de coopera\u00e7\u00e3o t\u00e9cnica com o Governo do Estado de Sergipe e in\u00fameras prefeituras baianas.<\/p>\n\n\n\n<p>Ao celebrar seus 43 anos, a Bahia Pesca reafirma o compromisso de seguir investindo na valoriza\u00e7\u00e3o da pesca artesanal e da aquicultura e de promover a inclus\u00e3o social, a produ\u00e7\u00e3o e o consumo sustent\u00e1veis de prote\u00edna animal de alto valor nutritivo para a mesa de milhares de fam\u00edlias baianas.<em><strong> (ATarde)<\/strong><\/em><\/p>\n","protected":false},"excerpt":{"rendered":"<p>Empresa completa 43 anos de funda\u00e7\u00e3o no pr\u00f3ximo domingo, 28, e torna-se refer\u00eancia nacional A&hellip;<\/p>\n","protected":false},"author":2,"featured_media":22831,"comment_status":"open","ping_status":"open","sticky":false,"template":"","format":"standard","meta":{"footnotes":""},"categories":[76,22],"tags":[],"class_list":["post-22830","post","type-post","status-publish","format-standard","has-post-thumbnail","hentry","category-agronegocios","category-bahia"],"_links":{"self":[{"href":"https:\/\/atitudenoticias.com.br\/index.php?rest_route=\/wp\/v2\/posts\/22830","targetHints":{"allow":["GET"]}}],"collection":[{"href":"https:\/\/atitudenoticias.com.br\/index.php?rest_route=\/wp\/v2\/posts"}],"about":[{"href":"https:\/\/atitudenoticias.com.br\/index.php?rest_route=\/wp\/v2\/types\/post"}],"author":[{"embeddable":true,"href":"https:\/\/atitudenoticias.com.br\/index.php?rest_route=\/wp\/v2\/users\/2"}],"replies":[{"embeddable":true,"href":"https:\/\/atitudenoticias.com.br\/index.php?rest_route=%2Fwp%2Fv2%2Fcomments&post=22830"}],"version-history":[{"count":1,"href":"https:\/\/atitudenoticias.com.br\/index.php?rest_route=\/wp\/v2\/posts\/22830\/revisions"}],"predecessor-version":[{"id":22832,"href":"https:\/\/atitudenoticias.com.br\/index.php?rest_route=\/wp\/v2\/posts\/22830\/revisions\/22832"}],"wp:featuredmedia":[{"embeddable":true,"href":"https:\/\/atitudenoticias.com.br\/index.php?rest_route=\/wp\/v2\/media\/22831"}],"wp:attachment":[{"href":"https:\/\/atitudenoticias.com.br\/index.php?rest_route=%2Fwp%2Fv2%2Fmedia&parent=22830"}],"wp:term":[{"taxonomy":"category","embeddable":true,"href":"https:\/\/atitudenoticias.com.br\/index.php?rest_route=%2Fwp%2Fv2%2Fcategories&post=22830"},{"taxonomy":"post_tag","embeddable":true,"href":"https:\/\/atitudenoticias.com.br\/index.php?rest_route=%2Fwp%2Fv2%2Ftags&post=22830"}],"curies":[{"name":"wp","href":"https:\/\/api.w.org\/{rel}","templated":true}]}}