{"id":22844,"date":"2025-09-27T18:36:33","date_gmt":"2025-09-27T21:36:33","guid":{"rendered":"http:\/\/atitudenoticias.com.br\/?p=22844"},"modified":"2025-09-29T18:37:12","modified_gmt":"2025-09-29T21:37:12","slug":"assinada-ordem-de-servico-para-construcao-da-oficina-ortopedica-no-parque-chua","status":"publish","type":"post","link":"https:\/\/atitudenoticias.com.br\/?p=22844","title":{"rendered":"Assinada ordem de servi\u00e7o para constru\u00e7\u00e3o da Oficina Ortop\u00e9dica no Parque Chu\u00e1"},"content":{"rendered":"\n<p class=\"has-text-align-center\"><em><strong>A unidade ser\u00e1 respons\u00e1vel pela produ\u00e7\u00e3o e ajuste de \u00f3rteses sob medida<\/strong><\/em><\/p>\n\n\n\n<p>Na manh\u00e3 deste s\u00e1bado (27), o prefeito Jos\u00e9 Ronaldo de Carvalho assinou a ordem de servi\u00e7o para o in\u00edcio das obras da Oficina Ortop\u00e9dica Municipal, que ser\u00e1 instalada no Parque Chu\u00e1, regi\u00e3o do Papagaio. O ato contou com a presen\u00e7a do secret\u00e1rio de Sa\u00fade, Rodrigo Matos, do superintendente da Superintend\u00eancia de Obras e Manuten\u00e7\u00e3o (SOMA), Jo\u00e3o Vianney, al\u00e9m de vereadores, secret\u00e1rios, lideran\u00e7as comunit\u00e1rias e moradores.<\/p>\n\n\n\n<p>A unidade ser\u00e1 respons\u00e1vel pela produ\u00e7\u00e3o e ajuste de \u00f3rteses sob medida, destinadas a pessoas com amputa\u00e7\u00f5es, deformidades ou sequelas neurol\u00f3gicas e ortop\u00e9dicas, oferecendo mais independ\u00eancia, inclus\u00e3o e qualidade de vida.<\/p>\n\n\n\n<p>\u201cObra que representa dignidade e esperan\u00e7a\u201d, afirma secret\u00e1rio de Sa\u00fade. Durante o evento, Rodrigo Matos, destacou o impacto da obra para a popula\u00e7\u00e3o.<\/p>\n\n\n\n<p>\u201cEssa obra representa dignidade, esperan\u00e7a e tudo de positivo na vida de pessoas que foram acometidas por um acidente ou por uma doen\u00e7a que resultou na perda de um membro. Um equipamento como esse devolve funcionalidade, permitindo que a pessoa volte a andar sem precisar de muletas ou outros acess\u00f3rios. Acessibilidade n\u00e3o pode ser s\u00f3 discurso, precisa se transformar em pr\u00e1tica\u201d, afirmou.<\/p>\n\n\n\n<p>Em sua fala, o prefeito Jos\u00e9 Ronaldo ressaltou que o equipamento ser\u00e1 mais um servi\u00e7o incorporado \u00e0 rede de sa\u00fade municipal. \u201cPouca gente sabe o que significa uma oficina ortop\u00e9dica. \u00c9 um servi\u00e7o de reabilita\u00e7\u00e3o que produz e ajusta \u00f3rteses sob medida, atendendo pessoas com amputa\u00e7\u00f5es, deformidades ou sequelas. A equipe vai avaliar, prescrever, fabricar, treinar o uso e fazer manuten\u00e7\u00e3o. O resultado ser\u00e1 mais independ\u00eancia, menos dor e mais inclus\u00e3o para a popula\u00e7\u00e3o\u201d, explicou.<\/p>\n\n\n\n<p>Moradores da regi\u00e3o acompanharam a assinatura da ordem de servi\u00e7o. A agente de endemias Maria do Carmo Bastos Valente, que reside h\u00e1 mais de quatro anos no Parque Chu\u00e1, destacou a import\u00e2ncia da obra. \u201cEu acho muito importante para a comunidade e para a cidade como um todo. Aqui pr\u00f3ximo sempre tivemos dificuldades para conseguir alguns atendimentos, e agora vai estar mais perto de n\u00f3s. Agrade\u00e7o a Deus, ao prefeito e a todos os envolvidos, porque esse equipamento vai fazer a diferen\u00e7a na vida de muita gente\u201d, afirmou.<\/p>\n\n\n\n<p>Com o in\u00edcio das obras, a expectativa \u00e9 que em breve a Oficina Ortop\u00e9dica esteja em funcionamento, oferecendo um servi\u00e7o ben\u00e9fico \u00e0 popula\u00e7\u00e3o de Feira de Santana e fortalecendo o cuidado com a sa\u00fade e a acessibilidade da popula\u00e7\u00e3o.<em><strong> (SECOM\/PMFS)<\/strong><\/em><\/p>\n","protected":false},"excerpt":{"rendered":"<p>A unidade ser\u00e1 respons\u00e1vel pela produ\u00e7\u00e3o e ajuste de \u00f3rteses sob medida Na manh\u00e3 deste&hellip;<\/p>\n","protected":false},"author":2,"featured_media":22845,"comment_status":"open","ping_status":"open","sticky":false,"template":"","format":"standard","meta":{"footnotes":""},"categories":[58,25],"tags":[],"class_list":["post-22844","post","type-post","status-publish","format-standard","has-post-thumbnail","hentry","category-feira-de-santana","category-saude"],"_links":{"self":[{"href":"https:\/\/atitudenoticias.com.br\/index.php?rest_route=\/wp\/v2\/posts\/22844","targetHints":{"allow":["GET"]}}],"collection":[{"href":"https:\/\/atitudenoticias.com.br\/index.php?rest_route=\/wp\/v2\/posts"}],"about":[{"href":"https:\/\/atitudenoticias.com.br\/index.php?rest_route=\/wp\/v2\/types\/post"}],"author":[{"embeddable":true,"href":"https:\/\/atitudenoticias.com.br\/index.php?rest_route=\/wp\/v2\/users\/2"}],"replies":[{"embeddable":true,"href":"https:\/\/atitudenoticias.com.br\/index.php?rest_route=%2Fwp%2Fv2%2Fcomments&post=22844"}],"version-history":[{"count":1,"href":"https:\/\/atitudenoticias.com.br\/index.php?rest_route=\/wp\/v2\/posts\/22844\/revisions"}],"predecessor-version":[{"id":22846,"href":"https:\/\/atitudenoticias.com.br\/index.php?rest_route=\/wp\/v2\/posts\/22844\/revisions\/22846"}],"wp:featuredmedia":[{"embeddable":true,"href":"https:\/\/atitudenoticias.com.br\/index.php?rest_route=\/wp\/v2\/media\/22845"}],"wp:attachment":[{"href":"https:\/\/atitudenoticias.com.br\/index.php?rest_route=%2Fwp%2Fv2%2Fmedia&parent=22844"}],"wp:term":[{"taxonomy":"category","embeddable":true,"href":"https:\/\/atitudenoticias.com.br\/index.php?rest_route=%2Fwp%2Fv2%2Fcategories&post=22844"},{"taxonomy":"post_tag","embeddable":true,"href":"https:\/\/atitudenoticias.com.br\/index.php?rest_route=%2Fwp%2Fv2%2Ftags&post=22844"}],"curies":[{"name":"wp","href":"https:\/\/api.w.org\/{rel}","templated":true}]}}