{"id":23212,"date":"2025-10-29T17:19:39","date_gmt":"2025-10-29T20:19:39","guid":{"rendered":"http:\/\/atitudenoticias.com.br\/?p=23212"},"modified":"2025-10-29T17:26:02","modified_gmt":"2025-10-29T20:26:02","slug":"deputados-da-bahia-viajam-para-europa-e-recebem-bolada-em-diarias","status":"publish","type":"post","link":"https:\/\/atitudenoticias.com.br\/?p=23212","title":{"rendered":"Deputados da Bahia viajam para Europa e recebem bolada em di\u00e1rias"},"content":{"rendered":"\n<p class=\"has-text-align-center\"><strong><em>Seis membros da Comiss\u00e3o de Agricultura e Pol\u00edtica Rural da Alba v\u00e3o participar do Sal\u00e3o do Chocolate de Paris, na Fran\u00e7a<\/em><\/strong><\/p>\n\n\n\n<p>Um grupo de deputados estaduais da Bahia vai receber uma verdadeira bolada em&nbsp;<strong><a href=\"https:\/\/www.bnews.com.br\/tags\/diarias\" rel=\"noreferrer noopener\" target=\"_blank\">di\u00e1rias<\/a>&nbsp;<\/strong>nesta semana. Uma comitiva embarcou na noite de segunda-feira (27) para a Europa, onde vai participar do Sal\u00e3o do Chocolate de Paris, na Fran\u00e7a, que acontece at\u00e9 o dia 1\u00ba de novembro.&nbsp;<\/p>\n\n\n\n<p>O coletivo \u00e9 formado por seis membros da Comiss\u00e3o de Agricultura e Pol\u00edtica Rural da&nbsp;<strong><a href=\"https:\/\/www.bnews.com.br\/tags\/alba\" rel=\"noreferrer noopener\" target=\"_blank\">Assembleia Legislativa da Bahia (Alba)<\/a><\/strong>. S\u00e3o eles: o presidente Manuel Rocha (Uni\u00e3o Brasil) e o vice Ricardo Rodrigues (PSD), Luciano Araujo (Solidariedade), Raimundinho da JR (PL), e os suplentes do colegiado, Marcinho Oliveira (Uni\u00e3o Brasil) e Paulo C\u00e2mara (PSDB).&nbsp;<\/p>\n\n\n\n<p>Em abril,\u00a0<strong><a href=\"https:\/\/www.bnews.com.br\/noticias\/politica\/alba-reajusta-diaria-de-deputados-que-passam-ganhar-ate-tres-salarios-para-viagens-fora-do-pais.html\" target=\"_blank\" rel=\"noreferrer noopener\">a Alba reajustou o valor das di\u00e1rias dos deputados quando em viagem a servi\u00e7o.<\/a><\/strong>\u00a0<strong>Em viagens para pa\u00edses da Europa, \u00c1sia e \u00c1frica cada parlamentar vai embolsar \u20ac$ 650,00, o equivalente a R$ 4 mil na cota\u00e7\u00e3o atual<\/strong>. No total, cada deputado ir\u00e1 receber cerca de R$24 mil em di\u00e1rias. Somados os custos de todos os parlamentares a conta vai para mmais de R$ 140 mil.<\/p>\n\n\n\n<p>De acordo com o site Pol\u00edtica Livre, os deputados viajaram no mesmo voo da primeira-dama da Bahia, Tatiana Velloso, e do secret\u00e1rio estadual de Turismo, Maur\u00edcio Bacelar, que representam o governo do Estado no evento. O governador Jer\u00f4nimo Rodrigues tamb\u00e9m iria,&nbsp;<strong><a href=\"https:\/\/www.bnews.com.br\/noticias\/economia-e-mercado\/durante-abertura-da-exposibram-jeronimo-rodrigues-destaca-evolucao-da-cbpm-diante-da-nova-gestao.html\" rel=\"noreferrer noopener\" target=\"_blank\">mas decidiu participar da abertura da Exposibram 2025, realizada no Centro de Conven\u00e7\u00f5es, na Boca do Rio.&nbsp;<\/a><\/strong><\/p>\n\n\n\n<p>Na capital francesa, o grupo se junta aos prefeitos Augusto Castro (PSD), de Itabuna, e Valderico J\u00fanior (Uni\u00e3o Brasil), de Ilh\u00e9us,\u00a0<strong>dois munic\u00edpios que concentram parte significativa da produ\u00e7\u00e3o de cacau no Brasil.<\/strong><em><strong> (BNews)<\/strong><\/em><\/p>\n","protected":false},"excerpt":{"rendered":"<p>Seis membros da Comiss\u00e3o de Agricultura e Pol\u00edtica Rural da Alba v\u00e3o participar do Sal\u00e3o&hellip;<\/p>\n","protected":false},"author":2,"featured_media":23213,"comment_status":"open","ping_status":"open","sticky":false,"template":"","format":"standard","meta":{"footnotes":""},"categories":[22,30],"tags":[],"class_list":["post-23212","post","type-post","status-publish","format-standard","has-post-thumbnail","hentry","category-bahia","category-politica"],"_links":{"self":[{"href":"https:\/\/atitudenoticias.com.br\/index.php?rest_route=\/wp\/v2\/posts\/23212","targetHints":{"allow":["GET"]}}],"collection":[{"href":"https:\/\/atitudenoticias.com.br\/index.php?rest_route=\/wp\/v2\/posts"}],"about":[{"href":"https:\/\/atitudenoticias.com.br\/index.php?rest_route=\/wp\/v2\/types\/post"}],"author":[{"embeddable":true,"href":"https:\/\/atitudenoticias.com.br\/index.php?rest_route=\/wp\/v2\/users\/2"}],"replies":[{"embeddable":true,"href":"https:\/\/atitudenoticias.com.br\/index.php?rest_route=%2Fwp%2Fv2%2Fcomments&post=23212"}],"version-history":[{"count":1,"href":"https:\/\/atitudenoticias.com.br\/index.php?rest_route=\/wp\/v2\/posts\/23212\/revisions"}],"predecessor-version":[{"id":23214,"href":"https:\/\/atitudenoticias.com.br\/index.php?rest_route=\/wp\/v2\/posts\/23212\/revisions\/23214"}],"wp:featuredmedia":[{"embeddable":true,"href":"https:\/\/atitudenoticias.com.br\/index.php?rest_route=\/wp\/v2\/media\/23213"}],"wp:attachment":[{"href":"https:\/\/atitudenoticias.com.br\/index.php?rest_route=%2Fwp%2Fv2%2Fmedia&parent=23212"}],"wp:term":[{"taxonomy":"category","embeddable":true,"href":"https:\/\/atitudenoticias.com.br\/index.php?rest_route=%2Fwp%2Fv2%2Fcategories&post=23212"},{"taxonomy":"post_tag","embeddable":true,"href":"https:\/\/atitudenoticias.com.br\/index.php?rest_route=%2Fwp%2Fv2%2Ftags&post=23212"}],"curies":[{"name":"wp","href":"https:\/\/api.w.org\/{rel}","templated":true}]}}