{"id":23233,"date":"2025-10-30T17:32:03","date_gmt":"2025-10-30T20:32:03","guid":{"rendered":"http:\/\/atitudenoticias.com.br\/?p=23233"},"modified":"2025-10-30T17:32:03","modified_gmt":"2025-10-30T20:32:03","slug":"novos-basculhantes-sao-incorporados-a-frota-da-coleta-de-lixo","status":"publish","type":"post","link":"https:\/\/atitudenoticias.com.br\/?p=23233","title":{"rendered":"Novos basculhantes s\u00e3o incorporados \u00e0 frota da coleta de lixo"},"content":{"rendered":"\n<p class=\"has-text-align-center wp-block-paragraph\"><em><strong>A incorpora\u00e7\u00e3o dos caminh\u00f5es foi realizada oficialmente na manh\u00e3 desta quinta-feira (30)<\/strong><\/em><\/p>\n\n\n\n<p class=\"wp-block-paragraph\">A frota dos caminh\u00f5es basculantes usados na coleta de lixo domiciliar de Feira de Santana ganhou sete ve\u00edculos novos. Al\u00e9m de reduzir a idade m\u00e9dia, a presta\u00e7\u00e3o do servi\u00e7o vai ganhar nova din\u00e2mica e efici\u00eancia. A incorpora\u00e7\u00e3o dos caminh\u00f5es foi realizada oficialmente na manh\u00e3 desta quinta-feira (30).<\/p>\n\n\n\n<p class=\"wp-block-paragraph\">O prefeito Jos\u00e9 Ronaldo de Carvalho destacou que a incorpora\u00e7\u00e3o de ve\u00edculos novos \u00e9 a garantia de que o servi\u00e7o, considerado essencial, vai continuar sendo prestado com a qualidade e pontualidade que a demanda exige. \u201cPesquisas internas mostram ser baixas as reclama\u00e7\u00f5es dos feirenses neste setor.\u201d<\/p>\n\n\n\n<p class=\"wp-block-paragraph\">Ele destacou que a Prefeitura trabalha para que o \u00edndice de satisfa\u00e7\u00e3o continue elevado, principalmente no tocante \u00e0 participa\u00e7\u00e3o ativa da sociedade. \u201cA gente pede aos feirenses que coloquem o lixo domiciliar nos pontos de coleta uma hora ou uma hora e meia antes da passagem do caminh\u00e3o.\u201d<\/p>\n\n\n\n<p class=\"wp-block-paragraph\">A frota municipal tem 26 ve\u00edculos, que diariamente coletam 600 toneladas apenas de lixo domiciliar. No centro, a retirada \u00e9 feita todos os dias, mas nos bairros \u00e9 alternada: \u00e0s segundas, quartas e sextas-feiras; e em outros, \u00e0s ter\u00e7as, quintas-feiras e aos s\u00e1bados.<\/p>\n\n\n\n<p class=\"wp-block-paragraph\">O secret\u00e1rio de Servi\u00e7os P\u00fablicos, Justiniano Fran\u00e7a, disse que os novos ve\u00edculos substituir\u00e3o os j\u00e1 existentes, sem aumento da frota. \u201cA quantidade atende \u00e0s necessidades atuais.\u201d Mas acrescentou que estuda-se a possibilidade de que basculantes retirados das rotas da cidade incrementem a coleta em alguns distritos.<\/p>\n\n\n\n<p class=\"wp-block-paragraph\">\u201cNos \u00faltimos anos, o n\u00famero de moradores dos distritos e povoados de Feira de Santana cresceu, e os servi\u00e7os, inclusive o da limpeza, devem acompanhar esta nova realidade. Da\u00ed a necessidade do aumento no n\u00famero de ve\u00edculos e de novas rotas. Estamos estudando todas as possibilidades.\u201d<\/p>\n\n\n\n<p class=\"wp-block-paragraph\">Estiveram presentes o chefe de Gabinete do Prefeito, Neto Bahia; o secret\u00e1rio de Comunica\u00e7\u00e3o, Joilton Freitas; e o superintendente da Sustentare no munic\u00edpio, respons\u00e1vel pela coleta, S\u00e9rgio Ojer. <em><strong>(SECOM\/PMFS)<\/strong><\/em><\/p>\n","protected":false},"excerpt":{"rendered":"<p>A incorpora\u00e7\u00e3o dos caminh\u00f5es foi realizada oficialmente na manh\u00e3 desta quinta-feira (30) A frota dos&hellip;<\/p>\n","protected":false},"author":2,"featured_media":23234,"comment_status":"open","ping_status":"open","sticky":false,"template":"","format":"standard","meta":{"footnotes":""},"categories":[58],"tags":[],"class_list":["post-23233","post","type-post","status-publish","format-standard","has-post-thumbnail","hentry","category-feira-de-santana"],"_links":{"self":[{"href":"https:\/\/atitudenoticias.com.br\/index.php?rest_route=\/wp\/v2\/posts\/23233","targetHints":{"allow":["GET"]}}],"collection":[{"href":"https:\/\/atitudenoticias.com.br\/index.php?rest_route=\/wp\/v2\/posts"}],"about":[{"href":"https:\/\/atitudenoticias.com.br\/index.php?rest_route=\/wp\/v2\/types\/post"}],"author":[{"embeddable":true,"href":"https:\/\/atitudenoticias.com.br\/index.php?rest_route=\/wp\/v2\/users\/2"}],"replies":[{"embeddable":true,"href":"https:\/\/atitudenoticias.com.br\/index.php?rest_route=%2Fwp%2Fv2%2Fcomments&post=23233"}],"version-history":[{"count":1,"href":"https:\/\/atitudenoticias.com.br\/index.php?rest_route=\/wp\/v2\/posts\/23233\/revisions"}],"predecessor-version":[{"id":23235,"href":"https:\/\/atitudenoticias.com.br\/index.php?rest_route=\/wp\/v2\/posts\/23233\/revisions\/23235"}],"wp:featuredmedia":[{"embeddable":true,"href":"https:\/\/atitudenoticias.com.br\/index.php?rest_route=\/wp\/v2\/media\/23234"}],"wp:attachment":[{"href":"https:\/\/atitudenoticias.com.br\/index.php?rest_route=%2Fwp%2Fv2%2Fmedia&parent=23233"}],"wp:term":[{"taxonomy":"category","embeddable":true,"href":"https:\/\/atitudenoticias.com.br\/index.php?rest_route=%2Fwp%2Fv2%2Fcategories&post=23233"},{"taxonomy":"post_tag","embeddable":true,"href":"https:\/\/atitudenoticias.com.br\/index.php?rest_route=%2Fwp%2Fv2%2Ftags&post=23233"}],"curies":[{"name":"wp","href":"https:\/\/api.w.org\/{rel}","templated":true}]}}